{"id":6134,"date":"2020-05-14T01:18:45","date_gmt":"2020-05-13T21:18:45","guid":{"rendered":"http:\/\/veteran.az\/?p=6134"},"modified":"2020-05-14T01:18:48","modified_gmt":"2020-05-13T21:18:48","slug":"susanin-isgali-zamani-abs-turkiy%c9%99nin-az%c9%99rbaycana-kom%c9%99k-etm%c9%99sin%c9%99-nec%c9%99-mane-olub","status":"publish","type":"post","link":"https:\/\/veteran.az\/?p=6134","title":{"rendered":"\u015eu\u015fan\u0131n i\u015f\u011fal\u0131 zaman\u0131 AB\u015e T\u00fcrkiy\u0259nin Az\u0259rbaycana k\u00f6m\u0259k etm\u0259sin\u0259 nec\u0259 mane olub?"},"content":{"rendered":"\n<p>Erm\u0259nil\u0259r \u015eu\u015fan\u0131 i\u015f\u011fal etdikd\u0259n sonra T\u00fcrkiy\u0259 r\u0259hb\u0259rliyi Erm\u0259nistana z\u0259rb\u0259 endirm\u0259k \u00fc\u00e7\u00fcn Az\u0259rbaycan\u0131 d\u0259st\u0259kl\u0259m\u0259k m\u0259qs\u0259dil\u0259 h\u0259rbi \u0259m\u0259liyyat ke\u00e7irm\u0259y\u0259 haz\u0131r idi.<\/p>\n\n\n\n<p>Axar.az x\u0259b\u0259r verir ki, erm\u0259ni politoloq Suren Sarkisyan bu bar\u0259d\u0259 \u00f6z Facebook s\u0259hif\u0259sind\u0259 yazaraq qeyd edib ki, bu m\u0259lumat \u00fcz\u0259 \u00e7\u0131xd\u0131qdan sonra AB\u015e prezidenti Corc Bu\u015f m\u0259s\u0259l\u0259y\u0259 m\u00fcdaxil\u0259 etdi.<\/p>\n\n\n\n<p>Onun s\u00f6zl\u0259rin\u0259 g\u00f6r\u0259, may\u0131n 10-da, y\u0259ni \u015eu\u015fan\u0131n i\u015f\u011fal\u0131ndan 2 g\u00fcn sonra, Bu\u015f T\u00fcrkiy\u0259ni Erm\u0259nistana qar\u015f\u0131 h\u0259rbi \u0259m\u0259liyyatdan \u00e7\u0259kinm\u0259y\u0259 \u00e7a\u011f\u0131r\u0131b. El\u0259 h\u0259min g\u00fcn onunla T\u00fcrkiy\u0259nin ba\u015f naziri S\u00fcleyman D\u0259mir\u0259l aras\u0131nda 11 d\u0259qiq\u0259lik telefon dan\u0131\u015f\u0131\u011f\u0131 zaman\u0131 Va\u015finqton r\u0259smi Ankaraya ultimatum formas\u0131nda t\u0259zyiq edib.<\/p>\n\n\n\n<p>&#171;Prezident Bu\u015f:&#187; M\u0259nim Da\u011fl\u0131q Qaraba\u011f m\u00fcnaqi\u015f\u0259si bar\u0259d\u0259 m\u0259lumat\u0131m var, mesaj\u0131n\u0131z\u0131 ald\u0131q. Biz s\u00fclh\u00fcn b\u0259rq\u0259rar olmas\u0131n\u0131 ist\u0259yirik. Siz\u0259 qar\u015f\u0131 daxild\u0259 t\u0259zyiq oldu\u011funu anlay\u0131ram. Sizi t\u0259mkinli olma\u011fa v\u0259 h\u0259rbi m\u00fcdaxil\u0259d\u0259n \u00e7\u0259kinm\u0259y\u0259 \u00e7a\u011f\u0131r\u0131ram. V\u0259ziyy\u0259t \u00e7ox m\u00fcr\u0259kk\u0259bdir&#187;.<\/p>\n\n\n\n<p>S\u00fcleyman D\u0259mir\u0259l: \u201c\u0130nsanlar\u0131m\u0131zdan s\u0259birli olmalar\u0131n\u0131 xahi\u015f ed\u0259c\u0259m. Onlara bildir\u0259c\u0259m ki, h\u0259rbi m\u00fcdaxil\u0259 m\u00fcmk\u00fcn deyil v\u0259 bu g\u00fcn problemi g\u00fcc yolu il\u0259 h\u0259ll ed\u0259 bilmirik. Biz Az\u0259rbaycanl\u0131 qarda\u015flar\u0131m\u0131zla birlikd\u0259 \u00e7al\u0131\u015faca\u011f\u0131q&#187;.<\/p>\n\n\n\n<p>Prezident Bu\u015f: &#171;\u00d6t\u0259n h\u0259ft\u0259nin sonu prezident Ter-Petrosyan m\u0259n\u0259 z\u0259ng etdi. Bildirdim ki, m\u00fcnaqi\u015f\u0259 s\u00fclh yolu il\u0259 nizamlanmal\u0131d\u0131r&#187;, erm\u0259ni politoloq s\u00f6yl\u0259yib.(axar.az)<\/p>\n","protected":false},"excerpt":{"rendered":"<p>Erm\u0259nil\u0259r \u015eu\u015fan\u0131 i\u015f\u011fal etdikd\u0259n sonra T\u00fcrkiy\u0259 r\u0259hb\u0259rliyi Erm\u0259nistana z\u0259rb\u0259 endirm\u0259k \u00fc\u00e7\u00fcn Az\u0259rbaycan\u0131 d\u0259st\u0259kl\u0259m\u0259k m\u0259qs\u0259dil\u0259 h\u0259rbi&#8230;<\/p>\n","protected":false},"author":3,"featured_media":0,"comment_status":"closed","ping_status":"closed","sticky":false,"template":"","format":"standard","meta":{"footnotes":""},"categories":[10],"tags":[],"class_list":["post-6134","post","type-post","status-publish","format-standard","hentry","category-avmvib"],"featured_image_urls":{"full":"","thumbnail":"","medium":"","medium_large":"","large":"","1536x1536":"","2048x2048":"","covernews-slider-full":"","covernews-slider-center":"","covernews-featured":"","covernews-medium":"","covernews-medium-square":""},"author_info":{"display_name":"Veteran.az","author_link":"https:\/\/veteran.az\/?author=3"},"category_info":"<a href=\"https:\/\/veteran.az\/?cat=10\" rel=\"category\">AVMV\u0130B<\/a>","tag_info":"AVMV\u0130B","comment_count":"0","_links":{"self":[{"href":"https:\/\/veteran.az\/index.php?rest_route=\/wp\/v2\/posts\/6134","targetHints":{"allow":["GET"]}}],"collection":[{"href":"https:\/\/veteran.az\/index.php?rest_route=\/wp\/v2\/posts"}],"about":[{"href":"https:\/\/veteran.az\/index.php?rest_route=\/wp\/v2\/types\/post"}],"author":[{"embeddable":true,"href":"https:\/\/veteran.az\/index.php?rest_route=\/wp\/v2\/users\/3"}],"replies":[{"embeddable":true,"href":"https:\/\/veteran.az\/index.php?rest_route=%2Fwp%2Fv2%2Fcomments&post=6134"}],"version-history":[{"count":1,"href":"https:\/\/veteran.az\/index.php?rest_route=\/wp\/v2\/posts\/6134\/revisions"}],"predecessor-version":[{"id":6136,"href":"https:\/\/veteran.az\/index.php?rest_route=\/wp\/v2\/posts\/6134\/revisions\/6136"}],"wp:attachment":[{"href":"https:\/\/veteran.az\/index.php?rest_route=%2Fwp%2Fv2%2Fmedia&parent=6134"}],"wp:term":[{"taxonomy":"category","embeddable":true,"href":"https:\/\/veteran.az\/index.php?rest_route=%2Fwp%2Fv2%2Fcategories&post=6134"},{"taxonomy":"post_tag","embeddable":true,"href":"https:\/\/veteran.az\/index.php?rest_route=%2Fwp%2Fv2%2Ftags&post=6134"}],"curies":[{"name":"wp","href":"https:\/\/api.w.org\/{rel}","templated":true}]}}