{"id":6103,"date":"2020-05-10T13:29:29","date_gmt":"2020-05-10T09:29:29","guid":{"rendered":"http:\/\/veteran.az\/?p=6103"},"modified":"2020-05-10T17:25:26","modified_gmt":"2020-05-10T13:25:26","slug":"cayk%c9%99nd-%c9%99m%c9%99liyyati","status":"publish","type":"post","link":"https:\/\/veteran.az\/?p=6103","title":{"rendered":"CAYK\u018fND \u018fM\u018fL\u0130YYATI"},"content":{"rendered":"\n<p> 1988-ci ilin noyabr ay\u0131ndan ba\u015flayaraq, V\u0259t\u0259nimizin ba\u015f\u0131n\u0131 qara buludlar b\u00fcr\u00fcd\u00fc. Erm\u0259nistanda steperat\u00e7\u0131lar\u0131n t\u00f6r\u0259tdikl\u0259ri v\u0259h\u015filik, q\u0259dim Az\u0259rbaycan torpaqlar\u0131ndan soyda\u015flar\u0131m\u0131z\u0131n b\u00fct\u00fcnl\u00fckl\u0259  qovulmas\u0131 il\u0259 n\u0259tic\u0259l\u0259ndi. <\/p>\n\n\n\n<p> 1990-c\u0131 ilin \u0259vv\u0259ll\u0259rdind\u0259 erm\u0259ni steperatizmin yeni dal\u011fas\u0131 Az\u0259rbaycan r\u0259hb\u0259rl\u0259rini erm\u0259ni quldurlar\u0131na qar\u015f\u0131 t\u0259cili t\u0259dbir gorm\u0259y\u0259 vadar etdi. Az\u0259rbaycan D\u0130N-i m\u0259rhum general-mayor M\u0259h\u0259mm\u0259d \u018fs\u0259dovun  r\u0259hb\u0259rliyi il\u0259 h\u0259m\u0259n ilin aprel ay\u0131nda <strong>X\u00dcSUS\u0130 T\u018fY\u0130NATLI M\u0130L\u0130S D\u018fST\u018fS\u0130 yarad\u0131ld\u0131.  <\/strong><\/p>\n\n\n\n<figure class=\"wp-block-image\"><img loading=\"lazy\" decoding=\"async\" width=\"501\" height=\"351\" src=\"http:\/\/veteran.az\/wp-content\/uploads\/2020\/05\/1b.jpg\" alt=\"\" class=\"wp-image-6107\" srcset=\"https:\/\/veteran.az\/wp-content\/uploads\/2020\/05\/1b.jpg 501w, https:\/\/veteran.az\/wp-content\/uploads\/2020\/05\/1b-300x210.jpg 300w\" sizes=\"auto, (max-width: 501px) 100vw, 501px\" \/><\/figure>\n\n\n\n<p>&#171;<strong>OMON<\/strong>&#187; kimi m\u0259\u015fhurla\u015fan xususi t\u0259yinatl\u0131 milis d\u0259st\u0259si 1990-1991-ci ill\u0259rd\u0259 \u0259n qaynar n\u00f6qt\u0259l\u0259r\u0259 ezam olunurdu. Erm\u0259nil\u0259rin \u0259n cox \u00e7\u0259kindiyi D\u00f6vl\u0259t qurumu idi.  \u00c7ayk\u0259nd \u0259m\u0259liyyat\u0131 strateji m\u0259qs\u0259d g\u00fcd\u00fcrd\u00fc. Qaraba\u011f\u0131n h\u00fcdudlar\u0131nda erm\u0259ni k\u0259ndl\u0259rini bo\u015faldan Az\u0259rbaycan h\u00f6kum\u0259ti f\u0259dail\u0259ri t\u0259crid edib, onlar\u0131n t\u0259chizat yollar\u0131n\u0131 k\u0259sm\u0259y\u0259 \u00e7al\u0131\u015f\u0131rd\u0131.<\/p>\n\n\n\n<p>  1991-ci ilin may ay\u0131nda erm\u0259ni quldurlar\u0131n\u0131n t\u0259chizat yollar\u0131n\u0131 k\u0259sm\u0259k pasport rejimini yoxlamaq m\u0259qs\u0259di il\u0259,  D\u0130 naziri m\u0259rhum General-mayor M\u0259h\u0259mm\u0259d \u018fs\u0259dovun g\u00f6st\u0259ri\u015fin\u0259 \u0259sas\u0259n D\u0130 nazirinin m\u00fcavini Ramiz Xasrovi\u00e7in \u0259m\u0259liyyat plan\u0131 haz\u0131rland\u0131.  OMON-un komandiri r\u0259hm\u0259tlik \u018fbil Rzayev\u0259 \u00c7ayk\u0259nd k\u0259ndind\u0259 pasport rejiminin yoxlan\u0131lmas\u0131 \u0259mri verildi. Bu \u0259m\u0259liyyatda i\u015ftirak ed\u0259n zabitl\u0259rin adlar\u0131n\u0131 x\u00fcsusi il\u0259 qeyd etm\u0259k ist\u0259rdim. Elmar H\u00fcseynov, \u0130lham R\u00fcst\u0259mov, Vaqif \u018fsk\u0259rov v\u0259 s.<\/p>\n\n\n\n<figure class=\"wp-block-image\"><img decoding=\"async\" src=\"http:\/\/veteran.az\/wp-content\/uploads\/2020\/05\/1\u00fc.jpg\" alt=\"\" class=\"wp-image-6104\"\/><\/figure>\n\n\n\n<p> \u018fm\u0259liyyata b\u00f6y\u00fck d\u0259st\u0259k olan G\u0259nc\u0259 Milis r\u0259isi polkovnik Eldar H\u0259s\u0259nov D\u0130N-in m\u00fcavini Tal\u0131bov Natiq Mamedovic, X\u00dcSUS\u0130 M\u0130L\u0130S MOTO batalyon komandiri kapitan Zavarski. <\/p>\n\n\n\n<figure class=\"wp-block-image\"><img loading=\"lazy\" decoding=\"async\" width=\"341\" height=\"238\" src=\"http:\/\/veteran.az\/wp-content\/uploads\/2020\/05\/2b.jpg\" alt=\"\" class=\"wp-image-6105\" srcset=\"https:\/\/veteran.az\/wp-content\/uploads\/2020\/05\/2b.jpg 341w, https:\/\/veteran.az\/wp-content\/uploads\/2020\/05\/2b-300x209.jpg 300w\" sizes=\"auto, (max-width: 341px) 100vw, 341px\" \/><\/figure>\n\n\n\n<p>Haz\u0131rda Az\u0259rbaycan torpaqlar\u0131n\u0131n 20%-i d\u00fc\u015fm\u0259n  i\u015f\u011fal\u0131 alt\u0131ndad\u0131r. H\u0259l\u0259lik g\u00fcc \u0259dal\u0259t\u0259 \u00fcst\u00fcn g\u0259lib. Y\u0259ni, atalar demi\u015fk\u0259n &#171;Arxal\u0131 k\u00f6p\u0259k qurd basar&#187;. <\/p>\n\n\n\n<figure class=\"wp-block-image\"><img decoding=\"async\" src=\"http:\/\/veteran.az\/wp-content\/uploads\/2020\/05\/2\u00fc.jpg\" alt=\"\" class=\"wp-image-6106\"\/><\/figure>\n\n\n\n<p>D\u0131\u011falar bu i\u015f\u011faldan f\u0259xrl\u0259 dan\u0131\u015f\u0131rlar. B\u00fct\u00fcn d\u00fcnya bilir ki erm\u0259nil\u0259r torpa\u011flar\u0131m\u0131z\u0131 rus qo\u015funlar\u0131n\u0131n k\u00f6m\u0259kliyi il\u0259 i\u015f\u011fal edibl\u0259r. Bu sava\u015fda onlar v\u0259h\u015filik v\u0259 quldurluqla ad qazand\u0131lar.  \u00c7ayk\u0259nd \u0259m\u0259liyyat\u0131 Qaraba\u011f m\u00fcnaqi\u015f\u0259sinin a\u00e7\u0131q, h\u0259rbi m\u0259rh\u0259l\u0259sinin ba\u015flan\u011f\u0131c\u0131 oldu. Britaniyal\u0131 jurnalist Tomas de Vaal\u0131n fikrinc\u0259, bu \u0259m\u0259liyyat \u00f6z\u00fc-\u00f6zl\u00fcy\u00fcnd\u0259 &#171;sovet d\u00f6vr\u00fcn\u00fcn ilk v\u0259 son v\u0259t\u0259nda\u015f m\u00fcharib\u0259si&#187; idi, \u00e7\u00fcnki, Sovet Ordusunun hiss\u0259l\u0259ri, el\u0259 Sovet \u0259razisind\u0259 h\u0259rbi \u0259m\u0259liyyatlar apar\u0131rd\u0131lar.  <\/p>\n\n\n\n<p><strong>Q\u0259l\u0259b\u0259 bizi s\u0259sl\u0259yir, Az\u0259rbaycan \u0259sg\u0259ri!<\/strong> <\/p>\n\n\n\n<p><strong>Tanr\u0131 yard\u0131m\u00e7\u0131n\u0131z olsun!<\/strong><\/p>\n\n\n\n<figure class=\"wp-block-image is-resized\"><img loading=\"lazy\" decoding=\"async\" src=\"https:\/\/scontent.fgyd4-2.fna.fbcdn.net\/v\/t1.15752-9\/91800264_897727920671125_4477460847249063936_n.jpg?_nc_cat=108&amp;_nc_sid=b96e70&amp;_nc_ohc=rzzST-YE_RIAX-4OW-Y&amp;_nc_ht=scontent.fgyd4-2.fna&amp;oh=5579f4215bce4531444c12470adb9317&amp;oe=5EDBFCD3\" alt=\"\" width=\"180\" height=\"135\"\/><\/figure>\n\n\n\n<p><strong>Sadiq Q\u0259dirli <\/strong><\/p>\n","protected":false},"excerpt":{"rendered":"<p>1988-ci ilin noyabr ay\u0131ndan ba\u015flayaraq, V\u0259t\u0259nimizin ba\u015f\u0131n\u0131 qara buludlar b\u00fcr\u00fcd\u00fc. Erm\u0259nistanda steperat\u00e7\u0131lar\u0131n t\u00f6r\u0259tdikl\u0259ri v\u0259h\u015filik, q\u0259dim&#8230;<\/p>\n","protected":false},"author":3,"featured_media":6108,"comment_status":"closed","ping_status":"closed","sticky":false,"template":"","format":"standard","meta":{"footnotes":""},"categories":[12],"tags":[],"class_list":["post-6103","post","type-post","status-publish","format-standard","has-post-thumbnail","hentry","category-veteran"],"featured_image_urls":{"full":["https:\/\/veteran.az\/wp-content\/uploads\/2020\/05\/95949917_545564603021360_2677340277110210560_n.jpg",384,259,false],"thumbnail":["https:\/\/veteran.az\/wp-content\/uploads\/2020\/05\/95949917_545564603021360_2677340277110210560_n-150x150.jpg",150,150,true],"medium":["https:\/\/veteran.az\/wp-content\/uploads\/2020\/05\/95949917_545564603021360_2677340277110210560_n-300x202.jpg",300,202,true],"medium_large":["https:\/\/veteran.az\/wp-content\/uploads\/2020\/05\/95949917_545564603021360_2677340277110210560_n.jpg",384,259,false],"large":["https:\/\/veteran.az\/wp-content\/uploads\/2020\/05\/95949917_545564603021360_2677340277110210560_n.jpg",384,259,false],"1536x1536":["https:\/\/veteran.az\/wp-content\/uploads\/2020\/05\/95949917_545564603021360_2677340277110210560_n.jpg",384,259,false],"2048x2048":["https:\/\/veteran.az\/wp-content\/uploads\/2020\/05\/95949917_545564603021360_2677340277110210560_n.jpg",384,259,false],"covernews-slider-full":["https:\/\/veteran.az\/wp-content\/uploads\/2020\/05\/95949917_545564603021360_2677340277110210560_n.jpg",384,259,false],"covernews-slider-center":["https:\/\/veteran.az\/wp-content\/uploads\/2020\/05\/95949917_545564603021360_2677340277110210560_n.jpg",384,259,false],"covernews-featured":["https:\/\/veteran.az\/wp-content\/uploads\/2020\/05\/95949917_545564603021360_2677340277110210560_n.jpg",384,259,false],"covernews-medium":["https:\/\/veteran.az\/wp-content\/uploads\/2020\/05\/95949917_545564603021360_2677340277110210560_n.jpg",384,259,false],"covernews-medium-square":["https:\/\/veteran.az\/wp-content\/uploads\/2020\/05\/95949917_545564603021360_2677340277110210560_n.jpg",371,250,false]},"author_info":{"display_name":"Veteran.az","author_link":"https:\/\/veteran.az\/?author=3"},"category_info":"<a href=\"https:\/\/veteran.az\/?cat=12\" rel=\"category\">Veteran d\u00fcnyas\u0131<\/a>","tag_info":"Veteran d\u00fcnyas\u0131","comment_count":"0","_links":{"self":[{"href":"https:\/\/veteran.az\/index.php?rest_route=\/wp\/v2\/posts\/6103","targetHints":{"allow":["GET"]}}],"collection":[{"href":"https:\/\/veteran.az\/index.php?rest_route=\/wp\/v2\/posts"}],"about":[{"href":"https:\/\/veteran.az\/index.php?rest_route=\/wp\/v2\/types\/post"}],"author":[{"embeddable":true,"href":"https:\/\/veteran.az\/index.php?rest_route=\/wp\/v2\/users\/3"}],"replies":[{"embeddable":true,"href":"https:\/\/veteran.az\/index.php?rest_route=%2Fwp%2Fv2%2Fcomments&post=6103"}],"version-history":[{"count":1,"href":"https:\/\/veteran.az\/index.php?rest_route=\/wp\/v2\/posts\/6103\/revisions"}],"predecessor-version":[{"id":6109,"href":"https:\/\/veteran.az\/index.php?rest_route=\/wp\/v2\/posts\/6103\/revisions\/6109"}],"wp:featuredmedia":[{"embeddable":true,"href":"https:\/\/veteran.az\/index.php?rest_route=\/wp\/v2\/media\/6108"}],"wp:attachment":[{"href":"https:\/\/veteran.az\/index.php?rest_route=%2Fwp%2Fv2%2Fmedia&parent=6103"}],"wp:term":[{"taxonomy":"category","embeddable":true,"href":"https:\/\/veteran.az\/index.php?rest_route=%2Fwp%2Fv2%2Fcategories&post=6103"},{"taxonomy":"post_tag","embeddable":true,"href":"https:\/\/veteran.az\/index.php?rest_route=%2Fwp%2Fv2%2Ftags&post=6103"}],"curies":[{"name":"wp","href":"https:\/\/api.w.org\/{rel}","templated":true}]}}