{"id":6089,"date":"2023-08-06T19:40:28","date_gmt":"2023-08-06T15:40:28","guid":{"rendered":"http:\/\/veteran.az\/?p=6089"},"modified":"2023-08-09T19:40:34","modified_gmt":"2023-08-09T15:40:34","slug":"hitlerin-turkl%c9%99rd%c9%99n-ogurladigi-oz-tamgasi-fotolar","status":"publish","type":"post","link":"https:\/\/veteran.az\/?p=6089","title":{"rendered":"Hitlerin t\u00fcrkl\u0259rd\u0259n o\u011furlad\u0131\u011f\u0131 &#171;\u00d6Z&#187; tam\u011fas\u0131-FOTOLAR"},"content":{"rendered":"\n<p>\n\nHitler, \u00fcst\u00fcn irq iddias\u0131 il\u0259 d\u00fcnyaya hakim olmaq \u00fc\u00e7\u00fcn bir qaynaq axtar\u0131rd\u0131. O d\u00f6vrd\u0259 ir\u0259li s\u00fcr\u00fcl\u0259n Hind-Avropal\u0131 sivilizasiyana sar\u0131ld\u0131 v\u0259 hind-german adland\u0131raca\u011f\u0131 bir imperiya qurmaq ist\u0259diyini bildirdi. O vaxtlar, n\u00fcmun\u0259 olaraq, Hindistanda v\u0259 Tibetd\u0259 i\u015fl\u0259n\u0259n qamal\u0131 xa\u00e7 formal\u0131 svastikan\u0131 g\u00f6t\u00fcrd\u00fc v\u0259 natsistl\u0259rin simvoluna \u00e7evirdi\u0131.<\/p>\n\n\n\n<p><strong>Qa\u015fqarda T\u00fcrk kiliml\u0259rind\u0259 &#171;Oz&#187; Tam\u011fas\u0131<\/strong><\/p>\n\n\n\n<p>Ancaq bu tam\u011fa T\u00fcrk k\u00f6\u00e7\u0259ril\u0259ri vasit\u0259sil\u0259 Hindistana getdiyi m\u0259lumdur v\u0259 \u00fcmumiyy\u0259tl\u0259 yerl\u0259\u015fdiyi b\u00f6lg\u0259l\u0259r q\u0259dim t\u00fcrk b\u00f6lg\u0259l\u0259ri, T\u00fcrk k\u00f6\u00e7\u0259ri yollar\u0131 \u00fcz\u0259rind\u0259 yerl\u0259\u015fir. Bundan ba\u015fqa, m\u0259d\u0259niyy\u0259tin davaml\u0131l\u0131\u011f\u0131 yaln\u0131z t\u00fcrkl\u0259rd\u0259 izl\u0259nilir. M\u0259s\u0259l\u0259n, Tibetd\u0259n Romaya, q\u0259dim Yunan\u0131standan Yaponiyaya q\u0259d\u0259r bir \u00e7ox m\u0259d\u0259niyy\u0259t v\u0259 sivilizasiya simvollar\u0131 b\u0259z\u0259kl\u0259r kimi istifad\u0259 edilmi\u015fdir. Bu tam\u011fa yaln\u0131z T\u00fcrk b\u00f6lg\u0259l\u0259rind\u0259 davaml\u0131l\u0131\u011f\u0131n olmas\u0131n\u0131 g\u00f6st\u0259rir.<\/p>\n\n\n\n<p>&#171;OZ&#187; Tamqas\u0131, T\u00fcrk mill\u0259tinin minl\u0259rl\u0259 ildir istifad\u0259 etdiyi bir i\u015far\u0259dir. Bu, t\u0259bi\u0259t d\u00f6vriliyin\u0259, Tanr\u0131ya qay\u0131d\u0131\u015fa i\u015far\u0259dir. Bu simvol erk\u0259n d\u00f6vrl\u0259rd\u0259 Anadoluya daxil olan T\u00fcrkl\u0259rin q\u0259birl\u0259rind\u0259, S\u0259lcuqlu Memarl\u0131\u011f\u0131nda v\u0259 yax\u0131n tarixd\u0259 Alevi m\u0259zar da\u015flar\u0131nda istifad\u0259 edilmi\u015fdir.<\/p>\n\n\n\n<p>\u00d6n T\u00fcrkc\u0259d\u0259 t\u0259rsin\u0259 (L) h\u0259rfi &#171;OG&#187; dam\u011fas\u0131d\u0131r. Anlam\u0131na g\u0259l\u0131inc\u0259 is\u0259 f\u0259ls\u0259fi-y\u00fcks\u0259k d\u00fc\u015f\u00fcnc\u0259, y\u0259ni Tanr\u0131ya \u00e7atmaq \u00fc\u00e7\u00fcn laz\u0131m olan d\u00fc\u015f\u00fcnc\u0259 dem\u0259kdir.<\/p>\n\n\n\n<p>\u00d6n atalar\u0131m\u0131z 4 \u0259d\u0259d &#171;\u00d6G&#187; dam\u011fas\u0131n\u0131 birl\u0259\u015fdir\u0259r\u0259k u\u00e7lardan xa\u00e7 \u015f\u0259klind\u0259 formala\u015fd\u0131rd\u0131lar. 4 \u0259d\u0259di d\u00f6rd d\u00fcnyaya aiddir, y\u0259ni 4 al\u0259md\u0259 Tanr\u0131ya \u00e7atma d\u00fc\u015f\u00fcnc\u0259sin\u0259 yetm\u0259k dem\u0259kdir.<br><\/p>\n\n\n\n<figure class=\"wp-block-image\"><img decoding=\"async\" src=\"http:\/\/fedai.az\/arxiv\/www.fedai.az\/www.fedai.az\/i.resimyukle.xyz\/WKUV4C.png\" alt=\"Hitlerin t\u00fcrkl\u0259rd\u0259n o\u011furlad\u0131\u011f\u0131 &quot;\u00d6Z&quot; tam\u011fas\u0131-FOTOLAR\"\/><\/figure>\n\n\n\n<p>Xa\u00e7 deyil\u0259n forma, \u00d6n-T\u00fcrkc\u0259d\u0259 &#171;OQ&#187; dam\u011fas\u0131d\u0131r. G\u00fcnahs\u0131z olmaq dem\u0259kdir. IV \u0259srd\u0259 Vatikan t\u0259r\u0259find\u0259n q\u0259bul edilmi\u015fdir.<\/p>\n\n\n\n<p>Qeyd-Fedai.az: El\u0259 h\u0259min ild\u0259 Nestor \u00e7\u0131x\u0131\u015f ed\u0259r\u0259k bu T\u00fcrk idollar\u0131n\u0131n kils\u0259l\u0259rd\u0259n y\u0131\u011f\u0131\u015fd\u0131r\u0131lmas\u0131na \u00e7a\u011f\u0131rm\u0131\u015fd\u0131 v\u0259 bu \u00e7a\u011f\u0131r\u0131\u015fa g\u00f6r\u0259 \u00f6lk\u0259d\u0259n qovularaq Az\u0259rbaycan\u0131n Mara\u011fa \u015f\u0259h\u0259rin\u0259 qa\u00e7\u0131b s\u0131\u011f\u0131nm\u0131\u015fd\u0131&#8230;<\/p>\n\n\n\n<p>\u018fslind\u0259, bu forma xa\u00e7 deyil, &#171;\u00d6Z&#187; tam\u011fas\u0131d\u0131r. \u018fl i\u015fl\u0259rind\u0259 bu \u015f\u0259kil \u0259sas\u0259n 5 qollu verilir v\u0259 ad\u0131 da &#171;yanar-d\u00f6n\u0259r&#187; adlanar. \u00c7\u00fcnki forma bir d\u00f6nm\u0259 hissi verir. Bu &#171;\u00d6Z&#187; tam\u011fas\u0131 Ruhun Tanr\u0131ya d\u00f6nm\u0259sini ifad\u0259 ed\u0259r.<\/p>\n\n\n\n<p>Kandira x\u0259zin\u0259sind\u0259ki 123 par\u00e7a sikk\u0259 \u00fcz\u0259rind\u0259 bu \u00d6n-T\u00fcrk tam\u011fas\u0131n\u0131 tap\u0131r\u0131q (Prof. M.Tekin, Bizans Sikkeleri, Yap\u0131 Kredi Bank\u0131). Ara\u015fd\u0131rma\u00e7\u0131lar bu tam\u011fan\u0131 &#171;yel d\u0259yirman\u0131&#187; olaraq qiym\u0259tl\u0259ndirmi\u015fl\u0259r.<\/p>\n\n\n\n<p>\u0130stanbul Arxeologiya Muzeyind\u0259 Bizans sikk\u0259l\u0259ri adl\u0131 1 n\u00f6mr\u0259 il\u0259 qeyd olunan sikk\u0259l\u0259r d\u0259 bu tam\u011fan\u0131 da\u015f\u0131y\u0131r (Prof. A. Alpay, \u0130stanbul Ar\u015f., Mu\u015f Turizm, 1995).<\/p>\n\n\n\n<p>M.\u00d6. 500-c\u00fc il tarixi verilmi\u015f bu sikk\u0259l\u0259r, bu tarixd\u0259 Bizansl\u0131lar\u0131n deyil, \u0259vv\u0259lc\u0259d\u0259n atalar\u0131m\u0131z\u0131n \u0130stanbulda oldu\u011funu g\u00f6st\u0259rir.<\/p>\n\n\n\n<p>Bu sikk\u0259l\u0259rin dig\u0259r t\u0259r\u0259find\u0259 is\u0259 \u00d6n-T\u00fcrk &#171;OY-\u00d6G\u00dcY&#187;, y\u0259ni hesablama qabiliyy\u0259ti yaz\u0131l\u0131r (K. Mir\u015fan).<\/p>\n\n\n\n<p>&#171;\u00d6Z&#187; tam\u011fas\u0131 \u015f\u0259klind\u0259 i\u015fl\u0259nmi\u015f bu &#171;OG&#187; tam\u011falar\u0131 bizim kilim v\u0259 xal\u00e7alar\u0131m\u0131zda da m\u00f6vcuddur.<\/p>\n\n\n\n<p><strong>Amasya Hatuniye M\u0259scidind\u0259 &#171;\u00d6z&#187; Tam\u011fal\u0131 xal\u00e7a (\u015f\u0259kil).<\/strong><\/p>\n\n\n\n<p>Haluk Tarcana g\u00f6r\u0259, xa\u00e7 simvolunda olan \u0259ski m\u0259d\u0259niyy\u0259t T\u00fcrkl\u0259r\u0259 m\u0259xsusdur. &#171;\u00d6Z&#187; tam\u011fas\u0131 a\u015fa\u011f\u0131dak\u0131 kimi Avropa dill\u0259rind\u0259 s\u0259sl\u0259nir.<\/p>\n\n\n\n<p><strong><em>\u0130ngilisc\u0259 crOSs<br>lat\u0131nca croOCe<br>Germanca kreUZ<br>Yunanca stavrOSReed<\/em><\/strong><\/p>\n\n\n\n<p>Saz a\u015f\u0131qlar\u0131 da sazlar\u0131 il\u0259 ozla\u015fd\u0131r\u0131r. Tanr\u0131ya qovu\u015furlar. Buna g\u00f6r\u0259 d\u0259 saz a\u015f\u0131qlar\u0131na OZan deyilir.<\/p>\n\n\n\n<p>Ozla\u015faraq , e\u015fq at\u0259\u015fiyl\u0259 yanaraq Tanr\u0131lya qovu\u015fmaq fikri Hac\u0131 Bekta\u015f V\u0259li v\u0259 Yunus Emrel\u0259ri Anadoluya g\u00f6nd\u0259r\u0259n \u018fhm\u0259d Y\u0259s\u0259vi&#8217;nin \u0259sas f\u0259ls\u0259f\u0259sidir. \u018fhm\u0259d Y\u0259s\u0259vi \u00fc\u00e7\u00fcn tikilmi\u015f kompleksin \u0259sas b\u0259z\u0259k nax\u0131\u015flar\u0131 da tam \u00d6Z tam\u011fas\u0131 t\u0259\u015fkil edir.<\/p>\n\n\n\n<p><strong>\u0130RFAN KAYGISIZ \u00b7<br>T\u00fcrkiy\u0259<\/strong><\/p>\n\n\n\n<p><strong>P.S. Etr\u00fcskl\u0259rd\u0259, saklarda, Altaylarda, Qobustanda v\u0259 qeyri b\u00fct\u00fcn t\u00fcrkl\u0259rd\u0259 &#171;\u00d6Z&#187; tam\u011fas\u0131n\u0131n izl\u0259ri g\u00fcn\u00fcm\u00fcz\u0259d\u0259k g\u0259lm\u0259kd\u0259dir. Sad\u0259c\u0259 bu simvolumuzu fa\u015fizm m\u0259hv etdi v\u0259 l\u0259k\u0259l\u0259di. Amma Tanr\u0131n\u0131n l\u00fctfiyl\u0259 bu g\u00fcn d\u00fcnyaya h\u00f6kmranl\u0131q ed\u0259n xristianlar t\u00fcrk tam\u011fas\u0131n\u0131 \u00f6pm\u0259y\u0259 m\u0259hkum edilmi\u015fl\u0259r. H\u0259l\u0259 min ill\u0259r \u00f6nc\u0259 d\u0259 bu tam\u011fadan istifad\u0259 edildiyini t\u0259sbit ed\u0259n arxeoloji tap\u0131nt\u0131lar m\u00f6vcuddur&#8230;<\/strong><br><\/p>\n\n\n\n<figure class=\"wp-block-image\"><img decoding=\"async\" src=\"http:\/\/veteran.az\/wp-content\/uploads\/2020\/05\/18301428_10212755461539903_7465694788181140100_n.jpg\" alt=\"\" class=\"wp-image-6091\"\/><\/figure>\n\n\n\n<figure class=\"wp-block-image\"><img decoding=\"async\" src=\"http:\/\/fedai.az\/arxiv\/www.fedai.az\/www.fedai.az\/i.resimyukle.xyz\/I8HRxJ.png\" alt=\"Hitlerin t\u00fcrkl\u0259rd\u0259n o\u011furlad\u0131\u011f\u0131 &quot;\u00d6Z&quot; tam\u011fas\u0131-FOTOLAR\"\/><\/figure>\n\n\n\n<figure class=\"wp-block-image\"><img decoding=\"async\" src=\"http:\/\/fedai.az\/arxiv\/www.fedai.az\/www.fedai.az\/i.resimyukle.xyz\/QOSTUG.png\" alt=\"Hitlerin t\u00fcrkl\u0259rd\u0259n o\u011furlad\u0131\u011f\u0131 &quot;\u00d6Z&quot; tam\u011fas\u0131-FOTOLAR\"\/><\/figure>\n\n\n\n<figure class=\"wp-block-image\"><img decoding=\"async\" src=\"http:\/\/fedai.az\/arxiv\/www.fedai.az\/www.fedai.az\/i.resimyukle.xyz\/TM96U3.png\" alt=\"Hitlerin t\u00fcrkl\u0259rd\u0259n o\u011furlad\u0131\u011f\u0131 &quot;\u00d6Z&quot; tam\u011fas\u0131-FOTOLAR\"\/><\/figure>\n\n\n\n<figure class=\"wp-block-image\"><img decoding=\"async\" src=\"http:\/\/fedai.az\/arxiv\/www.fedai.az\/www.fedai.az\/i.resimyukle.xyz\/eeax7R.png\" alt=\"Hitlerin t\u00fcrkl\u0259rd\u0259n o\u011furlad\u0131\u011f\u0131 &quot;\u00d6Z&quot; tam\u011fas\u0131-FOTOLAR\"\/><\/figure>\n\n\n\n<figure class=\"wp-block-image\"><img decoding=\"async\" src=\"http:\/\/fedai.az\/arxiv\/www.fedai.az\/www.fedai.az\/i.resimyukle.xyz\/UO33W1.png\" alt=\"Hitlerin t\u00fcrkl\u0259rd\u0259n o\u011furlad\u0131\u011f\u0131 &quot;\u00d6Z&quot; tam\u011fas\u0131-FOTOLAR\"\/><\/figure>\n","protected":false},"excerpt":{"rendered":"<p>Hitler, \u00fcst\u00fcn irq iddias\u0131 il\u0259 d\u00fcnyaya hakim olmaq \u00fc\u00e7\u00fcn bir qaynaq axtar\u0131rd\u0131. O d\u00f6vrd\u0259 ir\u0259li&#8230;<\/p>\n","protected":false},"author":3,"featured_media":0,"comment_status":"closed","ping_status":"closed","sticky":false,"template":"","format":"standard","meta":{"footnotes":""},"categories":[4],"tags":[],"class_list":["post-6089","post","type-post","status-publish","format-standard","hentry","category-tarix"],"featured_image_urls":{"full":"","thumbnail":"","medium":"","medium_large":"","large":"","1536x1536":"","2048x2048":"","covernews-slider-full":"","covernews-slider-center":"","covernews-featured":"","covernews-medium":"","covernews-medium-square":""},"author_info":{"display_name":"Veteran.az","author_link":"https:\/\/veteran.az\/?author=3"},"category_info":"<a href=\"https:\/\/veteran.az\/?cat=4\" rel=\"category\">Tarix<\/a>","tag_info":"Tarix","comment_count":"0","_links":{"self":[{"href":"https:\/\/veteran.az\/index.php?rest_route=\/wp\/v2\/posts\/6089","targetHints":{"allow":["GET"]}}],"collection":[{"href":"https:\/\/veteran.az\/index.php?rest_route=\/wp\/v2\/posts"}],"about":[{"href":"https:\/\/veteran.az\/index.php?rest_route=\/wp\/v2\/types\/post"}],"author":[{"embeddable":true,"href":"https:\/\/veteran.az\/index.php?rest_route=\/wp\/v2\/users\/3"}],"replies":[{"embeddable":true,"href":"https:\/\/veteran.az\/index.php?rest_route=%2Fwp%2Fv2%2Fcomments&post=6089"}],"version-history":[{"count":1,"href":"https:\/\/veteran.az\/index.php?rest_route=\/wp\/v2\/posts\/6089\/revisions"}],"predecessor-version":[{"id":6092,"href":"https:\/\/veteran.az\/index.php?rest_route=\/wp\/v2\/posts\/6089\/revisions\/6092"}],"wp:attachment":[{"href":"https:\/\/veteran.az\/index.php?rest_route=%2Fwp%2Fv2%2Fmedia&parent=6089"}],"wp:term":[{"taxonomy":"category","embeddable":true,"href":"https:\/\/veteran.az\/index.php?rest_route=%2Fwp%2Fv2%2Fcategories&post=6089"},{"taxonomy":"post_tag","embeddable":true,"href":"https:\/\/veteran.az\/index.php?rest_route=%2Fwp%2Fv2%2Ftags&post=6089"}],"curies":[{"name":"wp","href":"https:\/\/api.w.org\/{rel}","templated":true}]}}