{"id":6081,"date":"2020-05-10T01:24:12","date_gmt":"2020-05-09T21:24:12","guid":{"rendered":"http:\/\/veteran.az\/?p=6081"},"modified":"2020-05-10T01:24:14","modified_gmt":"2020-05-09T21:24:14","slug":"pasinyandan-susanin-isgal-gunu-qarabag-b%c9%99yanati","status":"publish","type":"post","link":"https:\/\/veteran.az\/?p=6081","title":{"rendered":"Pa\u015finyandan \u015eu\u015fan\u0131n i\u015f\u011fal g\u00fcn\u00fc Qaraba\u011f b\u0259yanat\u0131"},"content":{"rendered":"\n<p>&#171;Qaraba\u011f\u0131n t\u0259hl\u00fck\u0259sizliyi alver m\u00f6vzusu deyil&#187;.<\/p>\n\n\n\n<p><strong>Veteran.az\u00a0<\/strong>x\u0259b\u0259r verir ki, bunu \u015eu\u015fan\u0131n i\u015f\u011fal\u0131yla ba\u011fl\u0131 xalqa m\u00fcraci\u0259tind\u0259 Erm\u0259nistan Ba\u015f naziri Nikol Pa\u015finyan deyib.<\/p>\n\n\n\n<p>O, \u015eu\u015fan\u0131n i\u015f\u011fal\u0131n\u0131n Qaraba\u011f\u0131n i\u015f\u011fal\u0131n\u0131n ba\u015flan\u011f\u0131c\u0131 oldu\u011funu bildirib:<\/p>\n\n\n\n<p>\u201cQaraba\u011f xalq\u0131\u201dn\u0131n t\u0259hl\u00fck\u0259sizliyi v\u0259 onun \u00f6z m\u00fcq\u0259dd\u0259rat\u0131n\u0131 t\u0259yin etm\u0259 haqq\u0131n\u0131 realla\u015fd\u0131rmas\u0131 alver m\u00f6vzusu deyil. Bu bizim \u00fc\u00e7\u00fcn m\u00fctl\u0259q d\u0259y\u0259rdir\u201d.(Axar.az)<\/p>\n","protected":false},"excerpt":{"rendered":"<p>&#171;Qaraba\u011f\u0131n t\u0259hl\u00fck\u0259sizliyi alver m\u00f6vzusu deyil&#187;. Veteran.az\u00a0x\u0259b\u0259r verir ki, bunu \u015eu\u015fan\u0131n i\u015f\u011fal\u0131yla ba\u011fl\u0131 xalqa m\u00fcraci\u0259tind\u0259 Erm\u0259nistan&#8230;<\/p>\n","protected":false},"author":3,"featured_media":0,"comment_status":"closed","ping_status":"closed","sticky":false,"template":"","format":"standard","meta":{"footnotes":""},"categories":[9],"tags":[],"class_list":["post-6081","post","type-post","status-publish","format-standard","hentry","category-sq"],"featured_image_urls":{"full":"","thumbnail":"","medium":"","medium_large":"","large":"","1536x1536":"","2048x2048":"","covernews-slider-full":"","covernews-slider-center":"","covernews-featured":"","covernews-medium":"","covernews-medium-square":""},"author_info":{"display_name":"Veteran.az","author_link":"https:\/\/veteran.az\/?author=3"},"category_info":"<a href=\"https:\/\/veteran.az\/?cat=9\" rel=\"category\">Silahl\u0131 Q\u00fcvv\u0259l\u0259r<\/a>","tag_info":"Silahl\u0131 Q\u00fcvv\u0259l\u0259r","comment_count":"0","_links":{"self":[{"href":"https:\/\/veteran.az\/index.php?rest_route=\/wp\/v2\/posts\/6081","targetHints":{"allow":["GET"]}}],"collection":[{"href":"https:\/\/veteran.az\/index.php?rest_route=\/wp\/v2\/posts"}],"about":[{"href":"https:\/\/veteran.az\/index.php?rest_route=\/wp\/v2\/types\/post"}],"author":[{"embeddable":true,"href":"https:\/\/veteran.az\/index.php?rest_route=\/wp\/v2\/users\/3"}],"replies":[{"embeddable":true,"href":"https:\/\/veteran.az\/index.php?rest_route=%2Fwp%2Fv2%2Fcomments&post=6081"}],"version-history":[{"count":1,"href":"https:\/\/veteran.az\/index.php?rest_route=\/wp\/v2\/posts\/6081\/revisions"}],"predecessor-version":[{"id":6082,"href":"https:\/\/veteran.az\/index.php?rest_route=\/wp\/v2\/posts\/6081\/revisions\/6082"}],"wp:attachment":[{"href":"https:\/\/veteran.az\/index.php?rest_route=%2Fwp%2Fv2%2Fmedia&parent=6081"}],"wp:term":[{"taxonomy":"category","embeddable":true,"href":"https:\/\/veteran.az\/index.php?rest_route=%2Fwp%2Fv2%2Fcategories&post=6081"},{"taxonomy":"post_tag","embeddable":true,"href":"https:\/\/veteran.az\/index.php?rest_route=%2Fwp%2Fv2%2Ftags&post=6081"}],"curies":[{"name":"wp","href":"https:\/\/api.w.org\/{rel}","templated":true}]}}