{"id":5987,"date":"2020-05-06T12:08:15","date_gmt":"2020-05-06T08:08:15","guid":{"rendered":"http:\/\/veteran.az\/?p=5987"},"modified":"2020-05-06T12:08:17","modified_gmt":"2020-05-06T08:08:17","slug":"avmvib-t%c9%99ltif-edir-4","status":"publish","type":"post","link":"https:\/\/veteran.az\/?p=5987","title":{"rendered":"AVMV\u0130B t\u0259ltif edir"},"content":{"rendered":"\n<p>AVMV\u0130B Polis m\u00fcharib\u0259 veteranlar\u0131 \u015f\u00f6b\u0259sinin s\u0259dri, AVMV\u0130B s\u0259drinin sosial v\u0259 h\u00fcquqi m\u0259s\u0259l\u0259l\u0259r \u00fczr\u0259 m\u00fcavini Abbas H\u00fcseynli, m\u00fcharib\u0259 veteran\u0131 Qabil \u015e\u0131x\u0259liyev\u0259 AVMV\u0130B-nin t\u0259sis etdiyi Xatir\u0259 medallar\u0131n\u0131 v\u0259 d\u00f6\u015f ni\u015fan\u0131n\u0131 t\u0259qdim edib.<\/p>\n\n\n\n<p>M\u00fcharib\u0259 veteran\u0131 Q. \u015e\u0131x\u0259liyevi t\u0259brik ed\u0259r\u0259k, birliyin ictimai f\u0259aliyy\u0259tind\u0259 f\u0259al i\u015ftirak etm\u0259yi v\u0259 g\u0259nc n\u0259slin v\u0259t\u0259np\u0259rv\u0259r ruhda t\u0259rbiy\u0259sind\u0259 yax\u0131ndan i\u015ftirak etm\u0259yin vacibliyini bildirib.<\/p>\n\n\n\n<p>T\u0259brik edirik!<\/p>\n\n\n\n<p><strong>Nurlan M\u0259mm\u0259dli <\/strong><\/p>\n\n\n\n<figure class=\"wp-block-image\"><img decoding=\"async\" src=\"https:\/\/scontent.fgyd4-2.fna.fbcdn.net\/v\/t1.15752-9\/95219352_222432842392898_6766676036605181952_n.jpg?_nc_cat=109&amp;_nc_sid=b96e70&amp;_nc_ohc=zFj9EoLnm5cAX__3YJF&amp;_nc_ht=scontent.fgyd4-2.fna&amp;oh=c017dca8d013fda2cbd33cef7a2e0c44&amp;oe=5ED6B8A1\" alt=\"\"\/><\/figure>\n","protected":false},"excerpt":{"rendered":"<p>AVMV\u0130B Polis m\u00fcharib\u0259 veteranlar\u0131 \u015f\u00f6b\u0259sinin s\u0259dri, AVMV\u0130B s\u0259drinin sosial v\u0259 h\u00fcquqi m\u0259s\u0259l\u0259l\u0259r \u00fczr\u0259 m\u00fcavini Abbas&#8230;<\/p>\n","protected":false},"author":3,"featured_media":0,"comment_status":"closed","ping_status":"closed","sticky":false,"template":"","format":"standard","meta":{"footnotes":""},"categories":[12],"tags":[],"class_list":["post-5987","post","type-post","status-publish","format-standard","hentry","category-veteran"],"featured_image_urls":{"full":"","thumbnail":"","medium":"","medium_large":"","large":"","1536x1536":"","2048x2048":"","covernews-slider-full":"","covernews-slider-center":"","covernews-featured":"","covernews-medium":"","covernews-medium-square":""},"author_info":{"display_name":"Veteran.az","author_link":"https:\/\/veteran.az\/?author=3"},"category_info":"<a href=\"https:\/\/veteran.az\/?cat=12\" rel=\"category\">Veteran d\u00fcnyas\u0131<\/a>","tag_info":"Veteran d\u00fcnyas\u0131","comment_count":"0","_links":{"self":[{"href":"https:\/\/veteran.az\/index.php?rest_route=\/wp\/v2\/posts\/5987","targetHints":{"allow":["GET"]}}],"collection":[{"href":"https:\/\/veteran.az\/index.php?rest_route=\/wp\/v2\/posts"}],"about":[{"href":"https:\/\/veteran.az\/index.php?rest_route=\/wp\/v2\/types\/post"}],"author":[{"embeddable":true,"href":"https:\/\/veteran.az\/index.php?rest_route=\/wp\/v2\/users\/3"}],"replies":[{"embeddable":true,"href":"https:\/\/veteran.az\/index.php?rest_route=%2Fwp%2Fv2%2Fcomments&post=5987"}],"version-history":[{"count":1,"href":"https:\/\/veteran.az\/index.php?rest_route=\/wp\/v2\/posts\/5987\/revisions"}],"predecessor-version":[{"id":5989,"href":"https:\/\/veteran.az\/index.php?rest_route=\/wp\/v2\/posts\/5987\/revisions\/5989"}],"wp:attachment":[{"href":"https:\/\/veteran.az\/index.php?rest_route=%2Fwp%2Fv2%2Fmedia&parent=5987"}],"wp:term":[{"taxonomy":"category","embeddable":true,"href":"https:\/\/veteran.az\/index.php?rest_route=%2Fwp%2Fv2%2Fcategories&post=5987"},{"taxonomy":"post_tag","embeddable":true,"href":"https:\/\/veteran.az\/index.php?rest_route=%2Fwp%2Fv2%2Ftags&post=5987"}],"curies":[{"name":"wp","href":"https:\/\/api.w.org\/{rel}","templated":true}]}}