{"id":5850,"date":"2020-04-29T00:35:19","date_gmt":"2020-04-28T20:35:19","guid":{"rendered":"http:\/\/veteran.az\/?p=5850"},"modified":"2020-04-29T00:35:21","modified_gmt":"2020-04-28T20:35:21","slug":"deputat-ehtiyatda-olan-h%c9%99rbcil%c9%99r-erm%c9%99nistanin-%c9%99lind%c9%99-al%c9%99t-olmamalidir","status":"publish","type":"post","link":"https:\/\/veteran.az\/?p=5850","title":{"rendered":"Deputat: &#171;Ehtiyatda olan h\u0259rb\u00e7il\u0259r Erm\u0259nistan\u0131n \u0259lind\u0259 al\u0259t olmamal\u0131d\u0131r&#187;"},"content":{"rendered":"\n<p><strong>\u201c\u018fg\u0259r kims\u0259 Az\u0259rbaycan Ordusunun n\u00fcfuzuna ziyan vurma\u011fa c\u0259hd g\u00f6st\u0259rs\u0259, h\u0259min \u015f\u0259xs\u0259 layiqli cavab veril\u0259c\u0259k v\u0259 he\u00e7 k\u0259sin ke\u00e7mi\u015f xidm\u0259tl\u0259rin\u0259 bax\u0131lmayacaq\u201d<\/strong><\/p>\n\n\n\n<p><strong>Veteran.az<\/strong>\u00a0x\u0259b\u0259r verir ki, bunu \u201creport\u201da a\u00e7\u0131qlamas\u0131nda Milli M\u0259clisin deputat\u0131\u00a0Ayd\u0131n Mirz\u0259zad\u0259\u00a0deyib.<\/p>\n\n\n\n<p>O, ordu haqq\u0131nda yalan m\u0259lumatlar yayan ehtiyatda olan h\u0259rb\u00e7il\u0259ri Erm\u0259nistan\u0131n \u0259lind\u0259 al\u0259t\u0259 olmama\u011fa \u00e7a\u011f\u0131r\u0131b:\u00a0<strong><em>\u201cT\u0259kc\u0259 m\u00fcharib\u0259 d\u00f6vr\u00fcnd\u0259 yox, ist\u0259nil\u0259n d\u00f6vrd\u0259 ordu il\u0259 ba\u011fl\u0131 h\u0259ddind\u0259n art\u0131q m\u0259suliyy\u0259tl\u0259 dan\u0131\u015fmaq laz\u0131md\u0131r. Ordu m\u00fcst\u0259qilliyimizin qarant\u0131d\u0131r. Onun haqq\u0131nda d\u00f6vl\u0259t sirri olan m\u0259lumatlar\u0131 yaymaq, d\u0259qiq olmayan informasiyan\u0131 dan\u0131\u015fmaq \u00f6lk\u0259nin m\u00fcdafi\u0259 qabiliyy\u0259tin\u0259 ciddi m\u0259nfi t\u0259sir ed\u0259n amill\u0259rdir. Bunu ed\u0259nl\u0259r h\u0259m ordu il\u0259 birba\u015fa \u0259laq\u0259d\u0259 olanlar, h\u0259m d\u0259 sad\u0259c\u0259 ordu haqq\u0131nda fikir bildirm\u0259k ist\u0259y\u0259n v\u0259t\u0259nda\u015flard\u0131r. M\u0259n \u00e7ox ist\u0259rdim ki, x\u00fcsusil\u0259 ehtiyatda olan h\u0259rb\u00e7il\u0259r ordu il\u0259 ba\u011fl\u0131 material yayd\u0131qda diqq\u0259tli olsunlar\u201d<\/em><\/strong>.<\/p>\n\n\n\n<p>A. Mirz\u0259zad\u0259 vur\u011fulay\u0131b ki, d\u00fc\u015fm\u0259n sosial \u015f\u0259b\u0259k\u0259l\u0259ri v\u0259 Az\u0259rbaycan m\u0259tbuat\u0131n\u0131 daim izl\u0259yir, m\u0259qs\u0259dli \u015f\u0259kild\u0259 az\u0259rbaycanl\u0131 ad\u0131 il\u0259 hesablar a\u00e7\u0131rlar: \u201cH\u0259min profill\u0259r vasit\u0259sil\u0259 Az\u0259rbaycan haqq\u0131nda nahaqq, yalan m\u0259lumatlar payla\u015f\u0131rlar. Yalan m\u0259lumatlar yayan ehtiyatda olan h\u0259rb\u00e7il\u0259r d\u00fc\u015fm\u0259n t\u0259r\u0259fin \u0259lind\u0259 al\u0259t\u0259 \u00e7evrilirl\u0259r. Buna yol verm\u0259k olmaz. B\u0259z\u0259n ordu il\u0259 ba\u011fl\u0131 h\u0259qiq\u0259t\u0259 uy\u011fun olmayan x\u0259b\u0259rl\u0259r yay\u0131l\u0131r, bunlar q\u0259buledilm\u0259zdir.<\/p>\n\n\n\n<p>\u018fn \u0259sas\u0131, ordu il\u0259 ba\u011fl\u0131 informasiya yayanda ancaq r\u0259smi m\u0259nb\u0259l\u0259r\u0259 istinad etm\u0259k laz\u0131md\u0131r. Dig\u0259r m\u0259lumatlar\u0131n verilm\u0259si ist\u0259r-ist\u0259m\u0259z ordu il\u0259 ba\u011fl\u0131 d\u00fczg\u00fcn olmayan x\u0259b\u0259rl\u0259rin payla\u015f\u0131lmas\u0131na s\u0259b\u0259b olur. Bu istiqam\u0259td\u0259 bizim qabaqlay\u0131c\u0131 qanunlar\u0131m\u0131z var. M\u0259n ist\u0259rdim ki, ordu il\u0259 m\u0259lumat yayanlar h\u0259min m\u0259lumatlar\u0131n m\u0259suliyy\u0259tini d\u0259rk etsinl\u0259r\u201d.<\/p>\n","protected":false},"excerpt":{"rendered":"<p>\u201c\u018fg\u0259r kims\u0259 Az\u0259rbaycan Ordusunun n\u00fcfuzuna ziyan vurma\u011fa c\u0259hd g\u00f6st\u0259rs\u0259, h\u0259min \u015f\u0259xs\u0259 layiqli cavab veril\u0259c\u0259k v\u0259&#8230;<\/p>\n","protected":false},"author":3,"featured_media":0,"comment_status":"closed","ping_status":"closed","sticky":false,"template":"","format":"standard","meta":{"footnotes":""},"categories":[12],"tags":[],"class_list":["post-5850","post","type-post","status-publish","format-standard","hentry","category-veteran"],"featured_image_urls":{"full":"","thumbnail":"","medium":"","medium_large":"","large":"","1536x1536":"","2048x2048":"","covernews-slider-full":"","covernews-slider-center":"","covernews-featured":"","covernews-medium":"","covernews-medium-square":""},"author_info":{"display_name":"Veteran.az","author_link":"https:\/\/veteran.az\/?author=3"},"category_info":"<a href=\"https:\/\/veteran.az\/?cat=12\" rel=\"category\">Veteran d\u00fcnyas\u0131<\/a>","tag_info":"Veteran d\u00fcnyas\u0131","comment_count":"0","_links":{"self":[{"href":"https:\/\/veteran.az\/index.php?rest_route=\/wp\/v2\/posts\/5850","targetHints":{"allow":["GET"]}}],"collection":[{"href":"https:\/\/veteran.az\/index.php?rest_route=\/wp\/v2\/posts"}],"about":[{"href":"https:\/\/veteran.az\/index.php?rest_route=\/wp\/v2\/types\/post"}],"author":[{"embeddable":true,"href":"https:\/\/veteran.az\/index.php?rest_route=\/wp\/v2\/users\/3"}],"replies":[{"embeddable":true,"href":"https:\/\/veteran.az\/index.php?rest_route=%2Fwp%2Fv2%2Fcomments&post=5850"}],"version-history":[{"count":1,"href":"https:\/\/veteran.az\/index.php?rest_route=\/wp\/v2\/posts\/5850\/revisions"}],"predecessor-version":[{"id":5852,"href":"https:\/\/veteran.az\/index.php?rest_route=\/wp\/v2\/posts\/5850\/revisions\/5852"}],"wp:attachment":[{"href":"https:\/\/veteran.az\/index.php?rest_route=%2Fwp%2Fv2%2Fmedia&parent=5850"}],"wp:term":[{"taxonomy":"category","embeddable":true,"href":"https:\/\/veteran.az\/index.php?rest_route=%2Fwp%2Fv2%2Fcategories&post=5850"},{"taxonomy":"post_tag","embeddable":true,"href":"https:\/\/veteran.az\/index.php?rest_route=%2Fwp%2Fv2%2Ftags&post=5850"}],"curies":[{"name":"wp","href":"https:\/\/api.w.org\/{rel}","templated":true}]}}