{"id":584,"date":"2019-02-17T14:26:17","date_gmt":"2019-02-17T10:26:17","guid":{"rendered":"http:\/\/veteran.az\/?p=584"},"modified":"2024-01-27T04:14:28","modified_gmt":"2024-01-27T00:14:28","slug":"muharib%c9%99-veteranlari-sahil-babayevd%c9%99n-prezident%c9%99-sikay%c9%99t-ed%c9%99c%c9%99kl%c9%99r-naziri-isd%c9%99n-cixarin-c%c9%99nab-prezident","status":"publish","type":"post","link":"https:\/\/veteran.az\/?p=584","title":{"rendered":"M\u00fcharib\u0259 veteranlar\u0131 Sahil Babayevd\u0259n Prezident\u0259 \u015fikay\u0259t ed\u0259c\u0259kl\u0259r: &#171;Naziri i\u015fd\u0259n \u00e7\u0131xar\u0131n, c\u0259nab Prezident!&#187;"},"content":{"rendered":"\n<p>\u018fziz dostlar! H\u00f6rm\u0259tli h\u0259mkarlar!<br><br>Bildiyiniz kimi \u00f6t\u0259n h\u0259ft\u0259nin bu g\u00fcn\u00fc biz Ba\u015f nazir Novruz M\u0259mm\u0259dova v\u0259 \u018fm\u0259k v\u0259 \u018fhalinin Sosial M\u00fcdafi\u0259si naziri (\u018f\u018fSMN) Sahil Babayev\u0259 xitab\u0259n bir m\u0259s\u0259l\u0259ni art\u0131q ne\u00e7\u0259nci d\u0259f\u0259 g\u00fcnd\u0259m\u0259 g\u0259tirmi\u015fdik ki, siz\u0259 daha 1 h\u0259ft\u0259 vaxt veririk ki, Qaraba\u011f m\u00fcharib\u0259si veteranlar\u0131n\u0131n ALMALI olduqlar\u0131 m\u00fcavinatla ba\u011fl\u0131 R\u018fSM\u0130 m\u00fcnasib\u0259t a\u00e7\u0131qlay\u0131n.<br><br>Bu g\u00fcn deyil\u0259n vaxt art\u0131q ba\u015fa \u00e7atd\u0131 v\u0259 ortal\u0131qda SIFIR n\u0259tic\u0259 var.<br><br>Buradan Ba\u015f nazir Novruz M\u0259mm\u0259dova v\u0259 Sahil Babayev\u0259 xat\u0131rlatmaq ist\u0259yir\u0259m ki, ola bilsin ki, siz \u00f6z\u00fcn\u00fcz\u00fc \u00e7ox a\u011f\u0131ll\u0131 v\u0259 savadl\u0131 say\u0131rs\u0131n\u0131z. Olsun. Amma, Az\u0259rbaycan qanunlar\u0131 m\u0259hz sizin indiki halda \u00e7ox s\u0259hv yolda oldu\u011funuzu a\u00e7\u0131q-ayd\u0131n t\u0259sdiq edir v\u0259 sizd\u0259n t\u0259kidl\u0259 t\u0259l\u0259b edir ki, M\u018fSL\u018fN\u0130 yubatmay\u0131n. H\u0259ll edin.<br><br>Q\u0131saca xat\u0131rlad\u0131m ki, Az\u0259rbaycanda \u00abM\u00fcharib\u0259 Veteran\u0131\u00bb statusu olan \u015f\u0259xsl\u0259r\u0259 2006-ci ild\u0259n etibar\u0259n kommunal, n\u0259qliyyat x\u0259rcl\u0259ri \u00fczr\u0259 g\u00fcz\u0259\u015ftl\u0259rin \u0259v\u0259zin\u0259 ayl\u0131q m\u00fcavin\u0259t t\u0259yin edilib. Bir d\u0259f\u0259 d\u0259 bu m\u0259s\u0259l\u0259d\u0259 &#171;\u00e7a\u015fanlar&#187; oldu v\u0259 h\u0259m\u0259n s\u0259hv o vaxt mill\u0259t v\u0259kili, H.\u018fliyev Fondunun Prezidenti Mehriban xan\u0131m \u018fliyevan\u0131n m\u0259s\u0259l\u0259y\u0259 m\u00fcdaxil\u0259sind\u0259n sonra h\u0259llini tapd\u0131.<br><br>M\u00fcharib\u0259 veteran\u0131, \u0259l\u0259lx\u00fcsus da Qaraba\u011f m\u00fcharib\u0259si i\u015ftrak\u00e7\u0131s\u0131 olan \u015f\u0259xsl\u0259rin i\u015fl\u0259yib-i\u015fl\u0259m\u0259m\u0259sind\u0259n as\u0131l\u0131 olmayaraq, b\u00fct\u00fcn m\u00fcharib\u0259 veteranlar\u0131na bu m\u00fcavinat Prezidentin f\u0259rman\u0131na uy\u011fun olaraq verilm\u0259lidir.\u00a0<br><br>M\u0259s\u0259l\u0259nin bir balaca m\u0259n\u0259vi t\u0259r\u0259fi d\u0259 ondan ibar\u0259tdir ki, bu m\u0259bl\u0259\u011f i\u015fl\u0259y\u0259nl\u0259r\u0259 55 manat, i\u015fl\u0259m\u0259y\u0259n pensiya\u00e7\u0131lara 11 (on bir) manat miqdar\u0131nda verilirdi.<br><br>2012-ci ilin may\u0131n 1-d\u0259n etibar\u0259n is\u0259 sabiq \u018f\u018fSM naziri &#171;xo\u015f s\u00f6zl\u0259r\u0259 layiq&#187; S\u0259lim M\u00fcsl\u00fcmovun \u00f6zba\u015f\u0131nal\u0131\u011f\u0131, v\u0259zif\u0259 s\u0259lahiyy\u0259tl\u0259rini kobud a\u015fmas\u0131 n\u0259tic\u0259sind\u0259 11 manat m\u00fcavin\u0259tin verilm\u0259si dayand\u0131r\u0131l\u0131b. &#171;A\u011f\u0131ll\u0131lar&#187; bu absurd add\u0131mlar\u0131n\u0131 onunla \u0259sasland\u0131rma\u011fa \u00e7al\u0131\u015f\u0131rlar ki, guya t\u0259z\u0259 qanunda \u0259m\u0259k pensiyas\u0131 alan m\u00fcharib\u0259 veteranlar\u0131 art\u0131q &#171;M\u00fcharib\u0259 Veteran\u0131&#187; olmalar\u0131na baxmayaraq o m\u00fcavinat\u0131 ala bilm\u0259zl\u0259r.<br><br>Ay sizin &#171;super savad\u0131n\u0131za&#187; v\u0259 &#171;a\u011fl\u0131n\u0131za&#187; Allah a\u011f\u0131l versin. M\u0259g\u0259r m\u0259nim v\u0259 m\u0259nim kimi minl\u0259rl\u0259 Qaraba\u011f m\u00fcharib\u0259sinin i\u015ftrak\u00e7\u0131s\u0131 pensiyaya \u00e7\u0131xanda o STATUS l\u0259\u011fv olunur? Ax\u0131 bu m\u00fcmk\u00fcn deyil. O ad \u00d6M\u00dcRL\u00dcKD\u00dcR!<br><br>\u0130ndi m\u00fcharib\u0259nin n\u0259 oldu\u011funu bilm\u0259y\u0259n, ancaq kabinetl\u0259rd\u0259 v\u0259zif\u0259 pill\u0259l\u0259rind\u0259 add\u0131mlayan Novruz M\u0259mm\u0259dov v\u0259 d\u00fcn\u0259nin u\u015fa\u011f\u0131 olan, Bak\u0131 qeydiyat\u0131nda olmas\u0131na baxmayaraq el\u0259 Bak\u0131 \u015f\u0259h\u0259rind\u0259 &#171;h\u0259qiq h\u0259rbi xidm\u0259t ke\u00e7\u0259n&#187; Sahil Babayev hardan anlas\u0131nlar v\u0259 ba\u015fa d\u00fc\u015fs\u00fcnl\u0259r ki, &#171;M\u00fcharib\u0259 Veteran\u0131&#187; statusu h\u0259r adama verilmir v\u0259 o status d\u00f6vl\u0259t t\u0259r\u0259find\u0259n \u00f6lk\u0259nin \u0259razi b\u00fct\u00f6vl\u00fcy\u00fc v\u0259 suverenliyi u\u011frunda x\u00fcsusi xidm\u0259tl\u0259ri olan \u015f\u0259xsl\u0259r\u0259 r\u0259smi qaydada verilir v\u0259 onlar\u0131n b\u00fct\u00fcn imtyaz v\u0259 g\u00fcz\u0259\u015ftl\u0259ri &#171;Veteranlar haqq\u0131nda&#187; Qanunla a\u00e7\u0131q v\u0259 ayd\u0131n \u015f\u0259kild\u0259 t\u0259nziml\u0259nir.<\/p>\n\n\n\n<div class=\"wp-block-image\"><figure class=\"aligncenter is-resized\"><img loading=\"lazy\" decoding=\"async\" src=\"https:\/\/i.resimyukle.xyz\/Kd9UCS.png\" alt=\"\" width=\"521\" height=\"376\"\/><\/figure><\/div>\n\n\n\n<p>Bizim b\u0259zi &#171;a\u011f\u0131ll\u0131&#187; m\u0259murlar\u0131m\u0131z, x\u00fcsus\u0259n d\u0259 D\u00f6vl\u0259t Sosial M\u00fcdafi\u0259 Fondu \u0259m\u0259k pensiyas\u0131 alan m\u00fcharib\u0259 veteranlar\u0131na veteran m\u00fcavin\u0259tinin verilm\u0259sini \u00abSosial m\u00fcavin\u0259tl\u0259r haqq\u0131nda\u00bb 07.02.2006-c\u0131 il tarixli Qanunun t\u0259l\u0259bl\u0259rind\u0259n ir\u0259li g\u0259ldiyini bildirir. Bel\u0259 ki, h\u0259min qanunun 7.0.6-c\u0131 v\u0259 11.1.5-ci madd\u0259l\u0259ri \u0259m\u0259k pensiyas\u0131 almaq h\u00fcququ olan \u015f\u0259xsl\u0259rin kommunal, n\u0259qliyyat v\u0259 dig\u0259r xidm\u0259tl\u0259r\u0259 g\u00f6r\u0259 m\u00fcavin\u0259tl\u0259 t\u0259min olunmas\u0131n\u0131 istisna edir. Ancaq DSMF r\u0259smil\u0259ri n\u0259d\u0259ns\u0259 unudurlar ki, \u00abSosial m\u00fcavin\u0259tl\u0259r haqq\u0131nda\u00bb Qanun &#171;Veteranlar haqq\u0131nda&#187; Qanundan sonra q\u0259bul edilib v\u0259 h\u0259tta Afrikada bel\u0259 qanun GER\u0130Y\u018f \u015famil olunmur v\u0259 yeni qanun da q\u00fcvv\u0259d\u0259 olan \u0259vv\u0259lki qanunun m\u00fcvafiq m\u00fcdd\u0259as\u0131n\u0131 l\u0259\u011fv etrm\u0259yib. Bu m\u0259s\u0259l\u0259 bar\u0259sind\u0259 Ali M\u0259hk\u0259m\u0259nin \u0130nzibati \u0130qtisadi M\u0259hk\u0259m\u0259si d\u0259 2013-c\u00fc ild\u0259 Q\u0259rar q\u0259bul edib ki, S\u0259lim M\u00fcsl\u00fcmov adl\u0131 \u015f\u0259xs \u00f6zba\u015f\u0131nal\u0131q edib v\u0259 m\u00fcavinatlar\u0131n \u00f6d\u0259nilm\u0259si dayand\u0131r\u0131ld\u0131\u011f\u0131 tarixd\u0259n davam etdirilm\u0259lidir.<br><br>Biz h\u0259l\u0259 onu demirik ki, veteran m\u00fcavin\u0259tinin m\u0259bl\u0259\u011fi Az\u0259rbaycanda m\u00fct\u0259madi olaraq art\u0131r\u0131ld\u0131\u011f\u0131 halda, pensiya\u00e7\u0131 m\u00fcharib\u0259 veteranlar\u0131 bu art\u0131mlardan yararlanmay\u0131blar.\u00a0<br><br>\u018fn q\u0131sas\u0131 is\u0259 bax budur.<br><br>M\u00fcharib\u0259 veteran\u0131 \u0259m\u0259k pensiyas\u0131 almaq h\u00fcququ \u0259ld\u0259 etdikd\u0259 veteran statusunu itir\u0259 bil\u0259rmi?<br>\u018fm\u0259k pensiyas\u0131 m\u00fcvafiq i\u015f staj\u0131na g\u00f6r\u0259 t\u0259yin olunur v\u0259 v\u0259t\u0259nda\u015f\u0131n \u018fM\u018fK F\u018fAL\u0130YY\u018fT\u0130N\u018f g\u00f6r\u0259 t\u0259yin edilir. M\u00fcharib\u0259 veteran\u0131 m\u00fcavin\u0259ti is\u0259 bu kateqoriyadan olan v\u0259t\u0259nda\u015flara veril\u0259n bir \u0130MTYAZDIR, ay yolda\u015f tovari\u015fl\u0259r, c\u0259nab v\u0259 m\u00fcsyolar! Bu m\u0259s\u0259l\u0259ni \u0259g\u0259r siz h\u0259l\u0259 d\u0259 \u00f6z\u00fcn\u00fcz \u00fc\u00e7\u00fcn ayr\u0131d ed\u0259 bilm\u0259misinizs\u0259, yaz\u0131qlar olsun siz\u0259. Ax\u0131 bu yazd\u0131qlar\u0131m h\u0259tta orta m\u0259kt\u0259b \u015fagirdl\u0259rin\u0259 ayd\u0131n olan bir 2 vur 2 m\u0259s\u0259l\u0259sidir.<br>2006-c\u0131 ild\u0259 \u00abSosial m\u00fcavin\u0259tl\u0259r haqq\u0131nda\u00bb Qanun q\u0259bul olunduqdan sonra Prezidentin m\u00fcavin\u0259tl\u0259rl\u0259 \u0259laq\u0259dar 613 n\u00f6mr\u0259li, 26.12.2001-ci il tarixli v\u0259 257 n\u00f6mr\u0259li, 11.07.2005-ci il tarixli f\u0259rmanlar\u0131 \u00d6Z Q\u00dcVV\u018fS\u0130N\u0130 \u0130T\u0130RM\u018fY\u0130B!!<br>Bunu m\u0259n yox, QANUNLAR deyir, h\u00f6rm\u0259tli Ba\u015f nazir Novruz M\u0259mm\u0259dov v\u0259 h\u0259l\u0259 d\u0259 hans\u0131 v\u0259zif\u0259d\u0259 oldu\u011funu tam ax\u0131rad\u0259k d\u0259rk etm\u0259y\u0259n Sahil Babayev!<br>Ali M\u0259hk\u0259m\u0259 Siz\u0259 &#171;M\u00fcharib\u0259 Veteran\u0131&#187; m\u00fcavin\u0259tinin \u00f6d\u0259nilm\u0259sinin davam etdirilm\u0259si v\u0259zif\u0259sini DSMF-nin H\u0259rbi Qulluq\u00e7ular v\u0259 X\u00fcsusi R\u00fctb\u0259li \u015e\u0259xsl\u0259rl\u0259 \u0130\u015f Departamentin\u0259 h\u0259val\u0259 edib.<br><br>B\u0259s Siz n\u0259d\u0259n yazd\u0131qlar\u0131m\u0131za v\u0259 qald\u0131r\u0131lan m\u0259s\u0259l\u0259y\u0259 he\u00e7 bir reaksiya vermirsiniz ya da \u00f6z\u00fcn\u00fcz\u00fc g\u00f6rm\u0259m\u0259zliy\u0259 vurursunuz?<br>G\u00f6zl\u00fcy\u00fcrs\u00fcn\u00fcz ki, sabah minl\u0259rl\u0259 \u0259sl m\u00fcharib\u0259 veteran\u0131 durub a\u011f\u0131lla-ba\u015fla gedib laz\u0131m\u0131 instansiyaya bu m\u0259s\u0259l\u0259ni \u00e7atd\u0131rs\u0131n? O da problem deyil. El\u0259 birc\u0259 add\u0131m b\u0259s ed\u0259r ki, \u00f6lk\u0259d\u0259 s\u0259s-k\u00fcy\u0259 s\u0259b\u0259b ola bil\u0259c\u0259k bir hadis\u0259 ba\u015f versin. O hadis\u0259nin ad\u0131 is\u0259, \u0259n az\u0131ndan \u00f6lk\u0259 ba\u015f\u00e7\u0131s\u0131n\u0131n yeni \u018f\u018fSM naziri t\u0259yin etm\u0259si q\u0259d\u0259r sad\u0259 v\u0259 ciddi q\u0259rar\u0131 ola bil\u0259r. Siz\u0259 v\u0259zif\u0259 h\u0259val\u0259 olunub ona g\u00f6r\u0259 ki, i\u015fl\u0259y\u0259siniz, v\u0259t\u0259nda\u015flara xidm\u0259t g\u00f6st\u0259r\u0259siniz. Siz is\u0259 Qanunlara bel\u0259 m\u0259h\u0259l qoymursunuz. Kimdir sizi bel\u0259 s\u0259hl\u0259nkarl\u0131\u011fa v\u0259 \u00f6zba\u015f\u0131nal\u0131\u011fa g\u00f6r\u0259 v\u0259zif\u0259d\u0259 saxl\u0131yan?<br><br>\u018fn az\u0131ndan unutmay\u0131n ki, biz m\u00fcharib\u0259 veteranlar\u0131 qanunla t\u0259sbit olunmu\u015f h\u00fcquqlar\u0131m\u0131z\u0131n t\u0259min olunmas\u0131 \u00fc\u00e7\u00fcn birc\u0259 d\u0259f\u0259 Ali Ba\u015f Komandana m\u00fcraci\u0259t ets\u0259k, bir \u00e7ox v\u0259zif\u0259lil\u0259rin ad\u0131n\u0131n qar\u015f\u0131s\u0131nda q\u0131sa bir zamanda &#171;sabiq&#187; v\u0259 &#171;eks&#187; nazir, komit\u0259 s\u0259dri, icra ba\u015f\u00e7\u0131s\u0131 v\u0259 dig\u0259r epitetl\u0259r peyda olar.<br><br>\u0130nanmaq ist\u0259rdik ki, yax\u0131n g\u00fcnl\u0259rd\u0259 bu m\u0259s\u0259l\u0259 il\u0259 ba\u011fl\u0131 n\u0259hay\u0259t ki, bir cavab e\u015fid\u0259c\u0259yik. Olmazsa, o m\u0259\u015fhur m\u0259s\u0259l\u0259d\u0259 deyildiyi kimi:&#187; \u018fg\u0259r da\u011f M\u0259h\u0259mm\u0259d\u0259 t\u0259r\u0259f g\u0259lmirs\u0259, onda M\u0259h\u0259mm\u0259d da\u011fa t\u0259r\u0259f ged\u0259c\u0259k&#187;. \u00d6z\u00fc d\u0259&#8230;<br>Tanr\u0131 Az\u0259rbaycan\u0131m\u0131z\u0131 qorusun!<br>P.S. B\u00fct\u00fcn m\u00fcharib\u0259 veteranlar\u0131ndan, dostlardan bu yazd\u0131qlar\u0131m\u0131 \u00f6z s\u0259hif\u0259l\u0259rind\u0259 payla\u015fmalar\u0131n\u0131 xahi\u015f edir\u0259m. B\u0259lk\u0259 n\u0259hay\u0259t ki, b\u0259zi yatm\u0131\u015flar q\u0259fl\u0259t yuxusundan oyand\u0131lar!<br><strong>\u00dczeyir C\u0259f\u0259rov,<br><em>h\u0259rbi ekspert, ehtiyatda olan olan polkovnik-leytenant<\/em><\/strong><em><br><\/em><strong>\/mig.az\/<\/strong><\/p>\n\n\n\n<div class=\"wp-block-image\"><figure class=\"aligncenter\"><img decoding=\"async\" src=\"https:\/\/i.hizliresim.com\/V9zLRq.png\" alt=\"\"\/><\/figure><\/div>\n\n\n\n<p>Fedai.az: Xat\u0131rladaq ki, bu m\u00f6vzunu Fedai.az g\u00fcnd\u0259m\u0259 g\u0259tirib v\u0259 h\u0259r c\u00fcr d\u0259st\u0259y\u0259 d\u0259 haz\u0131r\u0131q. H\u0259qiq\u0259t\u0259n d\u0259 veteran jurnalist \u00dczeyir C\u0259f\u0259rov haql\u0131d\u0131r v\u0259 64 minlik t\u0259\u015fkilat bu t\u0259sad\u00fcf\u00fc bir \u015f\u0259xsin nazir t\u0259yin edilm\u0259sini h\u0259qiq\u0259t\u0259n pisl\u0259yir v\u0259 tezlikl\u0259 bu biyab\u0131r\u00e7\u0131l\u0131\u011fa son qoyma\u011fa \u00e7a\u011f\u0131r\u0131r\u0131q. Haz\u0131rda, bu yeni komandan\u0131n &#171;in\u0259k al-verind\u0259n&#187; qeyri xo\u015fa g\u0259l\u0259n birc\u0259 \u0259m\u0259li d\u0259 yoxdur. Edil\u0259n m\u00fcraci\u0259tl\u0259r\u0259 v\u0259 \u015fikay\u0259tl\u0259r\u0259 bax\u0131lm\u0131r. M\u00fcharib\u0259 \u0259lill\u0259ri v\u0259 veteranlara m\u0259nfi m\u00fcnasib\u0259ti is\u0259 daldalamaq m\u00fcmk\u00fcn deyil&#8230;<br>Bu g\u00fcn Modern.az-da iradlara deyil g\u00fcya sayt\u0131n yazd\u0131\u011f\u0131 kimi yazma\u011fa \u0259limiz g\u0259lm\u0259diyi \u00fc\u00e7\u00fcn, d\u0131rnaqs\u0131z &#171;ittihamlara&#187; \u00f6z al\u0259ml\u0259rind\u0259 cavab verib. Cavab\u0131 oldu\u011fu kimi d\u0259rc edir v\u0259 bu yaz\u0131n\u0131 yay\u0131nlayanlar \u0259ks t\u0259r\u0259fin haql\u0131 irad\u0131na ittiham dem\u0259sini \u0259sasland\u0131rmalar\u0131n\u0131 rica edirik. AVMV\u0130B bir veteran t\u0259\u015fkilat\u0131 olaraq m\u0259s\u0259l\u0259ni m\u00fczakir\u0259 ed\u0259r\u0259k, Ali Ba\u015f Komandan c\u0259nab \u0130lham \u018fliyev\u0259, h\u0259qiq\u0259t\u0259n m\u00fcraci\u0259t \u00fcnvanlayacaq. Sosial d\u00f6vl\u0259tin aidiyyatl\u0131 nazirliyini &#171;t\u0259dris (u\u00e7ebniy tsentr) m\u0259rk\u0259zin\u0259&#187; \u00e7evirilm\u0259sin\u0259 imkan verm\u0259k olmaz!<br>\u201cT\u0259kc\u0259 son bir ild\u0259 n\u0259z\u0259rd\u0259 tutuldu\u011fundan 3 d\u0259f\u0259 \u00e7ox olmaqla 626 m\u0259nzil, \u00fcmumilikd\u0259 is\u0259 6 654 m\u0259nzil \u015f\u0259hid ail\u0259l\u0259ri v\u0259 m\u00fcharib\u0259 \u0259lill\u0259rin\u0259 t\u0259qdim edilmi\u015f v\u0259 cari ild\u0259 az\u0131 800 m\u0259nzilin verilm\u0259si n\u0259z\u0259rd\u0259 tutulub. Eyni zamanda m\u00fcharib\u0259 \u0259lill\u0259rin\u0259 265 \u0259d\u0259d, \u00fcmumilikd\u0259 is\u0259 6 144 avtomobil t\u0259qdim edilmi\u015fdir. D\u00f6vl\u0259t ba\u015f\u00e7\u0131s\u0131n\u0131n m\u00fcvafiq F\u0259rmanlar\u0131 il\u0259 12 268 \u015f\u0259hidin v\u0259r\u0259s\u0259l\u0259rin\u0259 11 min manat m\u0259bl\u0259\u011find\u0259 bird\u0259f\u0259lik \u00f6d\u0259m\u0259nin verilm\u0259si n\u0259z\u0259rd\u0259 tutulan v\u0259 onlardan art\u0131q 3 758 \u015f\u0259hid \u00fczr\u0259 5 144 v\u0259r\u0259s\u0259y\u0259 h\u0259min \u00f6d\u0259ni\u015fl\u0259r h\u0259yata ke\u00e7irilib\u201d. Modern.az x\u0259b\u0259r verir ki, bu fikirl\u0259r son g\u00fcnl\u0259r sosial \u015f\u0259b\u0259k\u0259l\u0259rd\u0259 m\u00fcharib\u0259 veteranlar\u0131na sosial m\u00fcavin\u0259tl\u0259rin verilm\u0259sind\u0259 \u0259dal\u0259tsiz yana\u015fman\u0131n m\u00f6vcudlu\u011fu bar\u0259d\u0259 s\u0259sl\u0259n\u0259n \u0259sass\u0131z fikirl\u0259r\u0259 dair \u018fm\u0259k v\u0259 \u018fhalinin Sosial M\u00fcdafi\u0259si Nazirliyinin r\u0259smi a\u00e7\u0131qlamas\u0131nda \u0259ksini tap\u0131b.<br><br>M\u0259lumatda daha sonra bildirilir ki, m\u00fcharib\u0259 \u0259lill\u0259ri v\u0259 \u015f\u0259hid ail\u0259l\u0259ri pensiya v\u0259 ya sosial m\u00fcavin\u0259tl\u0259 b\u0259rab\u0259r, Prezidentin ayl\u0131q t\u0259qa\u00fcdl\u0259ri il\u0259 d\u0259 t\u0259min olunmaqdad\u0131rlar: \u201c\u00d6t\u0259n d\u00f6vrd\u0259 bu sosial \u00f6d\u0259ni\u015fl\u0259rin m\u0259bl\u0259\u011fi m\u00fct\u0259madi olaraq art\u0131r\u0131l\u0131b v\u0259 Az\u0259rbaycan Respublikas\u0131n\u0131n Prezidenti c\u0259nab \u0130lham \u018fliyevin 2019-cu il 30 yanvar tarixli bu sah\u0259d\u0259 olan son F\u0259rman\u0131 il\u0259 \u015f\u0259hid ail\u0259si \u00fc\u00e7\u00fcn Prezidentin t\u0259qa\u00fcd\u00fcn\u00fcn ayl\u0131q m\u0259bl\u0259\u011fi 58 manat art\u0131r\u0131laraq 300 manat m\u0259bl\u0259\u011fin\u0259 \u00e7atd\u0131r\u0131l\u0131b. \u00d6lk\u0259mizin \u0259razi b\u00fct\u00f6vl\u00fcy\u00fc, m\u00fcst\u0259qilliyi v\u0259 konstitusiya qurulu\u015funun m\u00fcdafi\u0259si u\u011frunda d\u00f6y\u00fc\u015fl\u0259rd\u0259 i\u015ftirak etmi\u015f insanlar, bu d\u00f6y\u00fc\u015fl\u0259rd\u0259 \u015f\u0259hid olanlar\u0131n ail\u0259l\u0259ri, m\u00fcharib\u0259 \u0259lill\u0259ri dig\u0259r sah\u0259l\u0259rd\u0259 d\u0259 d\u00f6vl\u0259tin daimi qay\u011f\u0131s\u0131 il\u0259 t\u0259min olunurlar. Eyni zamanda, cari ild\u0259 \u0259m\u0259k haqlar\u0131 v\u0259 pensiyalar\u0131n \u0259h\u0259miyy\u0259tli \u015f\u0259kild\u0259 art\u0131r\u0131lmas\u0131 \u00fc\u00e7\u00fcn m\u00fcvafiq s\u0259n\u0259dl\u0259rin imzalanmas\u0131 da sosial sah\u0259y\u0259 D\u00f6vl\u0259tin v\u0259 D\u00f6vl\u0259t Ba\u015f\u00e7\u0131s\u0131n\u0131n x\u00fcsusi qay\u011f\u0131s\u0131n\u0131n \u0259yani t\u0259zah\u00fcr\u00fcd\u00fcr.<br><br>Bununla bel\u0259, d\u0259f\u0259l\u0259rl\u0259 bu istiqam\u0259td\u0259 m\u0259lumat v\u0259 izahat verilm\u0259sin\u0259 baxmayaraq son g\u00fcnl\u0259r sosial \u015f\u0259b\u0259k\u0259l\u0259rd\u0259 v\u0259 ayr\u0131-ayr\u0131 media orqanlarda yuxar\u0131da sadalanan g\u00f6r\u00fclm\u00fc\u015f i\u015fl\u0259r\u0259 k\u00f6lg\u0259 sal\u0131naraq, guya m\u00fcharib\u0259 veteranlar\u0131na \u0259dal\u0259tsiz yana\u015fman\u0131n m\u00f6vcud oldu\u011fu bar\u0259d\u0259 c\u0259miyy\u0259td\u0259 yanl\u0131\u015f r\u0259y yaratma\u011fa y\u00f6n\u0259l\u0259n fikirl\u0259r s\u0259sl\u0259nm\u0259kd\u0259dir.<br>Bildiririk ki, Az\u0259rbaycan Respublikas\u0131 Prezidentinin \u201cKommunal, n\u0259qliyyat v\u0259 dig\u0259r xidm\u0259tl\u0259r \u00fczr\u0259 g\u00fcz\u0259\u015ftl\u0259rin m\u00fcavin\u0259tl\u0259rl\u0259 \u0259v\u0259z olunmas\u0131n\u0131n t\u0259min edilm\u0259si haqq\u0131nda\u201d 2001-ci il 26 dekabr tarixli 613 n\u00f6mr\u0259li F\u0259rman\u0131na \u0259sas\u0259n, azt\u0259minatl\u0131 ail\u0259l\u0259rin sosial m\u00fcdafi\u0259sini t\u0259min etm\u0259k m\u0259qs\u0259di il\u0259 b\u0259zi kateqoriya v\u0259t\u0259nda\u015flara kommunal, n\u0259qliyyat v\u0259 dig\u0259r xidm\u0259tl\u0259r \u00fczr\u0259 veril\u0259n g\u00fcz\u0259\u015ftl\u0259r m\u00fcvafiq m\u00fcavin\u0259tl\u0259rl\u0259 \u0259v\u0259z edilmi\u015fdir.<br><br>Az\u0259rbaycan Respublikas\u0131 Prezidentinin \u201cAz\u0259rbaycan Respublikas\u0131n\u0131n \u0259razi b\u00fct\u00f6vl\u00fcy\u00fc u\u011frunda d\u00f6y\u00fc\u015f \u0259m\u0259liyyatlar\u0131nda i\u015ftirak etdiyin\u0259 g\u00f6r\u0259 m\u00fcharib\u0259 veteran\u0131 ad\u0131 alm\u0131\u015f \u015f\u0259xsl\u0259rin sosial m\u00fcdafi\u0259sinin g\u00fccl\u0259ndirilm\u0259si haqq\u0131nda\u201d 2005-ci il 11 iyul tarixli 257 n\u00f6mr\u0259li F\u0259rman\u0131na \u0259sas\u0259n, \u0259m\u0259k pensiyas\u0131 almaq h\u00fcququ olmayan Az\u0259rbaycan Respublikas\u0131n\u0131n \u0259razi b\u00fct\u00f6vl\u00fcy\u00fc u\u011frunda apar\u0131lan d\u00f6y\u00fc\u015f \u0259m\u0259liyyatlar\u0131nda i\u015ftirak etdiyin\u0259 g\u00f6r\u0259 m\u00fcharib\u0259 veteran\u0131 ad\u0131 alm\u0131\u015f \u015f\u0259xsl\u0259r\u0259 kommunal v\u0259 dig\u0259r xidm\u0259tl\u0259rin \u00f6d\u0259nilm\u0259si \u00fc\u00e7\u00fcn m\u00fcavin\u0259t t\u0259yin edilib. Onu da bildiririk ki, hal-haz\u0131rda m\u00fcavin\u0259tin m\u0259bl\u0259\u011fi 55 manat t\u0259\u015fkil etm\u0259kl\u0259 52 000 n\u0259f\u0259r \u015f\u0259xs\u0259 ayl\u0131q \u0259saslarla \u201cSosial m\u00fcavin\u0259tl\u0259rin m\u0259bl\u0259\u011finin art\u0131r\u0131lmas\u0131 haqq\u0131nda\u201d Az\u0259rbaycan Respublikas\u0131 Prezidentinin 29 avqust 2013-c\u00fc il tarixli, 973 n\u00f6mr\u0259li 1.1.7-ci yar\u0131mb\u0259ndin\u0259 uy\u011fun olaraq \u00f6d\u0259nilm\u0259kd\u0259dir.<br><br>2007-ci il 22 yanvar tarixli 514 n\u00f6mr\u0259li \u201c\u018fhalinin sosial m\u00fcdafi\u0259sinin g\u00fccl\u0259ndirilm\u0259si il\u0259 ba\u011fl\u0131 \u0259lav\u0259 t\u0259dbirl\u0259r haqq\u0131nda\u201d Az\u0259rbaycan Respublikas\u0131 Prezidentinin F\u0259rman\u0131n 3-c\u00fc b\u0259ndind\u0259 2001-ci il 26 dekabr tarixli F\u0259rman\u0131n 1-ci b\u0259ndinin 6-c\u0131 abzas\u0131 q\u00fcvv\u0259d\u0259n d\u00fc\u015fm\u00fc\u015f hesab edilib.<br><br>2006-c\u0131 ilin yanvar ay\u0131n\u0131n 1-d\u0259n q\u00fcvv\u0259y\u0259 minmi\u015f \u201cSosial m\u00fcavin\u0259tl\u0259r haqq\u0131nda\u201d Az\u0259rbaycan Respublikas\u0131n\u0131n Qanununun 7.0.6-c\u0131 madd\u0259sin\u0259 \u0259sas\u0259n, kommunal, n\u0259qliyyat v\u0259 dig\u0259r xidm\u0259tl\u0259r\u0259 g\u00f6r\u0259 m\u00fcavin\u0259t onu almaq h\u00fcququ m\u00fc\u0259yy\u0259n edilmi\u015f \u015f\u0259xsl\u0259rin \u0259m\u0259k pensiyas\u0131 almaq h\u00fcququ olmad\u0131qda t\u0259yin olunur.<br><br>Haz\u0131rda q\u00fcvv\u0259d\u0259 olan \u201c\u018fm\u0259k pensiyalar\u0131 haqq\u0131nda\u201d Az\u0259rbaycan Respublikas\u0131n\u0131n Qanununun 19.1.6-c\u0131 madd\u0259sin\u0259 \u0259sas\u0259n, d\u00f6y\u00fc\u015f\u0259n ordunun t\u0259rkibind\u0259 xidm\u0259t etmi\u015f m\u00fcharib\u0259 i\u015ftirak\u00e7\u0131lar\u0131na (B\u00f6y\u00fck V\u0259t\u0259n m\u00fcharib\u0259si i\u015ftirak\u00e7\u0131lar\u0131 istisna olmaqla), habel\u0259 d\u00f6y\u00fc\u015f \u0259m\u0259liyyat\u0131 apar\u0131lan \u00f6lk\u0259d\u0259 h\u0259rbi xidm\u0259t borcunu yerin\u0259 yetirmi\u015f h\u0259rbi qulluq\u00e7ular\u0131n \u0259m\u0259k pensiyas\u0131n\u0131n s\u0131\u011forta hiss\u0259sin\u0259 11 manat m\u0259bl\u0259\u011find\u0259 \u0259lav\u0259 n\u0259z\u0259rd\u0259 tutulub\u201d.<br><br>Nazirliyin a\u00e7\u0131qlamas\u0131nda daha sonra bildirilir ki, son zamanlar \u00f6lk\u0259nin sosial-iqtisadi inki\u015faf imkanlar\u0131na uy\u011fun olaraq bu sah\u0259d\u0259 qanunvericilik ciddi \u015f\u0259kild\u0259 t\u0259hlil olunaraq, sosial m\u00fcavin\u0259tl\u0259rin unifikasiyas\u0131 v\u0259 t\u0259kmill\u0259\u015fdirilm\u0259si y\u00f6n\u00fcnd\u0259 m\u00fcvafiq i\u015fl\u0259r g\u00f6r\u00fcl\u00fcb: \u201cBu prosesin davam etdirilm\u0259si v\u0259 qanunvericiliyin t\u0259kmill\u0259\u015fdirilm\u0259si \u00fczr\u0259 islahatlar\u0131n apar\u0131lmas\u0131 qar\u015f\u0131dak\u0131 d\u00f6vrd\u0259 d\u0259 n\u0259z\u0259rd\u0259 tutulub. Son olaraq, v\u0259t\u0259np\u0259rv\u0259rliyini, d\u00f6vl\u0259t\u00e7iliy\u0259 sadiqliyini ke\u00e7dikl\u0259ri h\u0259yat yolu il\u0259 s\u00fcbut etmi\u015f Qaraba\u011f m\u00fcharib\u0259si veteranlar\u0131n\u0131, \u0259sass\u0131z iddialar \u00fcz\u0259rind\u0259 h\u00f6kum\u0259t\u0259 qar\u015f\u0131 m\u0259nfi fikirl\u0259r\u0259 k\u00f6kl\u0259y\u0259n, a\u00e7\u0131q \u015f\u0259kild\u0259 etiraza t\u0259hrik ed\u0259n b\u0259zi \u015f\u0259xsl\u0259r\u0259 bu c\u0259hdl\u0259rind\u0259n uzaq olma\u011f\u0131, d\u00f6vl\u0259t qurumlar\u0131na qar\u015f\u0131 qeyri-etik davran\u0131\u015flardan \u00e7\u0259kinm\u0259yi t\u00f6vsiy\u0259 edir, \u00f6lk\u0259 r\u0259hb\u0259rinin ba\u015f\u00e7\u0131l\u0131\u011f\u0131 alt\u0131nda H\u00f6k\u00fcm\u0259tin g\u00f6rd\u00fcy\u00fc i\u015fl\u0259r\u0259 k\u00f6lg\u0259 salma\u011f\u0131n, eyni zamanda v\u0259t\u0259n\u0259 sevginin t\u0259kc\u0259 maddi meyarlarla \u00f6l\u00e7\u00fclm\u0259sinin yol verilm\u0259z oldu\u011funu onlar\u0131n diqq\u0259tin\u0259 \u00e7atd\u0131r\u0131r\u0131q\u201d.\/modern.az\/<br><br>Fedai.az: Birc\u0259 \u0259lav\u0259 ed\u0259k ki, V\u0259t\u0259n\u0259 sadiqliyin\u0259 \u015f\u00fcbh\u0259 etm\u0259dikl\u0259ri insanlar\u0131 &#171;a\u011f\u0131ll\u0131 olma\u011fa&#187; \u00e7a\u011f\u0131ran nazirlik \u0259m\u0259kda\u015flar\u0131, m\u0259n inan\u0131ram ki, V\u0259t\u0259nimiz namin\u0259 bundan sonra ald\u0131qlar\u0131 \u0259m\u0259k haqqlar\u0131n\u0131 \u00f6lk\u0259mizin m\u00fcdafi\u0259 qabiliyy\u0259tinin g\u00fccl\u0259ndirilm\u0259si \u00fc\u00e7\u00fcn Milli M\u00fcdafi\u0259 Fonduna k\u00f6\u00e7\u00fcr\u0259c\u0259kl\u0259r. H\u0259m d\u0259 \u00f6lk\u0259miz\u0259 Erm\u0259nistandan g\u0259tirilib B\u0259rd\u0259 bazar\u0131nda sat\u0131lan qos-qoca in\u0259kl\u0259ri d\u0259 sakit buraxacaqlar.<br>M\u00f6vzuya daha geni\u015f anlamda qay\u0131daca\u011f\u0131q&#8230;<br><br><strong>Fedai.az Ara\u015fd\u0131rma Qrupu<br><em>(Yerli K\u0130V-l\u0259rin m\u0259lumatlar\u0131ndan istifad\u0259 olunub)<\/em><\/strong><\/p>\n","protected":false},"excerpt":{"rendered":"<p>\u018fziz dostlar! H\u00f6rm\u0259tli h\u0259mkarlar! Bildiyiniz kimi \u00f6t\u0259n h\u0259ft\u0259nin bu g\u00fcn\u00fc biz Ba\u015f nazir Novruz M\u0259mm\u0259dova&#8230;<\/p>\n","protected":false},"author":3,"featured_media":585,"comment_status":"closed","ping_status":"closed","sticky":false,"template":"","format":"standard","meta":{"footnotes":""},"categories":[6],"tags":[],"class_list":["post-584","post","type-post","status-publish","format-standard","has-post-thumbnail","hentry","category-cmiyyt"],"featured_image_urls":{"full":["https:\/\/veteran.az\/wp-content\/uploads\/2019\/02\/Sahil_Babayev.jpg",862,669,false],"thumbnail":["https:\/\/veteran.az\/wp-content\/uploads\/2019\/02\/Sahil_Babayev-150x150.jpg",150,150,true],"medium":["https:\/\/veteran.az\/wp-content\/uploads\/2019\/02\/Sahil_Babayev-300x233.jpg",300,233,true],"medium_large":["https:\/\/veteran.az\/wp-content\/uploads\/2019\/02\/Sahil_Babayev-768x596.jpg",640,497,true],"large":["https:\/\/veteran.az\/wp-content\/uploads\/2019\/02\/Sahil_Babayev.jpg",640,497,false],"1536x1536":["https:\/\/veteran.az\/wp-content\/uploads\/2019\/02\/Sahil_Babayev.jpg",862,669,false],"2048x2048":["https:\/\/veteran.az\/wp-content\/uploads\/2019\/02\/Sahil_Babayev.jpg",862,669,false],"covernews-slider-full":["https:\/\/veteran.az\/wp-content\/uploads\/2019\/02\/Sahil_Babayev.jpg",862,669,false],"covernews-slider-center":["https:\/\/veteran.az\/wp-content\/uploads\/2019\/02\/Sahil_Babayev.jpg",644,500,false],"covernews-featured":["https:\/\/veteran.az\/wp-content\/uploads\/2019\/02\/Sahil_Babayev.jpg",862,669,false],"covernews-medium":["https:\/\/veteran.az\/wp-content\/uploads\/2019\/02\/Sahil_Babayev-720x380.jpg",540,285,true],"covernews-medium-square":["https:\/\/veteran.az\/wp-content\/uploads\/2019\/02\/Sahil_Babayev-675x450.jpg",375,250,true]},"author_info":{"display_name":"Veteran.az","author_link":"https:\/\/veteran.az\/?author=3"},"category_info":"<a href=\"https:\/\/veteran.az\/?cat=6\" rel=\"category\">C\u0259miyy\u0259t<\/a>","tag_info":"C\u0259miyy\u0259t","comment_count":"0","_links":{"self":[{"href":"https:\/\/veteran.az\/index.php?rest_route=\/wp\/v2\/posts\/584","targetHints":{"allow":["GET"]}}],"collection":[{"href":"https:\/\/veteran.az\/index.php?rest_route=\/wp\/v2\/posts"}],"about":[{"href":"https:\/\/veteran.az\/index.php?rest_route=\/wp\/v2\/types\/post"}],"author":[{"embeddable":true,"href":"https:\/\/veteran.az\/index.php?rest_route=\/wp\/v2\/users\/3"}],"replies":[{"embeddable":true,"href":"https:\/\/veteran.az\/index.php?rest_route=%2Fwp%2Fv2%2Fcomments&post=584"}],"version-history":[{"count":1,"href":"https:\/\/veteran.az\/index.php?rest_route=\/wp\/v2\/posts\/584\/revisions"}],"predecessor-version":[{"id":586,"href":"https:\/\/veteran.az\/index.php?rest_route=\/wp\/v2\/posts\/584\/revisions\/586"}],"wp:featuredmedia":[{"embeddable":true,"href":"https:\/\/veteran.az\/index.php?rest_route=\/wp\/v2\/media\/585"}],"wp:attachment":[{"href":"https:\/\/veteran.az\/index.php?rest_route=%2Fwp%2Fv2%2Fmedia&parent=584"}],"wp:term":[{"taxonomy":"category","embeddable":true,"href":"https:\/\/veteran.az\/index.php?rest_route=%2Fwp%2Fv2%2Fcategories&post=584"},{"taxonomy":"post_tag","embeddable":true,"href":"https:\/\/veteran.az\/index.php?rest_route=%2Fwp%2Fv2%2Ftags&post=584"}],"curies":[{"name":"wp","href":"https:\/\/api.w.org\/{rel}","templated":true}]}}