{"id":5753,"date":"2020-04-24T08:14:28","date_gmt":"2020-04-24T04:14:28","guid":{"rendered":"http:\/\/veteran.az\/?p=5753"},"modified":"2020-04-24T08:14:30","modified_gmt":"2020-04-24T04:14:30","slug":"ali-bas-komandanin-%c9%99mrini-gozl%c9%99yirik-dusm%c9%99n-h%c9%99r-an-m%c9%99hv-edil%c9%99-bil%c9%99r-prezidentin-kom%c9%99kcisi","status":"publish","type":"post","link":"https:\/\/veteran.az\/?p=5753","title":{"rendered":"Ali Ba\u015f Komandan\u0131n \u0259mrini g\u00f6zl\u0259yirik, d\u00fc\u015fm\u0259n h\u0259r an m\u0259hv edil\u0259 bil\u0259r&#8230; &#8212; Prezidentin k\u00f6m\u0259k\u00e7isi"},"content":{"rendered":"\n<p><strong><em>Az\u0259rbaycan Respublikas\u0131 Prezidentinin k\u00f6m\u0259k\u00e7isi \u2013 Az\u0259rbaycan Respublikas\u0131 Prezidentinin Administrasiyas\u0131n\u0131n H\u0259rbi m\u0259s\u0259l\u0259l\u0259r \u015f\u00f6b\u0259sinin m\u00fcdiri general-polkovnik M\u0259h\u0259rr\u0259m \u018fliyevin Trend-in suallar\u0131n\u0131 cavabland\u0131r\u0131b:<\/em><\/strong><\/p>\n\n\n\n<p><strong>&#8212; C\u0259nab general-polkovnik, bildiyimiz kimi bug\u00fcnl\u0259rd\u0259 Rusiya Federasiyas\u0131n\u0131n xarici i\u015fl\u0259r naziri Sergey Lavrov Erm\u0259nistan -Az\u0259rbaycan, Da\u011fl\u0131q Qaraba\u011f m\u00fcnaqi\u015f\u0259sinin m\u0259rh\u0259l\u0259li h\u0259lli il\u0259 ba\u011fl\u0131 b\u0259yanat s\u0259sl\u0259ndirib. Lakin Erm\u0259nistan r\u0259hb\u0259rliyi n\u00f6vb\u0259ti d\u0259f\u0259 qeyri-konstruktivlik n\u00fcmayi\u015f etdir\u0259r\u0259k, dan\u0131\u015f\u0131qlar prosesini pozmaqla yana\u015f\u0131, i\u015f\u011fal alt\u0131ndak\u0131 \u0259razil\u0259rimizi geri qaytarmayacaqlar\u0131n\u0131 b\u0259yan edibl\u0259r. Siz bu m\u0259s\u0259l\u0259y\u0259 nec\u0259 m\u00fcnasib\u0259t bildir\u0259rdiniz?<\/strong><\/p>\n\n\n\n<p>\u018fslind\u0259, Erm\u0259nistan r\u0259hb\u0259rliyinin, el\u0259c\u0259 d\u0259 bu \u00f6lk\u0259nin xarici i\u015fl\u0259r idar\u0259sinin i\u015f\u011fal\u00e7\u0131l\u0131q m\u00f6vqeyind\u0259n \u00e7\u0131x\u0131\u015f ed\u0259n b\u0259yanatlar s\u0259sl\u0259ndirm\u0259si, Qaraba\u011f m\u00fcnaqi\u015f\u0259sinin s\u00fclh yolu il\u0259 h\u0259llin\u0259 dair \u0259ld\u0259 edil\u0259n raz\u0131la\u015fmalardan boyun qa\u00e7\u0131rmas\u0131 bir daha qar\u015f\u0131 t\u0259r\u0259fin m\u0259qs\u0259dini a\u00e7\u0131q-a\u015fkar b\u0259lli edir v\u0259 s\u00f6z yox ki, Az\u0259rbaycan\u0131n \u00f6z torpaqlar\u0131n\u0131 h\u0259rbi yolla azad etm\u0259si h\u00fcququ \u00f6z q\u00fcvv\u0259sind\u0259 qalmaqdad\u0131r.<\/p>\n\n\n\n<p>Lakin eyni zamanda, Az\u0259rbaycan d\u00f6vl\u0259ti dan\u0131\u015f\u0131qlar prosesind\u0259 m\u00fcnaqi\u015f\u0259nin h\u00fcquqi \u00e7\u0259r\u00e7iv\u0259d\u0259 v\u0259 s\u00fclh yolu il\u0259 h\u0259llinin t\u0259r\u0259fdar\u0131 oldu\u011funu da b\u0259yan edib. Bu bax\u0131mdan, hesab edir\u0259m ki, Erm\u0259nistan r\u0259hb\u0259rliyinin h\u0259r d\u0259f\u0259 bu prosesl\u0259rd\u0259n m\u00fcxt\u0259lif \u00fcsullarla yay\u0131nmas\u0131 c\u0259hdl\u0259ri Az\u0259rbaycana ba\u015fqa \u00e7\u0131x\u0131\u015f yolu qoymur.<\/p>\n\n\n\n<p>Biz h\u0259m\u00e7inin daha bir m\u00fch\u00fcm amili d\u0259 xat\u0131rlamal\u0131y\u0131q ki, Ali Ba\u015f Komandan\u0131m\u0131z, Prezident \u0130lham \u018fliyev c\u0259nablar\u0131 bir s\u0131ra n\u00fcfuzlu beyn\u0259lxalq tribunalarda d\u0259f\u0259l\u0259rl\u0259 \u00f6z q\u0259tiyy\u0259tli m\u00f6vqeyini b\u0259yan edib. \u0130st\u0259r M\u00fcnhen T\u0259hl\u00fck\u0259sizlik Konfrans\u0131nda, ist\u0259rs\u0259 d\u0259 MDB d\u00f6vl\u0259t ba\u015f\u00e7\u0131lar\u0131n\u0131n i\u015ftirak\u0131 il\u0259 ke\u00e7iril\u0259n \u201cValday\u201d klubunda \u00e7\u0131x\u0131\u015f ed\u0259n c\u0259nab Prezident \u0130lham \u018fliyev Qaraba\u011f\u0131n Az\u0259rbaycan\u0131n ayr\u0131lmaz t\u0259rkib hiss\u0259si oldu\u011funu, i\u015f\u011fal\u00e7\u0131l\u0131q siyas\u0259ti il\u0259 \u0259sla bar\u0131\u015fmayaca\u011f\u0131n\u0131 vur\u011fulay\u0131b. \u018fb\u0259s deyil ki, m\u0259hz \u201cQaraba\u011f Az\u0259rbaycan\u0131nd\u0131r v\u0259 nida i\u015far\u0259si\u201d b\u0259yanat\u0131 haz\u0131rk\u0131 g\u00fcnd\u0259 d\u0259 i\u015f\u011fal\u00e7\u0131 erm\u0259ni h\u0259rbi-siyasi dair\u0259l\u0259rini ciddi \u015f\u0259kild\u0259 narahat etm\u0259kd\u0259dir.<\/p>\n\n\n\n<p>Onu da d\u00fc\u015f\u00fcn\u00fcr\u0259m ki, onlar sad\u0259c\u0259 qorxular\u0131n\u0131 xalqdan bu c\u00fcr u\u011fursuz b\u0259yanatlar\u0131 il\u0259 gizl\u0259tm\u0259y\u0259 c\u0259hd g\u00f6st\u0259rirl\u0259r. \u00dcmumiyy\u0259tl\u0259, dan\u0131\u015f\u0131qlar masas\u0131ndan imtina ed\u0259n erm\u0259ni t\u0259r\u0259fi birm\u0259nal\u0131 \u015f\u0259kild\u0259 anlama\u011fa m\u0259hkumdur ki, onlar\u0131n bu c\u00fcr davran\u0131\u015flar\u0131 n\u0259 h\u0259min d\u00f6vl\u0259t\u0259, n\u0259 d\u0259 erm\u0259ni xalq\u0131na yax\u015f\u0131 he\u00e7 n\u0259 v\u0259d etmir.<\/p>\n\n\n\n<p><strong>&#8212; M\u0259h\u0259rr\u0259m m\u00fc\u0259llim, sizc\u0259 sad\u0259 erm\u0259ni xalq\u0131 m\u00fcnaqi\u015f\u0259nin davam etm\u0259sind\u0259 n\u0259 q\u0259d\u0259r maraql\u0131d\u0131r, \u00fcmumiyy\u0259tl\u0259, Erm\u0259nistan hakimiyy\u0259tinin m\u0259lum fikrini b\u00fct\u00f6vl\u00fckd\u0259 xalq\u0131n fikri il\u0259 eyni m\u00fcst\u0259vid\u0259 tutmaq n\u0259 q\u0259d\u0259r m\u00fcmk\u00fcnd\u00fcr?<\/strong><\/p>\n\n\n\n<p>&#8212; el\u0259 d\u00fc\u015f\u00fcnm\u00fcr\u0259m. Sad\u0259 erm\u0259ni xalq\u0131 \u00fcmumiyy\u0259tl\u0259 bir-birini m\u00fcxt\u0259lif yollarla d\u0259yi\u015f\u0259n hakimiyy\u0259tl\u0259rin maraqlar\u0131n\u0131 b\u00f6l\u00fc\u015fm\u00fcr. Tarix v\u0259 s\u0259n\u0259dl\u0259r s\u00fcbut edir ki, m\u00fcnaqi\u015f\u0259nin t\u0259m\u0259li xaricd\u0259 ya\u015fayan erm\u0259ni lobbisinin v\u0259 \u0259sas\u0259n d\u0259 ultra-mill\u0259t\u00e7i, el\u0259c\u0259 d\u0259 terror maraqlar\u0131ndan \u00e7\u0131x\u0131\u015f ed\u0259n Da\u015fnaksyutun t\u0259msil\u00e7il\u0259ri t\u0259r\u0259find\u0259n qoyulub. Y\u0259ni bu m\u0259krli plan\u0131n i\u015fl\u0259nib-haz\u0131rlanmas\u0131nda sad\u0259 erm\u0259ni xalq\u0131 i\u015ftirak etm\u0259yib. Biz d\u0259f\u0259l\u0259rl\u0259 \u015fahidi olmu\u015fuq ki, sad\u0259 xalq m\u00fcharib\u0259y\u0259 qar\u015f\u0131 etiraz s\u0259sini ucald\u0131r, Qaraba\u011fda h\u0259rbi xidm\u0259t\u0259 g\u00f6nd\u0259ril\u0259n v\u0259 h\u0259lak olan g\u0259ncl\u0259rin analar\u0131 m\u00fcnaqi\u015f\u0259y\u0259 son qoyulmas\u0131n\u0131 t\u0259l\u0259b edirl\u0259r. O da \u0259b\u0259s deyil ki, c\u0259nab Prezident \u0130lham \u018fliyev bu m\u0259s\u0259l\u0259y\u0259 d\u0259 m\u00fcnasib\u0259tini bildirib. \u00d6lk\u0259 ba\u015f\u00e7\u0131m\u0131z vur\u011fulay\u0131b ki, \u0259g\u0259r erm\u0259ni \u0259sg\u0259ri Qaraba\u011fda \u00f6lm\u0259k ist\u0259mirs\u0259, Erm\u0259nistan r\u0259hb\u0259rliyi i\u015f\u011fal\u00e7\u0131 siyas\u0259tin\u0259 son qoymal\u0131, torpaqlar\u0131m\u0131z\u0131 t\u0259rk etm\u0259lidirl\u0259r.<\/p>\n\n\n\n<p><strong>&#8212; Yeri g\u0259lmi\u015fk\u0259n, c\u0259nab Prezident \u0130lham \u018fliyev i\u015f\u011fal alt\u0131nda qalan torpaqlar\u0131m\u0131z\u0131n h\u0259r an azad edil\u0259c\u0259yi il\u0259 d\u0259 ba\u011fl\u0131 b\u0259yanatlar s\u0259sl\u0259ndirib v\u0259 vur\u011fulay\u0131b ki, Az\u0259rbaycan g\u00fccl\u00fc d\u00f6vl\u0259tdir v\u0259 Az\u0259rbaycan\u0131n g\u00fccl\u00fc Ordusu var&#8230;<\/strong><\/p>\n\n\n\n<p>&#8212; B\u0259li, bu bir reall\u0131qd\u0131r v\u0259 d\u00fcnya birliyi t\u0259r\u0259find\u0259n d\u0259 q\u0259bul edil\u0259n ger\u00e7\u0259klidir ki, g\u00fccl\u00fc Orduya v\u0259 \u0259n m\u00fcasir h\u0259rbi s\u0259naye imkanlar\u0131na malik olan Az\u0259rbaycan\u0131n Silahl\u0131 Q\u00fcvv\u0259l\u0259ri beyn\u0259lxalq al\u0259min m\u00fcxt\u0259lif ordu reytinql\u0259rini m\u00fc\u0259yy\u0259n ed\u0259n c\u0259dv\u0259ll\u0259rind\u0259, sor\u011fu n\u0259tic\u0259l\u0259rind\u0259 y\u00fcks\u0259k m\u00f6vqey\u0259 sahibdir. Ona g\u00f6r\u0259 d\u0259 hesab edir\u0259m ki, \u0259g\u0259r Az\u0259rbaycan dan\u0131\u015f\u0131qlar masas\u0131nda oturursa, h\u0259rbi g\u00fcc, h\u0259rbi q\u00fcdr\u0259t faktoru da n\u0259z\u0259r\u0259 al\u0131n\u0131r.<\/p>\n\n\n\n<p>\u018fslind\u0259 ortada olan faktlar da bu reall\u0131\u011f\u0131 \u0259ks etdirm\u0259kd\u0259dir. Misal \u00fc\u00e7\u00fcn, bu g\u00fcn Erm\u0259nistan\u0131n h\u0259rbi-siyasi dair\u0259l\u0259rind\u0259n tutmu\u015f \u0259n sad\u0259 v\u0259t\u0259nda\u015f\u0131na q\u0259d\u0259r h\u0259r k\u0259s bilir v\u0259 d\u0259rk edir ki, Az\u0259rbaycan\u0131n 2016-c\u0131 ild\u0259ki Aprel u\u011furu, habel\u0259 2018-ci ild\u0259 \u0259ld\u0259 etdiyi G\u00fcnn\u00fct q\u0259l\u0259b\u0259si davam ed\u0259 v\u0259 z\u0259f\u0259r bayra\u011f\u0131m\u0131z i\u015f\u011fal edilmi\u015f b\u00fct\u00fcn \u0259razil\u0259rimizd\u0259 dal\u011falana bil\u0259r. Ona g\u00f6r\u0259 d\u0259, m\u00fcxt\u0259lif u\u011fursuz v\u0259 ucuz t\u0259f\u0259kk\u00fcrl\u00fc b\u0259yanatlar\u0131 il\u0259 nec\u0259 dey\u0259rl\u0259r, sudan quru \u00e7\u0131xacaqlar\u0131n\u0131 san\u0131rlar. Amma g\u00f6r\u00fcnd\u00fcy\u00fc kimi k\u00f6k\u00fcnd\u0259n yan\u0131l\u0131rlar. Az\u0259rbaycan\u0131n q\u00fcdr\u0259tli Silahl\u0131 Q\u00fcvv\u0259l\u0259ri n\u0259inki regionun, el\u0259c\u0259 d\u0259 beyn\u0259lxalq t\u0259hl\u00fck\u0259sizliyin t\u0259min olunmas\u0131nda, qorunmas\u0131nda \u0259sasl\u0131 m\u00f6vqey\u0259 malikdir. Art\u0131q ill\u0259rdir ki, Az\u0259rbaycan zabiti v\u0259 \u0259sg\u0259ri ist\u0259r NATO t\u0259liml\u0259ri \u00e7\u0259r\u00e7iv\u0259sind\u0259, ist\u0259rs\u0259 d\u0259 ayr\u0131-ayr\u0131 \u00f6lk\u0259l\u0259rl\u0259 ke\u00e7iril\u0259n iri miqyasl\u0131 h\u0259rbi t\u0259liml\u0259rd\u0259, habel\u0259 beyn\u0259lxalq terrorla m\u00fcbariz\u0259 m\u0259s\u0259l\u0259l\u0259rind\u0259 \u00f6nc\u00fcl yerl\u0259r\u0259 sahib olmaqdad\u0131r.<\/p>\n\n\n\n<p>O c\u00fcml\u0259d\u0259n, Az\u0259rbaycan xalq\u0131 da \u00f6z Ali Ba\u015f Komandan\u0131n\u0131n ver\u0259c\u0259yi \u0259mrini g\u00f6zl\u0259yir v\u0259 h\u0259r an i\u015f\u011fal alt\u0131nda qalm\u0131\u015f \u0259razil\u0259rinin azad olunmas\u0131 \u00fc\u00e7\u00fcn s\u0259f\u0259rb\u0259r olma\u011fa haz\u0131r oldu\u011funu s\u0259rgil\u0259yir. Bu d\u00f6vl\u0259timizin, xalq\u0131m\u0131z\u0131n dan\u0131lmaz haqq s\u0259sidir v\u0259 ona g\u00f6r\u0259 d\u0259, i\u015f\u011fal\u00e7\u0131lar unutmamal\u0131d\u0131rlar ki, Az\u0259rbaycan\u0131n yaln\u0131z g\u00fccl\u00fc diplomatiyas\u0131 deyil, h\u0259rbi ritorika faktoru da m\u00f6vcuddur. Y\u0259ni Erm\u0259nistan\u0131n h\u0259rbi-siyasi r\u0259hb\u0259rliyinin c\u0259f\u0259ng, publikaya hesablanm\u0131\u015f ucuz fikirl\u0259rind\u0259n f\u0259rqli olaraq, Az\u0259rbaycan\u0131n d\u00f6vl\u0259t r\u0259hb\u0259rliyi t\u0259r\u0259find\u0259n s\u0259sl\u0259n\u0259n b\u0259yanatlar \u0259m\u0259li i\u015fl\u0259rl\u0259 isbata yetirilir.<\/p>\n\n\n\n<p><strong>&#8212; C\u0259nab general-polkovnik, art\u0131q aylard\u0131r ki, d\u00fcnyada koronavirus pademiyas\u0131 ayaq-a\u00e7\u0131b yeriyir, m\u00fcxt\u0259lif \u00f6lk\u0259l\u0259rd\u0259, el\u0259c\u0259 d\u0259 Erm\u0259nistanda bu v\u0259ziyy\u0259tin qar\u015f\u0131s\u0131n\u0131n al\u0131nmas\u0131 istiqam\u0259tind\u0259 acizlik n\u00fcmayi\u015f olunur. H\u0259tta ordu s\u0131ralar\u0131nda yoluxma hallar\u0131n\u0131n qar\u015f\u0131s\u0131 al\u0131nm\u0131rsa, onda Erm\u0259nistan r\u0259hb\u0259rliyi n\u0259y\u0259 arxay\u0131nd\u0131r?<\/strong><\/p>\n\n\n\n<p>\u00c7ox do\u011frudur ki, art\u0131q ill\u0259rdir regional v\u0259 beyn\u0259lxalq layih\u0259l\u0259rd\u0259n t\u0259crid olunmu\u015f Erm\u0259nistan d\u00f6vl\u0259ti paralel olaraq koronavirus pandemiyas\u0131ndan da a\u011f\u0131r z\u0259rb\u0259l\u0259r al\u0131r, \u00f6lk\u0259 daha a\u011f\u0131r v\u0259ziyy\u0259t\u0259 do\u011fru s\u00fcr\u00fckl\u0259nir. Dey\u0259rdim ki, d\u00fcnyan\u0131n COVID-19-la m\u00fcbariz\u0259 apard\u0131\u011f\u0131 bir d\u00f6n\u0259md\u0259, h\u0259tta apar\u0131c\u0131 d\u00f6vl\u0259tl\u0259rin bel\u0259, m\u00fcxt\u0259lif b\u00f6hranlarla \u00fczl\u0259\u015fdiyi bir vaxtda he\u00e7 bir h\u0259rbi, sosial v\u0259 iqtisadi daya\u011f\u0131 olmayan i\u015f\u011fal\u00e7\u0131 Erm\u0259nistan\u0131n m\u0259lum davran\u0131\u015f\u0131 v\u0259 h\u0259r hans\u0131 \u201cm\u00f6c\u00fcz\u0259y\u0259\u201d \u00fcmid etm\u0259si qeyri-ciddilik t\u0259siri ba\u011f\u0131\u015flay\u0131r.<\/p>\n\n\n\n<p>Erm\u0259nistan r\u0259hb\u0259rliyi bo\u011fazdan yuxar\u0131 b\u0259yanatlar s\u0259sl\u0259ndirm\u0259kd\u0259ns\u0259, yax\u015f\u0131 olard\u0131 ki, h\u0259rbi hiss\u0259l\u0259rind\u0259 koronavirusa yoluxma hallar\u0131n\u0131n qar\u015f\u0131s\u0131n\u0131 almaq istiqam\u0259tind\u0259 t\u0259dbirl\u0259rini g\u00f6rs\u00fcnl\u0259r. \u00c7\u00fcnki erm\u0259ni m\u0259tbuat\u0131ndan da izl\u0259diyimiz kimi, art\u0131q i\u015f\u011fal\u00e7\u0131 \u00f6lk\u0259nin ordu s\u0131ralar\u0131nda kifay\u0259t q\u0259d\u0259r infeksiyaya yoluxma hallar\u0131 m\u00f6vcuddur. Y\u0259ni bu, t\u0259kzibolunmaz bir faktd\u0131r.<\/p>\n\n\n\n<p>Bilirsiniz, art\u0131q COVID-19 reall\u0131\u011f\u0131ndan sonra d\u00fcnyan\u0131n h\u0259m siyasi, h\u0259m d\u0259 iqtisadi d\u00fcz\u0259ni v\u0259 imkanlar\u0131 d\u0259yi\u015filir v\u0259 i\u015f\u011fal\u00e7\u0131 \u00f6lk\u0259 bunu anlama\u011fa m\u0259hkumdur. Onlar \u0259g\u0259r d\u00f6vl\u0259tl\u0259rinin ya\u015famas\u0131n\u0131, ayaqda qalmas\u0131n\u0131 ist\u0259yirl\u0259rs\u0259 bel\u0259 l\u00fczumsuz iddialar\u0131ndan \u0259l \u00e7\u0259km\u0259li, m\u00fcnaqi\u015f\u0259nin h\u0259lli istiqam\u0259tind\u0259 t\u0259l\u0259b olunan qaydalara riay\u0259t etm\u0259lidirl\u0259r. \u018fg\u0259r bir \u00f6lk\u0259nin ordusunda virus t\u00fc\u011fyan edirs\u0259, bu ordunun hans\u0131 \u00fcst\u00fcnl\u00fcy\u00fcnd\u0259n dan\u0131\u015fma\u011fa d\u0259y\u0259r? Ona g\u00f6r\u0259 d\u0259 hesab edir\u0259m ki, \u00fcmumiyy\u0259tl\u0259, Erm\u0259nistan\u0131n ba\u015fqa \u00e7\u0131x\u0131\u015f yolu da qalmay\u0131b \u2013 onlar ya m\u00fcvafiq h\u0259ll variant\u0131na boyun \u0259ym\u0259li, ya da prosesd\u0259n k\u0259nara \u00e7\u0259kil\u0259r\u0259k, a\u011f\u0131r n\u0259tic\u0259l\u0259r\u0259 g\u0259tirib-\u00e7\u0131xaracaq m\u00fcq\u0259dd\u0259ratlar\u0131 bar\u0259d\u0259 d\u00fc\u015f\u00fcnm\u0259lidirl\u0259r.<\/p>\n\n\n\n<p><strong>&#8212; M\u0259h\u0259rr\u0259m m\u00fc\u0259llim, dem\u0259k bel\u0259 n\u0259tic\u0259y\u0259 g\u0259lm\u0259k olar ki, \u0259slind\u0259 i\u015f\u011fal\u00e7\u0131 \u00f6lk\u0259nin h\u0259rbi-siyasi dair\u0259l\u0259rinin m\u0259lum b\u0259yanat v\u0259 inadkarl\u0131qlar\u0131 onlara he\u00e7 d\u0259 yax\u015f\u0131 m\u00fcq\u0259dd\u0259rat v\u0259d etmir?<\/strong><\/p>\n\n\n\n<p>&#8212; T\u0259bii ki, bu bel\u0259dir. Hesab edir\u0259m ki, Erm\u0259nistan\u0131n h\u0259rbi-siyasi v\u0259 diplomatik dair\u0259l\u0259ri qeyd edil\u0259n faktlar\u0131 bir daha n\u0259z\u0259rd\u0259n ke\u00e7irm\u0259li, t\u0259hlill\u0259rini apar\u0131b, sa\u011flam d\u00fc\u015f\u00fcnc\u0259 ortaya qoymal\u0131d\u0131rlar. \u018fks halda, Az\u0259rbaycan\u0131n \u015fanl\u0131 Ordusu Ali Ba\u015f Komandan\u0131m\u0131z c\u0259nab \u0130lham \u018fliyevin r\u0259hb\u0259rliyi alt\u0131nda d\u00fc\u015fm\u0259ni q\u0131sa m\u00fcdd\u0259td\u0259 m\u0259\u011flub edib, \u00fc\u00e7r\u0259ngli bayra\u011f\u0131m\u0131z\u0131 azad edilmi\u015f torpaqlar\u0131m\u0131zda dal\u011faland\u0131racaq. Bu ger\u00e7\u0259kliy\u0259 is\u0259 kims\u0259nin \u015f\u00fcbh\u0259si olmamal\u0131d\u0131r.<\/p>\n","protected":false},"excerpt":{"rendered":"<p>Az\u0259rbaycan Respublikas\u0131 Prezidentinin k\u00f6m\u0259k\u00e7isi \u2013 Az\u0259rbaycan Respublikas\u0131 Prezidentinin Administrasiyas\u0131n\u0131n H\u0259rbi m\u0259s\u0259l\u0259l\u0259r \u015f\u00f6b\u0259sinin m\u00fcdiri general-polkovnik M\u0259h\u0259rr\u0259m&#8230;<\/p>\n","protected":false},"author":3,"featured_media":5754,"comment_status":"closed","ping_status":"closed","sticky":false,"template":"","format":"standard","meta":{"footnotes":""},"categories":[9],"tags":[],"class_list":["post-5753","post","type-post","status-publish","format-standard","has-post-thumbnail","hentry","category-sq"],"featured_image_urls":{"full":["https:\/\/veteran.az\/wp-content\/uploads\/2020\/04\/maharram_aliyev_260220.jpg",800,450,false],"thumbnail":["https:\/\/veteran.az\/wp-content\/uploads\/2020\/04\/maharram_aliyev_260220-150x150.jpg",150,150,true],"medium":["https:\/\/veteran.az\/wp-content\/uploads\/2020\/04\/maharram_aliyev_260220-300x169.jpg",300,169,true],"medium_large":["https:\/\/veteran.az\/wp-content\/uploads\/2020\/04\/maharram_aliyev_260220-768x432.jpg",640,360,true],"large":["https:\/\/veteran.az\/wp-content\/uploads\/2020\/04\/maharram_aliyev_260220.jpg",640,360,false],"1536x1536":["https:\/\/veteran.az\/wp-content\/uploads\/2020\/04\/maharram_aliyev_260220.jpg",800,450,false],"2048x2048":["https:\/\/veteran.az\/wp-content\/uploads\/2020\/04\/maharram_aliyev_260220.jpg",800,450,false],"covernews-slider-full":["https:\/\/veteran.az\/wp-content\/uploads\/2020\/04\/maharram_aliyev_260220.jpg",800,450,false],"covernews-slider-center":["https:\/\/veteran.az\/wp-content\/uploads\/2020\/04\/maharram_aliyev_260220.jpg",800,450,false],"covernews-featured":["https:\/\/veteran.az\/wp-content\/uploads\/2020\/04\/maharram_aliyev_260220.jpg",800,450,false],"covernews-medium":["https:\/\/veteran.az\/wp-content\/uploads\/2020\/04\/maharram_aliyev_260220-720x380.jpg",540,285,true],"covernews-medium-square":["https:\/\/veteran.az\/wp-content\/uploads\/2020\/04\/maharram_aliyev_260220-675x450.jpg",375,250,true]},"author_info":{"display_name":"Veteran.az","author_link":"https:\/\/veteran.az\/?author=3"},"category_info":"<a href=\"https:\/\/veteran.az\/?cat=9\" rel=\"category\">Silahl\u0131 Q\u00fcvv\u0259l\u0259r<\/a>","tag_info":"Silahl\u0131 Q\u00fcvv\u0259l\u0259r","comment_count":"0","_links":{"self":[{"href":"https:\/\/veteran.az\/index.php?rest_route=\/wp\/v2\/posts\/5753","targetHints":{"allow":["GET"]}}],"collection":[{"href":"https:\/\/veteran.az\/index.php?rest_route=\/wp\/v2\/posts"}],"about":[{"href":"https:\/\/veteran.az\/index.php?rest_route=\/wp\/v2\/types\/post"}],"author":[{"embeddable":true,"href":"https:\/\/veteran.az\/index.php?rest_route=\/wp\/v2\/users\/3"}],"replies":[{"embeddable":true,"href":"https:\/\/veteran.az\/index.php?rest_route=%2Fwp%2Fv2%2Fcomments&post=5753"}],"version-history":[{"count":1,"href":"https:\/\/veteran.az\/index.php?rest_route=\/wp\/v2\/posts\/5753\/revisions"}],"predecessor-version":[{"id":5755,"href":"https:\/\/veteran.az\/index.php?rest_route=\/wp\/v2\/posts\/5753\/revisions\/5755"}],"wp:featuredmedia":[{"embeddable":true,"href":"https:\/\/veteran.az\/index.php?rest_route=\/wp\/v2\/media\/5754"}],"wp:attachment":[{"href":"https:\/\/veteran.az\/index.php?rest_route=%2Fwp%2Fv2%2Fmedia&parent=5753"}],"wp:term":[{"taxonomy":"category","embeddable":true,"href":"https:\/\/veteran.az\/index.php?rest_route=%2Fwp%2Fv2%2Fcategories&post=5753"},{"taxonomy":"post_tag","embeddable":true,"href":"https:\/\/veteran.az\/index.php?rest_route=%2Fwp%2Fv2%2Ftags&post=5753"}],"curies":[{"name":"wp","href":"https:\/\/api.w.org\/{rel}","templated":true}]}}