{"id":5710,"date":"2020-04-20T15:31:10","date_gmt":"2020-04-20T11:31:10","guid":{"rendered":"http:\/\/veteran.az\/?p=5710"},"modified":"2020-04-20T15:31:12","modified_gmt":"2020-04-20T11:31:12","slug":"general-mais-b%c9%99rxudarovun-ad-gunudur","status":"publish","type":"post","link":"https:\/\/veteran.az\/?p=5710","title":{"rendered":"General Mais B\u0259rxudarovun ad g\u00fcn\u00fcd\u00fcr!"},"content":{"rendered":"\n<p> Qubadl\u0131 \u015f\u0259h\u0259rind\u0259 anadan olub. <\/p>\n\n\n\n<p>U\u015faq vaxtlar\u0131nda g\u00fcl\u0259\u015fl\u0259 m\u0259\u015f\u011ful olub. Az\u0259rbaycan\u0131n Milli Q\u0259hr\u0259man\u0131, g\u00fcl\u0259\u015f\u00e7i \u018fliyar \u018fliyevin t\u0259l\u0259b\u0259si olub.<\/p>\n\n\n\n<figure class=\"wp-block-image\"><img decoding=\"async\" src=\"https:\/\/scontent.fgyd4-2.fna.fbcdn.net\/v\/t1.0-9\/94318665_3778129038925227_3233542364463104000_n.jpg?_nc_cat=109&amp;_nc_sid=110474&amp;_nc_ohc=6rzp-m1DtfUAX9niwCG&amp;_nc_ht=scontent.fgyd4-2.fna&amp;oh=a463d25e6e1e1f60aacd089d613d1ebf&amp;oe=5EC34C9F\" alt=\"\u041d\u0430 \u0438\u0437\u043e\u0431\u0440\u0430\u0436\u0435\u043d\u0438\u0438 \u043c\u043e\u0436\u0435\u0442 \u043d\u0430\u0445\u043e\u0434\u0438\u0442\u044c\u0441\u044f: 1 \u0447\u0435\u043b\u043e\u0432\u0435\u043a, \u0441\u0438\u0434\u0438\u0442\"\/><\/figure>\n\n\n\n<p> Erm\u0259nistan silahl\u0131 q\u00fcvv\u0259l\u0259rinin Qaraba\u011f\u0131 i\u015f\u011fal ed\u0259n zaman B\u0259rxudarov C\u0259m\u015fid Nax\u00e7\u0131vanski ad\u0131na h\u0259rbi lisey\u0259 daxil olub. H\u0259rbi liseyd\u0259 oxudu\u011fu vaxt oran\u0131n r\u0259isi olmu\u015f General Valeh B\u0259r\u015fadl\u0131n\u0131n onun g\u0259l\u0259c\u0259k taleyin\u0259 birba\u015fa t\u0259siri olub. 1993-c\u00fc ild\u0259 Mais B\u0259rxudarov v\u0259 bir qrup kursant c\u0259bh\u0259d\u0259 yaranm\u0131\u015f \u00e7\u0259tin v\u0259ziyy\u0259ti n\u0259z\u0259r\u0259 alaraq k\u00f6n\u00fcll\u00fc \u00f6n x\u0259tt\u0259 getm\u0259k q\u0259rar\u0131n\u0131 verir. Lakin bundan x\u0259b\u0259r tutan General B\u0259r\u015fadl\u0131 onlar\u0131 yan\u0131na \u00e7a\u011f\u0131r\u0131r v\u0259 bildirir ki, bunu etm\u0259k olmaz. G\u00f6r\u00fcn\u00fcr, Valeh B\u0259r\u015fadl\u0131 bu g\u0259ncl\u0259rin sabah\u0131n generallar\u0131 olaca\u011f\u0131n\u0131 bilirmi\u015f. Valeh B\u0259r\u015fadl\u0131 onlar\u0131 inand\u0131ra bilir, Mais B\u0259rxudarov v\u0259 dig\u0259r kursantlar \u00f6z t\u0259hsill\u0259rini davam etdirirl\u0259r. 1998-ci ild\u0259 ba\u015f leytenant Mais B\u0259rxudarov &#171;Az\u0259rbaycan Bayra\u011f\u0131&#187; ordeni il\u0259 t\u0259ltifl\u0259ndirilir. Bu ordeni ona \u015f\u0259xs\u0259n Heyd\u0259r \u018fliyev t\u0259qdim edir. O, bu orden\u0259 d\u00fc\u015fm\u0259n arxas\u0131nda f\u0259aliyy\u0259tin\u0259 g\u00f6r\u0259 layiq g\u00f6r\u00fcl\u00fcr. 2012-ci ild\u0259 polkovnik Mais B\u0259rxudarov &#171;V\u0259t\u0259n u\u011frunda&#187; medal\u0131 il\u0259 t\u0259ltif edilir. 2016-c\u0131 il, aprelin 1-5-i Qaraba\u011fda ged\u0259n d\u00f6y\u00fc\u015fl\u0259r zaman\u0131 korpus komandiri olan polkovnik Mais B\u0259rxudarov d\u00f6y\u00fc\u015fl\u0259r ba\u015flayan kimi, \u00f6z\u00fc d\u0259 \u0259sg\u0259rl\u0259r\u0259 qo\u015fularaq, birba\u015fa d\u00f6y\u00fc\u015fl\u0259rd\u0259 i\u015ftirak etmi\u015f, L\u0259l\u0259t\u0259p\u0259 y\u00fcks\u0259kliyini v\u0259 on kilometrl\u0259rl\u0259 \u0259razini azadetm\u0259 \u0259m\u0259liyyat\u0131nda \u015f\u0259xs\u0259n i\u015ftrak etmi\u015f, erm\u0259ni silahl\u0131 q\u00fcvv\u0259l\u0259rinin \u00e7oxsayl\u0131 q\u00fcvv\u0259l\u0259rini \u00e7ox m\u0259hdud sayda \u0259sg\u0259r v\u0259 zabitl\u0259ri il\u0259 m\u0259hv edib s\u0131radan \u00e7\u0131xarm\u0131\u015fd\u0131r. <\/p>\n\n\n\n<p>Hadis\u0259 \u015fahidl\u0259rinin verdiyi m\u0259lumata g\u00f6r\u0259, Mais B\u0259rxudarova \u015f\u0259xs\u0259n tank\u0131n \u00fcz\u0259rind\u0259 \u0259yl\u0259\u015f\u0259r\u0259k, \u00f6z\u00fc \u00f6nd\u0259 olmaqla b\u00fct\u00fcn \u0259sg\u0259rl\u0259rini d\u00f6y\u00fc\u015f\u0259 \u00e7a\u011f\u0131r\u0131b. M\u0259nb\u0259 bildirir ki, B\u0259rxudarovun tank\u0131 \u0259n \u00f6nd\u0259 getdiyind\u0259n, b\u00fct\u00fcn ordu x\u00fcsusi f\u0259all\u0131q v\u0259 q\u0259hr\u0259manl\u0131qla d\u00f6y\u00fc\u015fm\u0259y\u0259 ba\u015flay\u0131b. <\/p>\n\n\n\n<p><strong>AVMV\u0130B R\u0259hb\u0259rliyi Q\u0259hr\u0259man general Mais B\u0259rxudarovu ad g\u00fcn\u00fc m\u00fcnasib\u0259tiyl\u0259 t\u0259brik edir, uzun \u00f6m\u00fcr v\u0259 do\u011fma yurd yerl\u0259rinin d\u00fc\u015fm\u0259n tapda\u011f\u0131ndan azad edilm\u0259si il\u0259 s\u0259sl\u0259\u015f\u0259n z\u0259f\u0259r dolu g\u00fcnl\u0259r arzulay\u0131r.<\/strong><\/p>\n\n\n\n<p><strong>T\u0259brikl\u0259r\u0259 AVMV\u0130B -nin Xocav\u0259nd, Z\u0259ngilan, N\u0259simi, Qubadl\u0131, Sumqay\u0131t \u015f\u00f6b\u0259l\u0259ri v\u0259 Veteran.az sayt\u0131n\u0131n kollektivi d\u0259 qo\u015fulurlar. <\/strong><br><br><\/p>\n\n\n\n<p style=\"text-align:center\"><strong>T\u0259brik edirik, 100 ya\u015fay\u0131n!<\/strong><\/p>\n\n\n\n<figure class=\"wp-block-embed-facebook wp-block-embed is-type-video is-provider-facebook\"><div class=\"wp-block-embed__wrapper\">\nhttps:\/\/www.facebook.com\/azad.musayev.9\/videos\/3096306763764601\/?t=1\n<\/div><\/figure>\n\n\n\n<figure class=\"wp-block-image\"><img decoding=\"async\" src=\"http:\/\/veteran.az\/wp-content\/uploads\/2020\/02\/8265a327389da9fe4fdc2714b309120e-1.jpg\" alt=\"\" class=\"wp-image-4310\"\/><\/figure>\n","protected":false},"excerpt":{"rendered":"<p>Qubadl\u0131 \u015f\u0259h\u0259rind\u0259 anadan olub. U\u015faq vaxtlar\u0131nda g\u00fcl\u0259\u015fl\u0259 m\u0259\u015f\u011ful olub. Az\u0259rbaycan\u0131n Milli Q\u0259hr\u0259man\u0131, g\u00fcl\u0259\u015f\u00e7i \u018fliyar \u018fliyevin&#8230;<\/p>\n","protected":false},"author":3,"featured_media":0,"comment_status":"closed","ping_status":"closed","sticky":false,"template":"","format":"standard","meta":{"footnotes":""},"categories":[12],"tags":[],"class_list":["post-5710","post","type-post","status-publish","format-standard","hentry","category-veteran"],"featured_image_urls":{"full":"","thumbnail":"","medium":"","medium_large":"","large":"","1536x1536":"","2048x2048":"","covernews-slider-full":"","covernews-slider-center":"","covernews-featured":"","covernews-medium":"","covernews-medium-square":""},"author_info":{"display_name":"Veteran.az","author_link":"https:\/\/veteran.az\/?author=3"},"category_info":"<a href=\"https:\/\/veteran.az\/?cat=12\" rel=\"category\">Veteran d\u00fcnyas\u0131<\/a>","tag_info":"Veteran d\u00fcnyas\u0131","comment_count":"0","_links":{"self":[{"href":"https:\/\/veteran.az\/index.php?rest_route=\/wp\/v2\/posts\/5710","targetHints":{"allow":["GET"]}}],"collection":[{"href":"https:\/\/veteran.az\/index.php?rest_route=\/wp\/v2\/posts"}],"about":[{"href":"https:\/\/veteran.az\/index.php?rest_route=\/wp\/v2\/types\/post"}],"author":[{"embeddable":true,"href":"https:\/\/veteran.az\/index.php?rest_route=\/wp\/v2\/users\/3"}],"replies":[{"embeddable":true,"href":"https:\/\/veteran.az\/index.php?rest_route=%2Fwp%2Fv2%2Fcomments&post=5710"}],"version-history":[{"count":1,"href":"https:\/\/veteran.az\/index.php?rest_route=\/wp\/v2\/posts\/5710\/revisions"}],"predecessor-version":[{"id":5711,"href":"https:\/\/veteran.az\/index.php?rest_route=\/wp\/v2\/posts\/5710\/revisions\/5711"}],"wp:attachment":[{"href":"https:\/\/veteran.az\/index.php?rest_route=%2Fwp%2Fv2%2Fmedia&parent=5710"}],"wp:term":[{"taxonomy":"category","embeddable":true,"href":"https:\/\/veteran.az\/index.php?rest_route=%2Fwp%2Fv2%2Fcategories&post=5710"},{"taxonomy":"post_tag","embeddable":true,"href":"https:\/\/veteran.az\/index.php?rest_route=%2Fwp%2Fv2%2Ftags&post=5710"}],"curies":[{"name":"wp","href":"https:\/\/api.w.org\/{rel}","templated":true}]}}