{"id":5689,"date":"2020-04-18T12:38:15","date_gmt":"2020-04-18T08:38:15","guid":{"rendered":"http:\/\/veteran.az\/?p=5689"},"modified":"2020-04-18T12:38:17","modified_gmt":"2020-04-18T08:38:17","slug":"abs-i-etiraz-aksiyalari-buruyur-tramp-da-etirazcilarin-t%c9%99r%c9%99find%c9%99dir","status":"publish","type":"post","link":"https:\/\/veteran.az\/?p=5689","title":{"rendered":"AB\u015e-\u0131 etiraz aksiyalar\u0131 b\u00fcr\u00fcy\u00fcr, Tramp da etiraz\u00e7\u0131lar\u0131n t\u0259r\u0259find\u0259dir"},"content":{"rendered":"\n<h4 class=\"wp-block-heading\">Karantin t\u0259dbirl\u0259ri uzand\u0131qca insanlar\u0131n pulu v\u0259 s\u0259bri t\u00fck\u0259nir, ya\u015famaq \u00e7\u0259tinl\u0259\u015fir. AB\u015e-da da bu ssenari \u00f6z\u00fcn\u00fc do\u011fruldub. Karantin t\u0259dbirl\u0259rind\u0259n bez\u0259n insanlar art\u0131q etiraz aksiyalar\u0131 ke\u00e7irm\u0259y\u0259 ba\u015flay\u0131blar.<\/h4>\n\n\n\n<p><strong>Bizimyol.info<\/strong>&nbsp;x\u0259b\u0259r verir ki, bu arada AB\u015e-da prezidentl\u0259 \u015ftat h\u00f6kum\u0259tl\u0259ri aras\u0131nda da fikir ayr\u0131l\u0131qlar\u0131 b\u00f6y\u00fcm\u0259y\u0259 ba\u015flay\u0131b. \u015etat qubernatorlar\u0131 karantin m\u00fcdd\u0259tini uzatd\u0131\u011f\u0131 halda, prezident Donald Tramp m\u00fcmk\u00fcn q\u0259d\u0259r tez m\u00fcdd\u0259td\u0259 karantinin yum\u015fald\u0131lmas\u0131 v\u0259 iqtisadiyyat\u0131n b\u0259rpas\u0131na t\u0259r\u0259fdard\u0131r.<\/p>\n\n\n\n<figure class=\"wp-block-image\"><img decoding=\"async\" src=\"https:\/\/www.bizimyol.info\/az\/wp-content\/uploads\/2018\/10\/cb12a7dac1154eae92733c8aa7dec126.jpg\" alt=\"Donald Tramp\"\/><\/figure>\n\n\n\n<p>&nbsp;Donald Tramp<\/p>\n\n\n\n<p>B\u0259zi m\u00fc\u015fahid\u0259\u00e7il\u0259r Tramp\u0131n etiraz\u00e7\u0131lara verdiyi d\u0259st\u0259yi d\u0259 t\u0259hrik\u00e7i h\u0259r\u0259k\u0259tl\u0259r olaraq qiym\u0259tl\u0259ndirib. M\u0259s\u0259l\u0259 buras\u0131ndad\u0131r ki, Tramp\u0131n son tvitl\u0259ri karantin \u0259leyhin\u0259 etiraz\u00e7\u0131lar\u0131n m\u00f6vqeyi il\u0259 \u00fcst-\u00fcst\u0259 d\u00fc\u015f\u00fcb. &#171;Minnesotan\u0131 azad edin&#187; dey\u0259 pafoslu tvitl\u0259 etiraz\u0131n\u0131 bildir\u0259n Tramp qubernatorlarla fikir ayr\u0131l\u0131qlar\u0131n\u0131 s\u00fcrd\u00fcr\u00fcr. D\u00f6vl\u0259t ba\u015f\u00e7\u0131s\u0131 b\u0259zi \u015ftatlarda karantin t\u0259dbirl\u0259rinin &#171;h\u0259dd\u0259n art\u0131q s\u0259rt&#187; oldu\u011funu bildirib.<\/p>\n\n\n\n<figure class=\"wp-block-image\"><img decoding=\"async\" src=\"https:\/\/www.bizimyol.info\/az\/wp-content\/uploads\/2020\/04\/2020-04-18_114212.jpg\" alt=\"Karantin \u0259leyhin\u0259 etirazlar, Mi\u00e7iqan, AB\u015e \"\/><\/figure>\n\n\n\n<p>&nbsp;Karantin \u0259leyhin\u0259 etirazlar, Mi\u00e7iqan, AB\u015e &#8212; Foto: PA Images<\/p>\n\n\n\n<p>O h\u0259m\u00e7inin Mi\u00e7iqan v\u0259 Virciniya \u015ftatlar\u0131 il\u0259 d\u0259 ba\u011fl\u0131 eyni m\u00f6vqeyi ortaya qoyub. Ad\u0131\u00e7\u0259kil\u0259n h\u0259r \u00fc\u00e7 \u015ftatda qubernator v\u0259zif\u0259sini Demokratlar Partiyas\u0131n\u0131n n\u00fcmay\u0259nd\u0259l\u0259ri tuturlar. Y\u0259ni respublika\u00e7\u0131 prezident xalqla h\u0259mr\u0259ylik n\u00fcmayi\u015f etdirdiyi aralarda m\u00fcxalif\u0259ti vurma\u011f\u0131 da unutmur.<\/p>\n\n\n\n<p>&#171;M\u0259nc\u0259, onlar m\u0259ni dinl\u0259yirl\u0259r&#187;,- dey\u0259 Tramp etiraz\u00e7\u0131lar haqq\u0131nda dan\u0131\u015fark\u0259n bildirib: &#171;G\u00f6r\u00fcn\u00fcr, onlar da m\u0259nim kimi etiraz\u00e7\u0131lard\u0131r v\u0259 m\u0259nim karantinin l\u0259\u011fvi il\u0259 ba\u011fl\u0131 m\u00f6vqeyim\u0259 h\u00f6rm\u0259tl\u0259 yana\u015f\u0131rlar&#187;.<\/p>\n\n\n\n<p>T\u0259nqid\u00e7il\u0259r Trapm\u0131 \u00f6lk\u0259d\u0259 etirazlar\u0131 q\u0131z\u0131\u015fd\u0131rmaqda ittiham edirl\u0259r v\u0259 bunu pandemita \u0259leyhin\u0259 m\u00fcbariz\u0259d\u0259 t\u0259hl\u00fck\u0259li ssenari hesab edirl\u0259r. Onlar\u0131n fikrinc\u0259, Tramp\u0131n \u00e7a\u011f\u0131r\u0131\u015flar\u0131n\u0131n arxas\u0131nda siyasi maraqlar dayan\u0131r.<\/p>\n","protected":false},"excerpt":{"rendered":"<p>Karantin t\u0259dbirl\u0259ri uzand\u0131qca insanlar\u0131n pulu v\u0259 s\u0259bri t\u00fck\u0259nir, ya\u015famaq \u00e7\u0259tinl\u0259\u015fir. AB\u015e-da da bu ssenari \u00f6z\u00fcn\u00fc&#8230;<\/p>\n","protected":false},"author":3,"featured_media":0,"comment_status":"closed","ping_status":"closed","sticky":false,"template":"","format":"standard","meta":{"footnotes":""},"categories":[7],"tags":[],"class_list":["post-5689","post","type-post","status-publish","format-standard","hentry","category-dunya"],"featured_image_urls":{"full":"","thumbnail":"","medium":"","medium_large":"","large":"","1536x1536":"","2048x2048":"","covernews-slider-full":"","covernews-slider-center":"","covernews-featured":"","covernews-medium":"","covernews-medium-square":""},"author_info":{"display_name":"Veteran.az","author_link":"https:\/\/veteran.az\/?author=3"},"category_info":"<a href=\"https:\/\/veteran.az\/?cat=7\" rel=\"category\">D\u00fcnya<\/a>","tag_info":"D\u00fcnya","comment_count":"0","_links":{"self":[{"href":"https:\/\/veteran.az\/index.php?rest_route=\/wp\/v2\/posts\/5689","targetHints":{"allow":["GET"]}}],"collection":[{"href":"https:\/\/veteran.az\/index.php?rest_route=\/wp\/v2\/posts"}],"about":[{"href":"https:\/\/veteran.az\/index.php?rest_route=\/wp\/v2\/types\/post"}],"author":[{"embeddable":true,"href":"https:\/\/veteran.az\/index.php?rest_route=\/wp\/v2\/users\/3"}],"replies":[{"embeddable":true,"href":"https:\/\/veteran.az\/index.php?rest_route=%2Fwp%2Fv2%2Fcomments&post=5689"}],"version-history":[{"count":1,"href":"https:\/\/veteran.az\/index.php?rest_route=\/wp\/v2\/posts\/5689\/revisions"}],"predecessor-version":[{"id":5691,"href":"https:\/\/veteran.az\/index.php?rest_route=\/wp\/v2\/posts\/5689\/revisions\/5691"}],"wp:attachment":[{"href":"https:\/\/veteran.az\/index.php?rest_route=%2Fwp%2Fv2%2Fmedia&parent=5689"}],"wp:term":[{"taxonomy":"category","embeddable":true,"href":"https:\/\/veteran.az\/index.php?rest_route=%2Fwp%2Fv2%2Fcategories&post=5689"},{"taxonomy":"post_tag","embeddable":true,"href":"https:\/\/veteran.az\/index.php?rest_route=%2Fwp%2Fv2%2Ftags&post=5689"}],"curies":[{"name":"wp","href":"https:\/\/api.w.org\/{rel}","templated":true}]}}