{"id":5619,"date":"2020-04-13T11:05:46","date_gmt":"2020-04-13T07:05:46","guid":{"rendered":"http:\/\/veteran.az\/?p=5619"},"modified":"2020-04-13T11:05:48","modified_gmt":"2020-04-13T07:05:48","slug":"putin-koronavirusa-yoluxsa-rf-ts-sm-hakimiyy%c9%99ti-gotur%c9%99-bil%c9%99c%c9%99kmi","status":"publish","type":"post","link":"https:\/\/veteran.az\/?p=5619","title":{"rendered":"Putin koronavirusa yoluxsa, \u201cRF T\u015e SM\u201d hakimiyy\u0259ti g\u00f6t\u00fcr\u0259 bil\u0259c\u0259kmi..?"},"content":{"rendered":"\n<p> Moderator.az AB\u015e-\u0131n \u201cThe National Interest\u201dn\u0259\u015frinin yazar\u0131 \u00c7arli Qaonun yaz\u0131s\u0131n\u0131 t\u0259qdim edib.<\/p>\n\n\n\n<p><br>Yaz\u0131da d\u00fcnya liderl\u0259rinin koronavirusun qurban\u0131na \u00e7evrildiyini qeyd ed\u0259n m\u00fc\u0259llif,\u00a0 Rusiyada hakimiyy\u0259tin varislik m\u0259s\u0259l\u0259l\u0259rini n\u0259z\u0259rd\u0259n ke\u00e7irir. Onun s\u00f6zl\u0259rin\u0259 g\u00f6r\u0259, Covid-2019 pandemiyas\u0131 zaman\u0131 \u00f6lk\u0259d\u0259 g\u00f6r\u00fcl\u0259n t\u0259dbirl\u0259r, bu istiqam\u0259td\u0259 v\u0259ziyy\u0259t haqq\u0131nda m\u00fc\u0259yy\u0259n t\u0259s\u0259vv\u00fcr yarada bilir.\u00a0\u201cD\u00fcnya liderl\u0259ri Covid 2019 koronavirusunun qurban\u0131 olma\u011fa davam etdikc\u0259, hakimiyy\u0259tin varisliyi il\u0259 ba\u011fl\u0131 suallar yaranma\u011fa ba\u015flay\u0131b. Bir \u00e7ox \u00f6lk\u0259l\u0259rd\u0259 liderin \u00f6z v\u0259zif\u0259l\u0259rini yerin\u0259 yetir\u0259 bilm\u0259m\u0259si hal\u0131nda m\u0259suliyy\u0259ti kimin \u00fcz\u0259rin\u0259 g\u00f6t\u00fcrm\u0259si il\u0259 ba\u011fl\u0131 ayd\u0131n &#171;varis g\u00f6st\u0259ri\u015fi&#187; m\u00f6vcud olsa da, bel\u0259 bir ayd\u0131nl\u0131\u011f\u0131 olmayan bir \u00e7ox \u00f6lk\u0259l\u0259r var. Rusiya ba\u015fda olmaqla bir s\u0131ra postsovet \u00f6lk\u0259l\u0259ri d\u0259 bu s\u0131radand\u0131r.<\/p>\n\n\n\n<p><br>Rusiyada bu varisliyin qaydas\u0131 ayd\u0131n deyil &#8212; orada yaln\u0131z ilk add\u0131m ba\u015fa d\u00fc\u015f\u00fcl\u0259ndir, buna g\u00f6r\u0259 Ba\u015f nazir prezident v\u0259zif\u0259l\u0259rini icra edir. Lakin Covid-2019 koronavirus infeksiyas\u0131n\u0131n yay\u0131lmas\u0131na cavab olaraq son vaxtlar g\u00f6r\u00fcl\u0259n t\u0259dbirl\u0259r bu m\u0259s\u0259l\u0259d\u0259 v\u0259ziyy\u0259tin nec\u0259 olmas\u0131 v\u0259 Rusiyada hakimiyy\u0259tin varisliliyinin nec\u0259 t\u0259min ed\u0259c\u0259yini planla\u015fd\u0131rd\u0131\u011f\u0131 bar\u0259d\u0259 b\u0259zi t\u0259s\u0259vv\u00fcrl\u0259r yarada bil\u0259r.<\/p>\n\n\n\n<p><br>Rusiyadak\u0131 liderl\u0259rin \u0259ks\u0259riyy\u0259ti h\u0259l\u0259 ki, sa\u011flam v\u0259ziyy\u0259td\u0259dirl\u0259r, koronavirus epidemiyas\u0131 il\u0259 \u0259laq\u0259dar b\u0259yanatlar verirl\u0259r v\u0259 konfranslar ke\u00e7irirl\u0259r. S\u00f6hb\u0259t prezident Vladimir Putind\u0259n v\u0259 ba\u015f nazir Mixail Mi\u015fustind\u0259n, ke\u00e7mi\u015f prezident v\u0259 ba\u015f nazir, indi T\u0259hl\u00fck\u0259sizlik \u015euras\u0131 s\u0259drinin m\u00fcavini Dmitri Medvedevd\u0259n gedir. Amma, gizli bir kompleks kimi g\u00f6r\u00fcn\u0259n, \u201c RF T\u015e SM\u201d( \u0421\u0426 \u0421\u0411 \u0420\u0424) ad\u0131 alt\u0131nda Rusiya Federasiyas\u0131n\u0131n T\u0259hl\u00fck\u0259sizlik \u015euras\u0131n\u0131n katibi, FTX-nin ke\u00e7mi\u015f direktoru Nikolay Patru\u015fevin foto\u015f\u0259kili var. &#171;RF T\u015e SM&#187; &#8212; &#171;Rusiya Federasiyas\u0131 T\u0259hl\u00fck\u0259sizlik \u015euras\u0131n\u0131n Situasiya M\u0259rk\u0259zi&#187; dem\u0259kdir. Bu situasiya m\u0259rk\u0259zi, ehtimal ki, Patru\u015fev\u0259 Rusiya daxilind\u0259 dig\u0259r m\u0259rk\u0259zl\u0259ri idar\u0259 etm\u0259y\u0259 imkan ver\u0259n situasiya m\u0259rk\u0259zl\u0259ri sisteminin n\u00fcv\u0259sidir.<\/p>\n\n\n\n<p><br>H\u00fcquqi bax\u0131mdan, s\u0259lahiyy\u0259tl\u0259rin m\u00fcv\u0259qq\u0259ti varisliyi qaydas\u0131n\u0131n \u0259sas\u0131 Rusiya Konstitusiyas\u0131na nisb\u0259t\u0259n daha a\u015fa\u011f\u0131 h\u00fcquqi q\u00fcvv\u0259y\u0259 malik olan, lakin adi federal qanunla m\u00fcqayis\u0259d\u0259 daha y\u00fcks\u0259k h\u00fcquqi q\u00fcvv\u0259y\u0259 malik olan Rusiya federal konstitusiya qanununda qoyulmu\u015fdur.<\/p>\n\n\n\n<p><br>Ba\u015fqa bir \u0259sas, 11 yanvar 1995-ci il tarixli 32 n\u00f6mr\u0259li prezident f\u0259rman\u0131 il\u0259 d\u00f6vl\u0259t v\u0259zif\u0259l\u0259rinin s\u0131ralamas\u0131n\u0131 m\u00fc\u0259yy\u0259nl\u0259\u015fdir\u0259n &#171;Rusiya Federasiyas\u0131n\u0131n d\u00f6vl\u0259t v\u0259zif\u0259l\u0259rinin icmal siyah\u0131s\u0131&#187; ola bil\u0259r. Siyah\u0131da Federasiya \u015furas\u0131n\u0131n s\u0259dri, sonra D\u00f6vl\u0259t Dumas\u0131 Federal M\u0259clisinin s\u0259dri, h\u0259m\u00e7inin Rusiya Federasiyas\u0131n\u0131n Konstitusiya v\u0259 Ali M\u0259hk\u0259m\u0259l\u0259rinin s\u0259drl\u0259ri kimi d\u00f6vl\u0259t v\u0259zif\u0259l\u0259ri s\u0131ralan\u0131r. Ancaq bu da d\u00f6vl\u0259t orqanlar\u0131n\u0131n idar\u0259edilm\u0259si \u00fc\u00e7\u00fcn \u00e7ox m\u00fcbahis\u0259li\u00a0 h\u00fcquqi \u0259sas yarad\u0131r. T\u0259hl\u00fck\u0259sizlik \u015euras\u0131 burada he\u00e7 bir yerd\u0259 qeyd olunmur ki, bu da g\u00fcc strukturlar\u0131 \u00fcz\u0259rind\u0259 qanunda n\u0259z\u0259rd\u0259 tutulmu\u015f v\u0259t\u0259nda\u015f n\u0259zar\u0259tini g\u00f6st\u0259rir. Amma praktikada T\u0259hl\u00fck\u0259sizlik \u015euras\u0131n\u0131n \u00fczvl\u0259ri asayi\u015fi qorumaq \u00fc\u00e7\u00fcn hakimiyy\u0259ti \u0259l\u0259 ke\u00e7irm\u0259y\u0259 c\u0259hd ed\u0259 bil\u0259rl\u0259r.<\/p>\n\n\n\n<p><br>T\u0259hl\u00fck\u0259sizlik \u015euras\u0131n\u0131n \u00fczvl\u0259ri, y\u00fcks\u0259k haz\u0131rl\u0131\u011f\u0131 v\u0259 Moskvadak\u0131 qapal\u0131 obyektl\u0259r\u0259 \u00e7\u0131x\u0131\u015flar\u0131 say\u0259sind\u0259 hakimiyy\u0259tin varisliyini t\u0259min etm\u0259k \u00fc\u00e7\u00fcn daha \u00e7ox imkanlara sahibdirl\u0259r. Bu obyektl\u0259r haqq\u0131nda m\u0259lumatlar\u0131n \u00e7oxu Patru\u015fevin ke\u00e7irdiyi videokonfrans kimi\u00a0 ciddi \u015f\u0259kild\u0259 m\u0259xfi olub, az m\u0259lumat verils\u0259 d\u0259, T\u0259hl\u00fck\u0259sizlik \u015euras\u0131n\u0131n Covid-19 koronavirusunun yay\u0131lmas\u0131 t\u0259hl\u00fck\u0259sin\u0259 ciddi yana\u015fd\u0131\u011f\u0131n\u0131 v\u0259 m\u00f6vcud imkanlardan yararland\u0131\u011f\u0131n\u0131 s\u00fcbut edir.<\/p>\n\n\n\n<p><br><strong>Redaksiyadan:<\/strong>\u00a0<strong><em>Qeyd ed\u0259k ki, koronavirus t\u0259hl\u00fck\u0259si b\u00fct\u00fcn d\u00fcnyada t\u00fc\u011fyan etm\u0259y\u0259 ba\u015flayandan sonra ist\u0259r Rusiya m\u0259tbuat\u0131nda, ist\u0259rs\u0259 d\u0259 beyn\u0259lxalq K\u0130V-d\u0259 tez-tez Rusiya prezidenti Vladimir Putinin \u00f6z \u0259traf\u0131 t\u0259r\u0259find\u0259n hakimiyy\u0259td\u0259n uzaqla\u015fd\u0131r\u0131laca\u011f\u0131 bar\u0259d\u0259 informasiyalar, r\u0259yl\u0259r, proqnozlar artmaqda davam edir. V. Putinin yax\u0131n \u0259traf\u0131 i\u00e7\u0259risind\u0259 T\u0259hl\u00fck\u0259sizlik \u015euras\u0131n\u0131n katibi\u00a0 Nikolay Patru\u015fevin ad\u0131 daha \u00e7ox \u00e7\u0259kilir.<\/em><\/strong><\/p>\n\n\n\n<p><strong>T\u0259rc\u00fcm\u0259 etdi: \u0130lham \u0130smay\u0131l<\/strong><\/p>\n\n\n\n<figure class=\"wp-block-image\"><img decoding=\"async\" src=\"https:\/\/moderator.az\/fotobaza\/orta\/275303.jpg\" alt=\"\"\/><\/figure>\n","protected":false},"excerpt":{"rendered":"<p>Moderator.az AB\u015e-\u0131n \u201cThe National Interest\u201dn\u0259\u015frinin yazar\u0131 \u00c7arli Qaonun yaz\u0131s\u0131n\u0131 t\u0259qdim edib. Yaz\u0131da d\u00fcnya liderl\u0259rinin koronavirusun&#8230;<\/p>\n","protected":false},"author":3,"featured_media":0,"comment_status":"closed","ping_status":"closed","sticky":false,"template":"","format":"standard","meta":{"footnotes":""},"categories":[7],"tags":[],"class_list":["post-5619","post","type-post","status-publish","format-standard","hentry","category-dunya"],"featured_image_urls":{"full":"","thumbnail":"","medium":"","medium_large":"","large":"","1536x1536":"","2048x2048":"","covernews-slider-full":"","covernews-slider-center":"","covernews-featured":"","covernews-medium":"","covernews-medium-square":""},"author_info":{"display_name":"Veteran.az","author_link":"https:\/\/veteran.az\/?author=3"},"category_info":"<a href=\"https:\/\/veteran.az\/?cat=7\" rel=\"category\">D\u00fcnya<\/a>","tag_info":"D\u00fcnya","comment_count":"0","_links":{"self":[{"href":"https:\/\/veteran.az\/index.php?rest_route=\/wp\/v2\/posts\/5619","targetHints":{"allow":["GET"]}}],"collection":[{"href":"https:\/\/veteran.az\/index.php?rest_route=\/wp\/v2\/posts"}],"about":[{"href":"https:\/\/veteran.az\/index.php?rest_route=\/wp\/v2\/types\/post"}],"author":[{"embeddable":true,"href":"https:\/\/veteran.az\/index.php?rest_route=\/wp\/v2\/users\/3"}],"replies":[{"embeddable":true,"href":"https:\/\/veteran.az\/index.php?rest_route=%2Fwp%2Fv2%2Fcomments&post=5619"}],"version-history":[{"count":1,"href":"https:\/\/veteran.az\/index.php?rest_route=\/wp\/v2\/posts\/5619\/revisions"}],"predecessor-version":[{"id":5621,"href":"https:\/\/veteran.az\/index.php?rest_route=\/wp\/v2\/posts\/5619\/revisions\/5621"}],"wp:attachment":[{"href":"https:\/\/veteran.az\/index.php?rest_route=%2Fwp%2Fv2%2Fmedia&parent=5619"}],"wp:term":[{"taxonomy":"category","embeddable":true,"href":"https:\/\/veteran.az\/index.php?rest_route=%2Fwp%2Fv2%2Fcategories&post=5619"},{"taxonomy":"post_tag","embeddable":true,"href":"https:\/\/veteran.az\/index.php?rest_route=%2Fwp%2Fv2%2Ftags&post=5619"}],"curies":[{"name":"wp","href":"https:\/\/api.w.org\/{rel}","templated":true}]}}