{"id":5611,"date":"2020-04-13T03:15:33","date_gmt":"2020-04-12T23:15:33","guid":{"rendered":"http:\/\/veteran.az\/?p=5611"},"modified":"2020-04-13T03:15:35","modified_gmt":"2020-04-12T23:15:35","slug":"avmvib-tovuz-rayon-sob%c9%99sind%c9%99-5","status":"publish","type":"post","link":"https:\/\/veteran.az\/?p=5611","title":{"rendered":"AVMV\u0130B Tovuz rayon \u015f\u00f6b\u0259sind\u0259"},"content":{"rendered":"\n<p>Az\u0259rbaycan V\u0259t\u0259n Muharib\u0259si Veteranlar\u0131 \u0130ctimai Birliyinin Tovuz rayon \u015f\u00f6b\u0259sinin t\u0259\u015fkilatc\u0131l\u0131q\u0131 il\u0259 i\u015f adam\u0131 <strong>Qurbanov \u018fli M\u0259h\u0259mm\u0259d o\u011flu<\/strong> \u018flib\u0259yli k\u0259ndind\u0259 az t\u0259minatl\u0131 20 ail\u0259y\u0259 un yard\u0131m etdi.<\/p>\n\n\n\n<p>\u018flib\u0259yli k\u0259nd icra n\u00fcmay\u0259nd\u0259si bu i\u015fd\u0259 yax\u0131ndan k\u00f6m\u0259k edib.<\/p>\n\n\n\n<p>AVMV\u0130B Tovuz rayon \u015f\u00f6b\u0259sinin s\u0259dri Etibar V\u0259liyev sosial \u015f\u0259b\u0259k\u0259d\u0259 yard\u0131m ed\u0259n b\u00fct\u00fcn xeyirxah insanlara \u00f6z t\u0259\u015f\u0259kk\u00fcr\u00fcn\u00fc bildirib.<\/p>\n\n\n\n<p><strong>Nurlan M\u0259mm\u0259dli<\/strong><\/p>\n\n\n\n<figure class=\"wp-block-image\"><img decoding=\"async\" src=\"https:\/\/scontent.fgyd4-2.fna.fbcdn.net\/v\/t1.0-9\/92494716_653227152160067_1268309224102821888_n.jpg?_nc_cat=107&amp;_nc_sid=8024bb&amp;_nc_ohc=44UEWkJmrY4AX-Bl0Aq&amp;_nc_ht=scontent.fgyd4-2.fna&amp;oh=75d2bab2f33b8f2c9d7c0224e35aee20&amp;oe=5EBA2B9F\" alt=\"\u041d\u0430 \u0438\u0437\u043e\u0431\u0440\u0430\u0436\u0435\u043d\u0438\u0438 \u043c\u043e\u0436\u0435\u0442 \u043d\u0430\u0445\u043e\u0434\u0438\u0442\u044c\u0441\u044f: 2 \u0447\u0435\u043b\u043e\u0432\u0435\u043a\u0430, \u043b\u044e\u0434\u0438 \u0441\u0442\u043e\u044f\u0442 \u0438 \u0432 \u043f\u043e\u043c\u0435\u0449\u0435\u043d\u0438\u0438\"\/><\/figure>\n\n\n\n<figure class=\"wp-block-image\"><img decoding=\"async\" src=\"https:\/\/scontent.fgyd4-2.fna.fbcdn.net\/v\/t1.0-9\/93032744_970310060050884_2633057360402186240_n.png?_nc_cat=107&amp;_nc_sid=8024bb&amp;_nc_ohc=Jz3zcf1e2n4AX92zv68&amp;_nc_ht=scontent.fgyd4-2.fna&amp;oh=281d189cc732de629229b8f45530d19b&amp;oe=5EB91258\" alt=\"\u041d\u0430 \u0438\u0437\u043e\u0431\u0440\u0430\u0436\u0435\u043d\u0438\u0438 \u043c\u043e\u0436\u0435\u0442 \u043d\u0430\u0445\u043e\u0434\u0438\u0442\u044c\u0441\u044f: 2 \u0447\u0435\u043b\u043e\u0432\u0435\u043a\u0430, \u043b\u044e\u0434\u0438 \u0441\u0442\u043e\u044f\u0442\"\/><\/figure>\n\n\n\n<figure class=\"wp-block-image\"><img decoding=\"async\" src=\"https:\/\/scontent.fgyd4-2.fna.fbcdn.net\/v\/t1.0-9\/93505555_970310276717529_2106032656633298944_n.png?_nc_cat=104&amp;_nc_sid=8024bb&amp;_nc_ohc=ySysWGkRz1EAX9ch_NL&amp;_nc_ht=scontent.fgyd4-2.fna&amp;oh=53675dad087383f100da8df59ab2ca0d&amp;oe=5EBABD64\" alt=\"\u041d\u0430 \u0438\u0437\u043e\u0431\u0440\u0430\u0436\u0435\u043d\u0438\u0438 \u043c\u043e\u0436\u0435\u0442 \u043d\u0430\u0445\u043e\u0434\u0438\u0442\u044c\u0441\u044f: 2 \u0447\u0435\u043b\u043e\u0432\u0435\u043a\u0430, \u043b\u044e\u0434\u0438 \u0441\u0442\u043e\u044f\u0442\"\/><\/figure>\n\n\n\n<figure class=\"wp-block-image\"><img decoding=\"async\" src=\"https:\/\/scontent.fgyd4-2.fna.fbcdn.net\/v\/t1.0-9\/93032744_970310873384136_1407694085522718720_n.png?_nc_cat=105&amp;_nc_sid=8024bb&amp;_nc_ohc=Lv2i7yISRVsAX-oFWJ_&amp;_nc_ht=scontent.fgyd4-2.fna&amp;oh=9d22b382e8c3da9ed87213d23f61efc3&amp;oe=5EB82BE5\" alt=\"\u041d\u0430 \u0438\u0437\u043e\u0431\u0440\u0430\u0436\u0435\u043d\u0438\u0438 \u043c\u043e\u0436\u0435\u0442 \u043d\u0430\u0445\u043e\u0434\u0438\u0442\u044c\u0441\u044f: 2 \u0447\u0435\u043b\u043e\u0432\u0435\u043a\u0430, \u043b\u044e\u0434\u0438 \u0441\u0442\u043e\u044f\u0442, \u043b\u044e\u0434\u0438 \u0441\u0438\u0434\u044f\u0442 \u0438 \u0432 \u043f\u043e\u043c\u0435\u0449\u0435\u043d\u0438\u0438\"\/><\/figure>\n","protected":false},"excerpt":{"rendered":"<p>Az\u0259rbaycan V\u0259t\u0259n Muharib\u0259si Veteranlar\u0131 \u0130ctimai Birliyinin Tovuz rayon \u015f\u00f6b\u0259sinin t\u0259\u015fkilatc\u0131l\u0131q\u0131 il\u0259 i\u015f adam\u0131 Qurbanov \u018fli&#8230;<\/p>\n","protected":false},"author":3,"featured_media":0,"comment_status":"closed","ping_status":"closed","sticky":false,"template":"","format":"standard","meta":{"footnotes":""},"categories":[12],"tags":[],"class_list":["post-5611","post","type-post","status-publish","format-standard","hentry","category-veteran"],"featured_image_urls":{"full":"","thumbnail":"","medium":"","medium_large":"","large":"","1536x1536":"","2048x2048":"","covernews-slider-full":"","covernews-slider-center":"","covernews-featured":"","covernews-medium":"","covernews-medium-square":""},"author_info":{"display_name":"Veteran.az","author_link":"https:\/\/veteran.az\/?author=3"},"category_info":"<a href=\"https:\/\/veteran.az\/?cat=12\" rel=\"category\">Veteran d\u00fcnyas\u0131<\/a>","tag_info":"Veteran d\u00fcnyas\u0131","comment_count":"0","_links":{"self":[{"href":"https:\/\/veteran.az\/index.php?rest_route=\/wp\/v2\/posts\/5611","targetHints":{"allow":["GET"]}}],"collection":[{"href":"https:\/\/veteran.az\/index.php?rest_route=\/wp\/v2\/posts"}],"about":[{"href":"https:\/\/veteran.az\/index.php?rest_route=\/wp\/v2\/types\/post"}],"author":[{"embeddable":true,"href":"https:\/\/veteran.az\/index.php?rest_route=\/wp\/v2\/users\/3"}],"replies":[{"embeddable":true,"href":"https:\/\/veteran.az\/index.php?rest_route=%2Fwp%2Fv2%2Fcomments&post=5611"}],"version-history":[{"count":1,"href":"https:\/\/veteran.az\/index.php?rest_route=\/wp\/v2\/posts\/5611\/revisions"}],"predecessor-version":[{"id":5613,"href":"https:\/\/veteran.az\/index.php?rest_route=\/wp\/v2\/posts\/5611\/revisions\/5613"}],"wp:attachment":[{"href":"https:\/\/veteran.az\/index.php?rest_route=%2Fwp%2Fv2%2Fmedia&parent=5611"}],"wp:term":[{"taxonomy":"category","embeddable":true,"href":"https:\/\/veteran.az\/index.php?rest_route=%2Fwp%2Fv2%2Fcategories&post=5611"},{"taxonomy":"post_tag","embeddable":true,"href":"https:\/\/veteran.az\/index.php?rest_route=%2Fwp%2Fv2%2Ftags&post=5611"}],"curies":[{"name":"wp","href":"https:\/\/api.w.org\/{rel}","templated":true}]}}