{"id":5581,"date":"2020-04-11T14:01:05","date_gmt":"2020-04-11T10:01:05","guid":{"rendered":"http:\/\/veteran.az\/?p=5581"},"modified":"2020-04-11T19:34:29","modified_gmt":"2020-04-11T15:34:29","slug":"iki-general-h%c9%99bs-edildi-nazir-muavini-qovuldu-erm%c9%99ni-barmagi","status":"publish","type":"post","link":"https:\/\/veteran.az\/?p=5581","title":{"rendered":"\u0130ki general h\u0259bs edildi, nazir m\u00fcavini qovuldu \u2013 Erm\u0259ni barma\u011f\u0131"},"content":{"rendered":"\n<p><strong>Rusiya Prezidenti Vladimir Putin aprelin 9-da ax\u015fam daxili i\u015fl\u0259r nazirinin m\u00fcavini Aleksandr Romanovun v\u0259zif\u0259sind\u0259n azad edilm\u0259si bar\u0259d\u0259 s\u0259r\u0259ncam imzalay\u0131b.<\/strong><\/p>\n\n\n\n<p><a rel=\"noreferrer noopener\" target=\"_blank\" href=\"http:\/\/axar.az\/\">Fedai.az<\/a>&nbsp;x\u0259b\u0259r verir ki, o, 2016-ci ilin yanvar ay\u0131n\u0131n 9-da Daxili \u0130\u015fl\u0259r nazirinin m\u00fcavini v\u0259 D\u0130N-in \u0130stintaq \u0130dar\u0259sinin r\u0259isi t\u0259yin edilmi\u015fdi.<\/p>\n\n\n\n<p><a target=\"_blank\" href=\"http:\/\/musavat.com\/\" rel=\"noreferrer noopener\">Musavat.com<\/a>-un m\u00f6vzu il\u0259 ba\u011fl\u0131 \u015f\u0259rhind\u0259 bildirilir ki, 1967-ci ild\u0259 Leninqradda anadan olan, 1989-cu ild\u0259 SSR\u0130 Daxili \u0130\u015fl\u0259r Nazirliyinin Leninqrad X\u00fcsusi Milis M\u0259kt\u0259bini bitirdikd\u0259n sonra Sankt-Peterburq v\u0259 Leninqrad vilay\u0259tinin M\u0259rk\u0259zi Daxili \u0130\u015fl\u0259r \u0130dar\u0259sinin istintaq v\u0259 t\u0259hqiqat b\u00f6lm\u0259l\u0259rind\u0259 xidm\u0259t ed\u0259n v\u0259 2003-c\u00fc ild\u0259n s\u00fcr\u0259tl\u0259 y\u00fcks\u0259k karyera qazanan General-polkovnik Romanovun i\u015fd\u0259n \u00e7\u0131xar\u0131laca\u011f\u0131 g\u00f6zl\u0259nil\u0259n idi. \u00c7\u00fcnki bir ne\u00e7\u0259 g\u00fcn \u0259vv\u0259l Federal T\u0259hl\u00fck\u0259sizlik Xidm\u0259ti D\u0130N-in \u0130stintaq \u0130dar\u0259sinin iki general\u0131 &#8212; Aleksandr Krakovski, Aleksandr Biryukov v\u0259 x\u00fcsusil\u0259 m\u00fch\u00fcm i\u015fl\u0259r \u00fczr\u0259 m\u00fcst\u0259ntiq Aleksand\u0131r Bryantsevi h\u0259bs edib. \u00d6t\u0259n h\u0259ft\u0259 is\u0259 onlar bar\u0259sind\u0259 paytaxt\u0131n Basmann\u0131 Rayon M\u0259hk\u0259m\u0259si \u00fc\u00e7 ayl\u0131q h\u0259bs q\u0259rar\u0131 verib. H\u0259r \u00fc\u00e7 y\u00fcks\u0259k r\u00fctb\u0259li D\u0130N zabiti erm\u0259ni i\u015f asdam\u0131 Albert Xudoyan\u0131n qalmaqall\u0131 i\u015finin istintaq\u0131na n\u0259zar\u0259t edirdil\u0259r.<\/p>\n\n\n\n<p>\u0130ttihama g\u00f6r\u0259, generallar aerova\u011fzal\u0131n yerind\u0259 ya\u015fay\u0131\u015f binas\u0131 tikdiyi \u00fc\u00e7\u00fcn h\u0259bs edil\u0259n erm\u0259ni i\u015f adam\u0131n\u0131n istintaq t\u0259cridxanas\u0131ndan azad etm\u0259kd\u0259 v\u0259 \u0259mlak\u0131 \u00fcz\u0259rind\u0259ki h\u0259bs q\u0259rar\u0131n\u0131n l\u0259\u011fvind\u0259 su\u00e7lan\u0131rlar. Bu m\u0259qs\u0259dl\u0259 onlar Albert Xudoyan\u0131n i\u015finin paytaxt polisind\u0259n D\u0130N-in \u0130stintaq \u0130dar\u0259sin\u0259 t\u0259hvil verilm\u0259sini t\u0259\u015fkil edibl\u0259r. \u201cOptima Development\u201d kompaniyas\u0131n\u0131n sahibi olan Albert Xudoyan paytaxt\u0131n Leninqradski prospektind\u0259 10 milyon dollar m\u0259bl\u0259\u011find\u0259 torpaq sah\u0259sinin d\u0259l\u0259duzluq yolu il\u0259 \u0259l\u0259 ke\u00e7irilm\u0259si ittiham\u0131 il\u0259 tutulub. Onun \u015firk\u0259ti elit \u201cPrime Park\u201d ya\u015fay\u0131\u015f kompleksi in\u015fa edirdi.<\/p>\n\n\n\n<p>2019-cu ilin iyul-avqust aylar\u0131nda indi h\u0259bs edil\u0259n generallar \u0259lbir olaraq Daxili \u0130\u015fl\u0259r Nazirliyinin art\u0131q sabiq hesab olunan nazir m\u00fcavini Aleksandr Romanova s\u0259n\u0259d \u00fcnvalay\u0131blar. S\u0259n\u0259dd\u0259 Xudoyana qar\u015f\u0131 cinay\u0259t i\u015finin qanunsuz ba\u015flad\u0131\u011f\u0131 bar\u0259d\u0259 yalan m\u0259lumatlar veribl\u0259r. Bundan sonra istintaq\u0131n Moskva \u015e\u0259h\u0259r Polisinin Ba\u015f \u0130stintaq \u0130dar\u0259sind\u0259n al\u0131nmas\u0131na v\u0259 Daxili \u0130\u015fl\u0259r Nazirliyinin M\u00fct\u0259\u015f\u0259kkil Cinay\u0259tkarl\u0131qla M\u00fcbariz\u0259 \u0130dar\u0259sin\u0259 t\u0259hvil verilm\u0259sin\u0259 nail olublar.<\/p>\n\n\n\n<p>M\u00fcst\u0259ntiq Aleksandr Bryantsev d\u0259rhal h\u0259bs q\u0259rar\u0131n\u0131 l\u0259\u011fv edib v\u0259 2019-cu ilin noyabr\u0131nda Xudoyan ibtidai istintaq t\u0259cridxanas\u0131ndan azad edilib.<\/p>\n\n\n\n<p>\u0130stintaqa g\u00f6r\u0259, onlar Xudoyan\u0131n ittiham olundu\u011fu madd\u0259ni d\u0259 d\u0259yi\u015fm\u0259kl\u0259 daha y\u00fcng\u00fcl c\u0259za almas\u0131na \u00e7al\u0131\u015f\u0131blar. Lakin istintaq generallar\u0131n r\u00fc\u015fv\u0259t almas\u0131 fakt\u0131n\u0131 s\u00fcbut ed\u0259 bilm\u0259yib. Bu s\u0259b\u0259bd\u0259n generallar v\u0259zif\u0259 s\u0259lahiyy\u0259tl\u0259rind\u0259n sui-istifad\u0259 etm\u0259kd\u0259 ittiham olunurlar.<\/p>\n\n\n\n<p>Rusiya K\u0130V-l\u0259ri yaz\u0131r ki, generallar\u0131n h\u0259bsi bar\u0259d\u0259 q\u0259rar\u0131 Rusiya \u0130stintaq Komit\u0259sinin r\u0259hb\u0259ri, Rusiya Prezidenti Vladimir Putinin t\u0259l\u0259b\u0259 yolda\u015f\u0131 Aleksandr Bastr\u0131kin \u015f\u0259xs\u0259n verib.<\/p>\n","protected":false},"excerpt":{"rendered":"<p>Rusiya Prezidenti Vladimir Putin aprelin 9-da ax\u015fam daxili i\u015fl\u0259r nazirinin m\u00fcavini Aleksandr Romanovun v\u0259zif\u0259sind\u0259n azad&#8230;<\/p>\n","protected":false},"author":3,"featured_media":0,"comment_status":"closed","ping_status":"closed","sticky":false,"template":"","format":"standard","meta":{"footnotes":""},"categories":[7],"tags":[],"class_list":["post-5581","post","type-post","status-publish","format-standard","hentry","category-dunya"],"featured_image_urls":{"full":"","thumbnail":"","medium":"","medium_large":"","large":"","1536x1536":"","2048x2048":"","covernews-slider-full":"","covernews-slider-center":"","covernews-featured":"","covernews-medium":"","covernews-medium-square":""},"author_info":{"display_name":"Veteran.az","author_link":"https:\/\/veteran.az\/?author=3"},"category_info":"<a href=\"https:\/\/veteran.az\/?cat=7\" rel=\"category\">D\u00fcnya<\/a>","tag_info":"D\u00fcnya","comment_count":"0","_links":{"self":[{"href":"https:\/\/veteran.az\/index.php?rest_route=\/wp\/v2\/posts\/5581","targetHints":{"allow":["GET"]}}],"collection":[{"href":"https:\/\/veteran.az\/index.php?rest_route=\/wp\/v2\/posts"}],"about":[{"href":"https:\/\/veteran.az\/index.php?rest_route=\/wp\/v2\/types\/post"}],"author":[{"embeddable":true,"href":"https:\/\/veteran.az\/index.php?rest_route=\/wp\/v2\/users\/3"}],"replies":[{"embeddable":true,"href":"https:\/\/veteran.az\/index.php?rest_route=%2Fwp%2Fv2%2Fcomments&post=5581"}],"version-history":[{"count":2,"href":"https:\/\/veteran.az\/index.php?rest_route=\/wp\/v2\/posts\/5581\/revisions"}],"predecessor-version":[{"id":5584,"href":"https:\/\/veteran.az\/index.php?rest_route=\/wp\/v2\/posts\/5581\/revisions\/5584"}],"wp:attachment":[{"href":"https:\/\/veteran.az\/index.php?rest_route=%2Fwp%2Fv2%2Fmedia&parent=5581"}],"wp:term":[{"taxonomy":"category","embeddable":true,"href":"https:\/\/veteran.az\/index.php?rest_route=%2Fwp%2Fv2%2Fcategories&post=5581"},{"taxonomy":"post_tag","embeddable":true,"href":"https:\/\/veteran.az\/index.php?rest_route=%2Fwp%2Fv2%2Ftags&post=5581"}],"curies":[{"name":"wp","href":"https:\/\/api.w.org\/{rel}","templated":true}]}}