{"id":5578,"date":"2020-04-11T03:02:40","date_gmt":"2020-04-10T23:02:40","guid":{"rendered":"http:\/\/veteran.az\/?p=5578"},"modified":"2020-04-11T03:02:42","modified_gmt":"2020-04-10T23:02:42","slug":"ii-dunya-muharib%c9%99sinin-veterani-koronavirusdan-sagaldi","status":"publish","type":"post","link":"https:\/\/veteran.az\/?p=5578","title":{"rendered":"II D\u00fcnya m\u00fcharib\u0259sinin veteran\u0131 koronavirusdan sa\u011fald\u0131"},"content":{"rendered":"\n<p>II D\u00fcnya m\u00fcharib\u0259si veteran\u0131,&nbsp;ingilt\u0259r\u0259li, 99 ya\u015fl\u0131&nbsp;<strong>Albert \u00c7ambers<\/strong>&nbsp;koronavirusdan sa\u011falaraq x\u0259st\u0259xanadan ev\u0259 burax\u0131l\u0131b.<\/p>\n\n\n\n<p>\u201cReport\u201d x\u0259b\u0259r verir ki, hadis\u0259 \u0130ngilt\u0259r\u0259nin Donkaster \u015f\u0259h\u0259rind\u0259 ba\u015f verib.<\/p>\n\n\n\n<p>Bu ilin iyul ay\u0131nda 100 ya\u015f\u0131n\u0131 qeyd\u0259 ed\u0259c\u0259k A.\u00c7ambers x\u0259st\u0259xanaya \u0259l s\u00fcm\u00fcy\u00fc s\u0131nd\u0131\u011f\u0131&nbsp;\u00fc\u00e7\u00fcn&nbsp;yerl\u0259\u015fdirilib. Orada onda COVID-19-un simptomlar\u0131 ortaya \u00e7\u0131x\u0131b&nbsp;v\u0259 bundan sonra edil\u0259n koronavirus testinin n\u0259tic\u0259si pozitiv \u00e7\u0131x\u0131b. Bununla bel\u0259, x\u0259st\u0259liyin \u0259sas\u0259n qocalar \u00fc\u00e7\u00fcn t\u0259hl\u00fck\u0259li olmas\u0131na baxmayaraq, 99 ya\u015fl\u0131 veteran koronavirusa qalib g\u0259l\u0259 bilib.<\/p>\n\n\n\n<p>\u201c\u00c7ox sa\u011f olun. Sizin m\u0259nim \u00fc\u00e7\u00fcn etdiyiniz h\u0259r \u015feyi d\u0259y\u0259rl\u0259ndirir\u0259m. Bundan daha yax\u015f\u0131s\u0131 ola da bilm\u0259zdi\u201d, &#8212; Albert \u00c7ambers s\u00f6yl\u0259yib.<\/p>\n\n\n\n<p>Xat\u0131rladaq ki, koronavirus infeksiyas\u0131 \u00f6t\u0259n ilin dekabr\u0131nda \u00c7inin Uhan \u015f\u0259h\u0259rind\u0259 yay\u0131lma\u011fa ba\u015flay\u0131b. Haz\u0131rda virus&nbsp;<strong>210&nbsp;<\/strong>\u00f6lk\u0259 v\u0259 b\u00f6lg\u0259d\u0259 qeyd\u0259 al\u0131n\u0131b.<\/p>\n\n\n\n<p>D\u00fcnyada koronavirus infeksiyas\u0131na indiy\u0259d\u0259k yoluxanlar\u0131n say\u0131&nbsp;<strong>1 633 000<\/strong>-i \u00f6t\u00fcb. Bunlar\u0131n&nbsp;<strong>366 673<\/strong>&nbsp;n\u0259f\u0259ri sa\u011fal\u0131b,&nbsp;<strong>99 473&nbsp;<\/strong>n\u0259f\u0259ri is\u0259 \u00f6l\u00fcb.<\/p>\n\n\n\n<p>\u00dcmumd\u00fcnya S\u0259hiyy\u0259 T\u0259\u015fkilat\u0131 (\u00dcST) fevral\u0131n 11-d\u0259 infeksiyan\u0131n ad\u0131n\u0131\u00a0<a rel=\"noreferrer noopener\" href=\"https:\/\/report.az\/elm-ve-tehsil\/koronavirusun-adi-yeniden-deyisdirildi\/\" target=\"_blank\">COVID-19 qoyub<\/a>, mart\u0131n 11-d\u0259 is\u0259 koronavirusu\u00a0<a rel=\"noreferrer noopener\" href=\"https:\/\/report.az\/sehiyye\/ust-koronavirusu-pandemiya-elan-etdi\/\" target=\"_blank\">pandemiya elan edib<\/a>.<\/p>\n\n\n\n<figure class=\"wp-block-image\"><img decoding=\"async\" src=\"https:\/\/report.az\/storage\/news\/e1388ddd513736509811cf116674677a\/0fb2b179-5055-4ee3-8020-d4125db5e1a6_292.jpg\" alt=\"\"\/><figcaption><strong>M\u00fcharib\u0259 ill\u0259rind\u0259 g\u0259nc \u0259sg\u0259r Albert \u00c7ambers<\/strong> <\/figcaption><\/figure>\n\n\n\n<p><br><\/p>\n","protected":false},"excerpt":{"rendered":"<p>II D\u00fcnya m\u00fcharib\u0259si veteran\u0131,&nbsp;ingilt\u0259r\u0259li, 99 ya\u015fl\u0131&nbsp;Albert \u00c7ambers&nbsp;koronavirusdan sa\u011falaraq x\u0259st\u0259xanadan ev\u0259 burax\u0131l\u0131b. \u201cReport\u201d x\u0259b\u0259r verir ki,&#8230;<\/p>\n","protected":false},"author":3,"featured_media":0,"comment_status":"closed","ping_status":"closed","sticky":false,"template":"","format":"standard","meta":{"footnotes":""},"categories":[12],"tags":[],"class_list":["post-5578","post","type-post","status-publish","format-standard","hentry","category-veteran"],"featured_image_urls":{"full":"","thumbnail":"","medium":"","medium_large":"","large":"","1536x1536":"","2048x2048":"","covernews-slider-full":"","covernews-slider-center":"","covernews-featured":"","covernews-medium":"","covernews-medium-square":""},"author_info":{"display_name":"Veteran.az","author_link":"https:\/\/veteran.az\/?author=3"},"category_info":"<a href=\"https:\/\/veteran.az\/?cat=12\" rel=\"category\">Veteran d\u00fcnyas\u0131<\/a>","tag_info":"Veteran d\u00fcnyas\u0131","comment_count":"0","_links":{"self":[{"href":"https:\/\/veteran.az\/index.php?rest_route=\/wp\/v2\/posts\/5578","targetHints":{"allow":["GET"]}}],"collection":[{"href":"https:\/\/veteran.az\/index.php?rest_route=\/wp\/v2\/posts"}],"about":[{"href":"https:\/\/veteran.az\/index.php?rest_route=\/wp\/v2\/types\/post"}],"author":[{"embeddable":true,"href":"https:\/\/veteran.az\/index.php?rest_route=\/wp\/v2\/users\/3"}],"replies":[{"embeddable":true,"href":"https:\/\/veteran.az\/index.php?rest_route=%2Fwp%2Fv2%2Fcomments&post=5578"}],"version-history":[{"count":1,"href":"https:\/\/veteran.az\/index.php?rest_route=\/wp\/v2\/posts\/5578\/revisions"}],"predecessor-version":[{"id":5580,"href":"https:\/\/veteran.az\/index.php?rest_route=\/wp\/v2\/posts\/5578\/revisions\/5580"}],"wp:attachment":[{"href":"https:\/\/veteran.az\/index.php?rest_route=%2Fwp%2Fv2%2Fmedia&parent=5578"}],"wp:term":[{"taxonomy":"category","embeddable":true,"href":"https:\/\/veteran.az\/index.php?rest_route=%2Fwp%2Fv2%2Fcategories&post=5578"},{"taxonomy":"post_tag","embeddable":true,"href":"https:\/\/veteran.az\/index.php?rest_route=%2Fwp%2Fv2%2Ftags&post=5578"}],"curies":[{"name":"wp","href":"https:\/\/api.w.org\/{rel}","templated":true}]}}