{"id":5575,"date":"2020-04-11T02:43:38","date_gmt":"2020-04-10T22:43:38","guid":{"rendered":"http:\/\/veteran.az\/?p=5575"},"modified":"2020-04-11T02:43:41","modified_gmt":"2020-04-10T22:43:41","slug":"daha-bir-qazi-haqqa-yurudu","status":"publish","type":"post","link":"https:\/\/veteran.az\/?p=5575","title":{"rendered":"Daha bir Qazi haqqa y\u00fcr\u00fcd\u00fc"},"content":{"rendered":"\n<p> S\u0131ralar\u0131m\u0131z seyr\u0259lir. H\u0259r g\u00fcn bir d\u00f6y\u00fc\u015f\u00e7\u00fc s\u0131ralar\u0131m\u0131z\u0131 t\u0259rk edir&#8230;<\/p>\n\n\n\n<p>Daha bir Qaraba\u011f qazisi, k\u0259\u015ffiyyat\u00e7\u0131, \u0259sl\u0259n F\u00fczuli rayonundan olan Maris Q\u0259nb\u0259r o\u011flu \u018fbilov haqq d\u0259rgah\u0131na qovu\u015fdu.<\/p>\n\n\n\n<p><br>O, 1992-ci ild\u0259 Tu\u011f k\u0259ndind\u0259 ged\u0259n d\u00f6y\u00fc\u015fl\u0259rd\u0259 yaralanm\u0131\u015fd\u0131.<\/p>\n\n\n\n<p><strong>AVMV\u0130B R\u0259hb\u0259rliyi m\u00fcharib\u0259 veteran\u0131 Maris \u018fbilovun v\u0259fat\u0131ndan k\u0259d\u0259rl\u0259ndiyini bildirir v\u0259 m\u0259rhumun yax\u0131nlar\u0131na d\u0259rin h\u00fcznl\u0259 ba\u015fsa\u011fl\u0131\u011f\u0131 verirl\u0259r.<\/strong><\/p>\n\n\n\n<p><br><strong>Allah r\u0259hm\u0259t el\u0259sin!<\/strong><\/p>\n\n\n\n<p> <strong>M\u0259kan\u0131 c\u0259nn\u0259t olsun! <\/strong><\/p>\n\n\n\n<figure class=\"wp-block-image\"><img decoding=\"async\" src=\"https:\/\/scontent.fgyd4-2.fna.fbcdn.net\/v\/t1.0-9\/93571791_3746772372060894_1439068546742091776_n.jpg?_nc_cat=109&amp;_nc_sid=110474&amp;_nc_ohc=VM7xpk9fZowAX8ASm5l&amp;_nc_ht=scontent.fgyd4-2.fna&amp;oh=02283e23ba04f049ec4079a4fa9623e9&amp;oe=5EB7F89B\" alt=\"\u041d\u0430 \u0438\u0437\u043e\u0431\u0440\u0430\u0436\u0435\u043d\u0438\u0438 \u043c\u043e\u0436\u0435\u0442 \u043d\u0430\u0445\u043e\u0434\u0438\u0442\u044c\u0441\u044f: Na\u011f\u0131 Yusifcanl\u0131, \u043f\u043e\u043b\u043e\u0441\u043a\u0438 \u0438 \u043d\u0430 \u0443\u043b\u0438\u0446\u0435\"\/><\/figure>\n","protected":false},"excerpt":{"rendered":"<p>S\u0131ralar\u0131m\u0131z seyr\u0259lir. H\u0259r g\u00fcn bir d\u00f6y\u00fc\u015f\u00e7\u00fc s\u0131ralar\u0131m\u0131z\u0131 t\u0259rk edir&#8230; Daha bir Qaraba\u011f qazisi, k\u0259\u015ffiyyat\u00e7\u0131, \u0259sl\u0259n&#8230;<\/p>\n","protected":false},"author":3,"featured_media":0,"comment_status":"closed","ping_status":"closed","sticky":false,"template":"","format":"standard","meta":{"footnotes":""},"categories":[12],"tags":[],"class_list":["post-5575","post","type-post","status-publish","format-standard","hentry","category-veteran"],"featured_image_urls":{"full":"","thumbnail":"","medium":"","medium_large":"","large":"","1536x1536":"","2048x2048":"","covernews-slider-full":"","covernews-slider-center":"","covernews-featured":"","covernews-medium":"","covernews-medium-square":""},"author_info":{"display_name":"Veteran.az","author_link":"https:\/\/veteran.az\/?author=3"},"category_info":"<a href=\"https:\/\/veteran.az\/?cat=12\" rel=\"category\">Veteran d\u00fcnyas\u0131<\/a>","tag_info":"Veteran d\u00fcnyas\u0131","comment_count":"0","_links":{"self":[{"href":"https:\/\/veteran.az\/index.php?rest_route=\/wp\/v2\/posts\/5575","targetHints":{"allow":["GET"]}}],"collection":[{"href":"https:\/\/veteran.az\/index.php?rest_route=\/wp\/v2\/posts"}],"about":[{"href":"https:\/\/veteran.az\/index.php?rest_route=\/wp\/v2\/types\/post"}],"author":[{"embeddable":true,"href":"https:\/\/veteran.az\/index.php?rest_route=\/wp\/v2\/users\/3"}],"replies":[{"embeddable":true,"href":"https:\/\/veteran.az\/index.php?rest_route=%2Fwp%2Fv2%2Fcomments&post=5575"}],"version-history":[{"count":1,"href":"https:\/\/veteran.az\/index.php?rest_route=\/wp\/v2\/posts\/5575\/revisions"}],"predecessor-version":[{"id":5577,"href":"https:\/\/veteran.az\/index.php?rest_route=\/wp\/v2\/posts\/5575\/revisions\/5577"}],"wp:attachment":[{"href":"https:\/\/veteran.az\/index.php?rest_route=%2Fwp%2Fv2%2Fmedia&parent=5575"}],"wp:term":[{"taxonomy":"category","embeddable":true,"href":"https:\/\/veteran.az\/index.php?rest_route=%2Fwp%2Fv2%2Fcategories&post=5575"},{"taxonomy":"post_tag","embeddable":true,"href":"https:\/\/veteran.az\/index.php?rest_route=%2Fwp%2Fv2%2Ftags&post=5575"}],"curies":[{"name":"wp","href":"https:\/\/api.w.org\/{rel}","templated":true}]}}