{"id":5445,"date":"2020-04-05T00:19:09","date_gmt":"2020-04-04T20:19:09","guid":{"rendered":"http:\/\/veteran.az\/?p=5445"},"modified":"2020-04-05T00:19:11","modified_gmt":"2020-04-04T20:19:11","slug":"daha-bir-veteranimiz-cagiris-etdi-evd%c9%99-qal-yasa-v%c9%99-yasat","status":"publish","type":"post","link":"https:\/\/veteran.az\/?p=5445","title":{"rendered":"Daha bir veteran\u0131m\u0131z \u00e7a\u011f\u0131r\u0131\u015f etdi: &#171;Evd\u0259 qal, ya\u015fa v\u0259 ya\u015fat!&#187;"},"content":{"rendered":"\n<p>AVMV\u0130B s\u0259drinin s\u0259lahiyy\u0259tli n\u00fcmay\u0259nd\u0259si Sadiq Q\u0259dirli Ali Ba\u015f Komandan c\u0259nab \u0130lham \u018fliyevin &#171;Biz birlikd\u0259 g\u00fccl\u00fcy\u00fck!&#187; \u00e7a\u011fr\u0131\u015f\u0131na qo\u015fularaq, h\u0259r k\u0259si &#171;Evd\u0259 Qal!&#187;ma\u011fa \u00e7a\u011f\u0131r\u0131b.<\/p>\n\n\n\n<p>Sadiq Q\u0259dirli bildirib: &#171;\u00dcmumd\u00fcnya S\u0259hiyy\u0259 T\u0259\u015fkilat\u0131n\u0131n (\u00dcST) Az\u0259rbaycan n\u00fcmay\u0259nd\u0259liyi koronavirus infeksiyas\u0131n\u0131n t\u00f6r\u0259d\u0259 bil\u0259c\u0259yi t\u0259hl\u00fck\u0259ni n\u0259z\u0259r\u0259 alaraq \u0259haliy\u0259 m\u00fcraci\u0259t edib.<\/p>\n\n\n\n<p>Beyn\u0259lxalq t\u0259\u015fkilat bununla ba\u011fl\u0131 kampaniyaya ba\u015flad\u0131\u011f\u0131&nbsp;<a href=\"https:\/\/www.facebook.com\/hashtag\/evd%C9%99qal?source=feed_text&amp;epa=HASHTAG&amp;__xts__%5B0%5D=68.ARB8HwRWsLysNo4dvILJ5Pefj2Es3xc7yvKbly-eBgFW9Tk3Qi6YLB90SEuAS5dFRkdSvu1qprwx3U8rdxpxa5qVzFx8LSMgxxtoPbiNFGbW_Io1pN0eecIGENaWDq0kfWq-0xTJV1Y_PLJwsJKf8asTk3ISYw18S0mPutV_PipMcnrDtv5SkoO-hKid4zVQbtp0_K_yYUJJq4w3mudupmStzf5Sl-pGkCQGe1gH4w83kdkv2LaBdkTLxoOX4xMaUEoPYcNALgqbMnbnFJfeQSrZJnAn4e6dA8XwFyGCkw87Ly8JfQxd37I9rerqyd0D9fE&amp;__tn__=%2ANK-R-R\">#evd\u0259qal<\/a>&nbsp;h\u0259\u015ft\u0259qi il\u0259 insanlar\u0131 evd\u0259 qalma\u011fa v\u0259 h\u0259yatlar\u0131 xilas etm\u0259y\u0259 \u00e7a\u011f\u0131r\u0131b. Bizi kims\u0259 \u00f6z\u00fcm\u00fczd\u0259n \u00e7ox sev\u0259 bilm\u0259z. \u00d6z ail\u0259miz namin\u0259, xalq\u0131m\u0131z namin\u0259, \u00f6lk\u0259mizin g\u0259l\u0259c\u0259yi namin\u0259 ir\u0259li s\u00fcr\u00fclm\u00fc\u015f karantin \u015f\u0259rtl\u0259rin\u0259 ciddi \u0259m\u0259l etm\u0259liyik. Biz m\u00fcharib\u0259 veteran\u0131 olaraq v\u0259ziyy\u0259ti daha yax\u015f\u0131 qiym\u0259tl\u0259ndiririk. Bu m\u00fcbariz\u0259d\u0259 yeri g\u00f6r\u00fcnm\u0259y\u0259n bir d\u00fc\u015fm\u0259nl\u0259 \u00fczb\u0259\u00fcz\u00fck. V\u0259ziyy\u0259td\u0259n daha az itkiyl\u0259 \u00e7\u0131xmaq \u00fc\u00e7\u00fcn h\u0259r k\u0259s\u0259 s\u0259sl\u0259nir\u0259m: &#171;Evd\u0259 qal! Ya\u015fa v\u0259 ya\u015fat!&#187;<\/p>\n\n\n\n<p>S. Q\u0259dirli bu ham\u0131m\u0131z\u0131n \u00fcmummilli i\u015fidir. \u00c7\u00fcnki bizi qar\u015f\u0131da daha qorxunc erm\u0259ni virusuyla m\u00fcharib\u0259 g\u00f6zl\u0259yir. Biz \u00f6nc\u0259 bu d\u00fc\u015fm\u0259ni m\u0259\u011flub etm\u0259li v\u0259 sonrak\u0131 m\u0259rh\u0259l\u0259y\u0259 haz\u0131r olmal\u0131y\u0131q.<\/p>\n\n\n\n<p>Xat\u0131rladaq ki, AVMV\u0130B s\u0259drinin s\u0259lahiyy\u0259tli n\u00fcmay\u0259nd\u0259si Sadiq Q\u0259dirli 1991-1995-ci ill\u0259rd\u0259 Qaraba\u011f u\u011frunda ged\u0259n d\u00f6y\u00fc\u015fl\u0259rd\u0259 i\u015ftirak edib. Haz\u0131rda Veteranlar Birliyind\u0259 f\u0259al ictimai f\u0259aliyy\u0259tl\u0259 m\u0259\u015f\u011ful olmaqla yana\u015f\u0131 \u00f6lk\u0259mizin m\u00fcdafi\u0259 s\u0259nayesi sah\u0259sind\u0259 \u00e7al\u0131\u015fmaqdad\u0131r. O, Ali Ba\u015f Komandan c\u0259nab \u0130lham \u018fliyevin komandanl\u0131\u011f\u0131 alt\u0131nda itirilmi\u015f \u0259razil\u0259rin d\u00fc\u015fm\u0259n tapda\u011f\u0131ndan tezlikl\u0259 azad edil\u0259ciyin\u0259 inan\u0131r v\u0259 bu yolda daim \u0259mr\u0259 haz\u0131r oldu\u011funu d\u0259f\u0259l\u0259rl\u0259 bildirib. H\u0259m\u00e7inin Az\u0259rbaycan Prezidentinin I Vitse prezidenti xan\u0131m Mehriban \u018fliyevan\u0131n m\u00fcharib\u0259 i\u015ftirak\u00e7\u0131lar\u0131na v\u0259 \u015f\u0259hid ail\u0259l\u0259rin\u0259 daim qay\u011f\u0131 g\u00f6st\u0259rm\u0259sini g\u0259nc n\u0259slin v\u0259t\u0259np\u0259rv\u0259r ruhda t\u0259rbiy\u0259sin\u0259 bir t\u00f6hf\u0259 oldu\u011funu deyir.<\/p>\n\n\n\n<p>Bu d\u0259f\u0259 is\u0259 Az\u0259rbaycan xalq\u0131na bir ke\u00e7mi\u015f d\u00f6y\u00fc\u015f\u00e7\u00fc kimi \u00e7a\u011f\u0131r\u0131\u015f ed\u0259r\u0259k; &#171;Evd\u0259 qal! Ya\u015fa v\u0259 ya\u015fat!&#187;<\/p>\n\n\n\n<p><strong>Nurlan M\u0259mm\u0259dli<\/strong><\/p>\n\n\n\n<figure class=\"wp-block-image\"><img decoding=\"async\" src=\"https:\/\/scontent.fgyd4-2.fna.fbcdn.net\/v\/t1.0-9\/91981598_964668977281659_7695315560195686400_n.png?_nc_cat=109&amp;_nc_sid=8024bb&amp;_nc_ohc=nPQ8jLUC3KUAX_yvM4d&amp;_nc_ht=scontent.fgyd4-2.fna&amp;oh=881ae4a87412b42232ff23a5771bdd36&amp;oe=5EACBCDE\" alt=\"\u041d\u0430 \u0438\u0437\u043e\u0431\u0440\u0430\u0436\u0435\u043d\u0438\u0438 \u043c\u043e\u0436\u0435\u0442 \u043d\u0430\u0445\u043e\u0434\u0438\u0442\u044c\u0441\u044f: 1 \u0447\u0435\u043b\u043e\u0432\u0435\u043a, \u043a\u043e\u0441\u0442\u044e\u043c\"\/><\/figure>\n","protected":false},"excerpt":{"rendered":"<p>AVMV\u0130B s\u0259drinin s\u0259lahiyy\u0259tli n\u00fcmay\u0259nd\u0259si Sadiq Q\u0259dirli Ali Ba\u015f Komandan c\u0259nab \u0130lham \u018fliyevin &#171;Biz birlikd\u0259 g\u00fccl\u00fcy\u00fck!&#187;&#8230;<\/p>\n","protected":false},"author":3,"featured_media":0,"comment_status":"closed","ping_status":"closed","sticky":false,"template":"","format":"standard","meta":{"footnotes":""},"categories":[12],"tags":[],"class_list":["post-5445","post","type-post","status-publish","format-standard","hentry","category-veteran"],"featured_image_urls":{"full":"","thumbnail":"","medium":"","medium_large":"","large":"","1536x1536":"","2048x2048":"","covernews-slider-full":"","covernews-slider-center":"","covernews-featured":"","covernews-medium":"","covernews-medium-square":""},"author_info":{"display_name":"Veteran.az","author_link":"https:\/\/veteran.az\/?author=3"},"category_info":"<a href=\"https:\/\/veteran.az\/?cat=12\" rel=\"category\">Veteran d\u00fcnyas\u0131<\/a>","tag_info":"Veteran d\u00fcnyas\u0131","comment_count":"0","_links":{"self":[{"href":"https:\/\/veteran.az\/index.php?rest_route=\/wp\/v2\/posts\/5445","targetHints":{"allow":["GET"]}}],"collection":[{"href":"https:\/\/veteran.az\/index.php?rest_route=\/wp\/v2\/posts"}],"about":[{"href":"https:\/\/veteran.az\/index.php?rest_route=\/wp\/v2\/types\/post"}],"author":[{"embeddable":true,"href":"https:\/\/veteran.az\/index.php?rest_route=\/wp\/v2\/users\/3"}],"replies":[{"embeddable":true,"href":"https:\/\/veteran.az\/index.php?rest_route=%2Fwp%2Fv2%2Fcomments&post=5445"}],"version-history":[{"count":1,"href":"https:\/\/veteran.az\/index.php?rest_route=\/wp\/v2\/posts\/5445\/revisions"}],"predecessor-version":[{"id":5447,"href":"https:\/\/veteran.az\/index.php?rest_route=\/wp\/v2\/posts\/5445\/revisions\/5447"}],"wp:attachment":[{"href":"https:\/\/veteran.az\/index.php?rest_route=%2Fwp%2Fv2%2Fmedia&parent=5445"}],"wp:term":[{"taxonomy":"category","embeddable":true,"href":"https:\/\/veteran.az\/index.php?rest_route=%2Fwp%2Fv2%2Fcategories&post=5445"},{"taxonomy":"post_tag","embeddable":true,"href":"https:\/\/veteran.az\/index.php?rest_route=%2Fwp%2Fv2%2Ftags&post=5445"}],"curies":[{"name":"wp","href":"https:\/\/api.w.org\/{rel}","templated":true}]}}