{"id":5307,"date":"2020-03-30T09:26:50","date_gmt":"2020-03-30T05:26:50","guid":{"rendered":"http:\/\/veteran.az\/?p=5307"},"modified":"2020-03-30T09:26:53","modified_gmt":"2020-03-30T05:26:53","slug":"fransada-qondarma-erm%c9%99ni-soyqirimini-tanidan-adam-oldu","status":"publish","type":"post","link":"https:\/\/veteran.az\/?p=5307","title":{"rendered":"Fransada qondarma \u201cerm\u0259ni soyq\u0131r\u0131m\u0131\u201dn\u0131 tan\u0131dan adam \u00f6ld\u00fc"},"content":{"rendered":"\n<p>Fransan\u0131n sabiq s\u0259naye naziri, O-de-Sen-Patrik departamentinin \u015fura s\u0259dri Patrik Devecyan koronavirusdan \u00f6l\u00fcb.<\/p>\n\n\n\n<p><strong>Veteran.az\u00a0\u00a0<\/strong>x\u0259b\u0259r verir ki, siyas\u0259t\u00e7inin 75 ya\u015f\u0131 olub.<\/p>\n\n\n\n<p>Patrik Devecyan Fransada erm\u0259ni diasporunun \u0259sas simalar\u0131ndan biri olub. M\u0259hzonun f\u0259all\u0131\u011f\u0131 say\u0259sind\u0259 Fransa parlamenti 2001-ci ild\u0259 qondarma \u201cerm\u0259ni soyq\u0131r\u0131m\u0131\u201dn\u0131 tan\u0131m\u0131\u015fd\u0131.<\/p>\n\n\n\n<p>Haz\u0131rda Fransada 37 575 koronaviruslu x\u0259st\u0259 var. \u00d6l\u0259nl\u0259rin say\u0131 is\u0259 2314-\u0259 \u00e7at\u0131b.<\/p>\n\n\n\n<p><strong>At\u0259\u015fi bol olsun!<\/strong><\/p>\n","protected":false},"excerpt":{"rendered":"<p>Fransan\u0131n sabiq s\u0259naye naziri, O-de-Sen-Patrik departamentinin \u015fura s\u0259dri Patrik Devecyan koronavirusdan \u00f6l\u00fcb. Veteran.az\u00a0\u00a0x\u0259b\u0259r verir ki,&#8230;<\/p>\n","protected":false},"author":3,"featured_media":0,"comment_status":"closed","ping_status":"closed","sticky":false,"template":"","format":"standard","meta":{"footnotes":""},"categories":[10],"tags":[],"class_list":["post-5307","post","type-post","status-publish","format-standard","hentry","category-avmvib"],"featured_image_urls":{"full":"","thumbnail":"","medium":"","medium_large":"","large":"","1536x1536":"","2048x2048":"","covernews-slider-full":"","covernews-slider-center":"","covernews-featured":"","covernews-medium":"","covernews-medium-square":""},"author_info":{"display_name":"Veteran.az","author_link":"https:\/\/veteran.az\/?author=3"},"category_info":"<a href=\"https:\/\/veteran.az\/?cat=10\" rel=\"category\">AVMV\u0130B<\/a>","tag_info":"AVMV\u0130B","comment_count":"0","_links":{"self":[{"href":"https:\/\/veteran.az\/index.php?rest_route=\/wp\/v2\/posts\/5307","targetHints":{"allow":["GET"]}}],"collection":[{"href":"https:\/\/veteran.az\/index.php?rest_route=\/wp\/v2\/posts"}],"about":[{"href":"https:\/\/veteran.az\/index.php?rest_route=\/wp\/v2\/types\/post"}],"author":[{"embeddable":true,"href":"https:\/\/veteran.az\/index.php?rest_route=\/wp\/v2\/users\/3"}],"replies":[{"embeddable":true,"href":"https:\/\/veteran.az\/index.php?rest_route=%2Fwp%2Fv2%2Fcomments&post=5307"}],"version-history":[{"count":1,"href":"https:\/\/veteran.az\/index.php?rest_route=\/wp\/v2\/posts\/5307\/revisions"}],"predecessor-version":[{"id":5309,"href":"https:\/\/veteran.az\/index.php?rest_route=\/wp\/v2\/posts\/5307\/revisions\/5309"}],"wp:attachment":[{"href":"https:\/\/veteran.az\/index.php?rest_route=%2Fwp%2Fv2%2Fmedia&parent=5307"}],"wp:term":[{"taxonomy":"category","embeddable":true,"href":"https:\/\/veteran.az\/index.php?rest_route=%2Fwp%2Fv2%2Fcategories&post=5307"},{"taxonomy":"post_tag","embeddable":true,"href":"https:\/\/veteran.az\/index.php?rest_route=%2Fwp%2Fv2%2Ftags&post=5307"}],"curies":[{"name":"wp","href":"https:\/\/api.w.org\/{rel}","templated":true}]}}