{"id":5062,"date":"2020-03-22T01:52:25","date_gmt":"2020-03-21T21:52:25","guid":{"rendered":"http:\/\/veteran.az\/?p=5062"},"modified":"2020-03-22T01:52:27","modified_gmt":"2020-03-21T21:52:27","slug":"kreml-t%c9%99xir%c9%99-saldi-pasinyan-moskvaya-gedir","status":"publish","type":"post","link":"https:\/\/veteran.az\/?p=5062","title":{"rendered":"Kreml t\u0259xir\u0259 sald\u0131, Pa\u015finyan Moskvaya gedir"},"content":{"rendered":"\n<p><strong>Erm\u0259nistan Ba\u015f naziri Nikol Pa\u015finyan ilin birinci yar\u0131s\u0131nda Rusiya Federasiyas\u0131na r\u0259smi s\u0259f\u0259r ed\u0259c\u0259yini a\u00e7\u0131qlay\u0131b.<\/strong><\/p>\n\n\n\n<p><a target=\"_blank\" href=\"http:\/\/teleqraf.com\/\" rel=\"noreferrer noopener\">Teleqraf.com<\/a>&nbsp;x\u0259b\u0259r verir ki, bu bar\u0259d\u0259 Erm\u0259nistan\u0131n \u201cHraparak\u201d n\u0259\u015fri m\u0259lumat yay\u0131b.<\/p>\n\n\n\n<p>Erm\u0259nistan r\u0259hb\u0259ri s\u0259f\u0259rin aprel-may aylar\u0131 \u00fc\u00e7\u00fcn planla\u015fd\u0131r\u0131ld\u0131\u011f\u0131n\u0131 v\u0259 ba\u015f nazirlik d\u00f6vr\u00fcn\u00fcn iki ilind\u0259 ilk r\u0259smi s\u0259f\u0259r olaca\u011f\u0131n\u0131 s\u00f6yl\u0259yib.<\/p>\n\n\n\n<p>\u201cHraparak\u201d ilin birinci yar\u0131s\u0131nda ke\u00e7irilm\u0259si planla\u015fd\u0131r\u0131lan Erm\u0259nistan-Rusiya h\u00f6kum\u0259tl\u0259raras\u0131 komissiyas\u0131n\u0131n iclas\u0131n\u0131n, h\u0259m\u00e7inin Rusiya parlamentinin spikeri Valentina Matvienkonun \u0130r\u0259vana s\u0259f\u0259ri t\u0259xir\u0259 sal\u0131n\u0131b.<\/p>\n\n\n\n<p>M\u0259nb\u0259 Rusiyadan n\u0259z\u0259rd\u0259 tutulan b\u00fct\u00fcn s\u0259f\u0259r v\u0259 g\u00f6r\u00fc\u015fl\u0259rin \u0259n az\u0131 pay\u0131za q\u0259d\u0259r t\u0259xir\u0259 sal\u0131nd\u0131\u011f\u0131n\u0131 yaz\u0131b:<\/p>\n\n\n\n<p>\u201cErm\u0259nistan Xarici \u0130\u015fl\u0259r Nazirliyind\u0259n q\u0259zetimiz\u0259 bildirilib ki, g\u00f6r\u00fc\u015f v\u0259 s\u0259f\u0259rl\u0259rin t\u0259xir\u0259 sal\u0131nmas\u0131n\u0131n s\u0259b\u0259bi koronavirusla \u0259laq\u0259li haz\u0131rk\u0131 v\u0259ziyy\u0259t\u0259 g\u00f6r\u0259 deyil, s\u0259f\u0259rl\u0259r b\u0259zi geosiyasi probleml\u0259r\u0259 g\u00f6r\u0259 l\u0259\u011fv edilib.<\/p>\n\n\n\n<p>Erm\u0259nistan parlamentinin vitse-spikeri Alen Simonyan da q\u0259zetimiz\u0259 a\u00e7\u0131qlamas\u0131nda, Erm\u0259nistan-Rusiya h\u00f6kum\u0259tl\u0259raras\u0131 komissiyas\u0131n\u0131n iclas\u0131n\u0131n t\u0259xir\u0259 sal\u0131nd\u0131\u011f\u0131n\u0131 t\u0259sdiql\u0259yib. Simonyan qeyd etdi ki, bu q\u0259rar koronavirusdan \u0259vv\u0259l verilib, s\u0259b\u0259b ba\u015fqad\u0131r\u201d.<\/p>\n","protected":false},"excerpt":{"rendered":"<p>Erm\u0259nistan Ba\u015f naziri Nikol Pa\u015finyan ilin birinci yar\u0131s\u0131nda Rusiya Federasiyas\u0131na r\u0259smi s\u0259f\u0259r ed\u0259c\u0259yini a\u00e7\u0131qlay\u0131b. Teleqraf.com&nbsp;x\u0259b\u0259r&#8230;<\/p>\n","protected":false},"author":3,"featured_media":0,"comment_status":"closed","ping_status":"closed","sticky":false,"template":"","format":"standard","meta":{"footnotes":""},"categories":[9],"tags":[],"class_list":["post-5062","post","type-post","status-publish","format-standard","hentry","category-sq"],"featured_image_urls":{"full":"","thumbnail":"","medium":"","medium_large":"","large":"","1536x1536":"","2048x2048":"","covernews-slider-full":"","covernews-slider-center":"","covernews-featured":"","covernews-medium":"","covernews-medium-square":""},"author_info":{"display_name":"Veteran.az","author_link":"https:\/\/veteran.az\/?author=3"},"category_info":"<a href=\"https:\/\/veteran.az\/?cat=9\" rel=\"category\">Silahl\u0131 Q\u00fcvv\u0259l\u0259r<\/a>","tag_info":"Silahl\u0131 Q\u00fcvv\u0259l\u0259r","comment_count":"0","_links":{"self":[{"href":"https:\/\/veteran.az\/index.php?rest_route=\/wp\/v2\/posts\/5062","targetHints":{"allow":["GET"]}}],"collection":[{"href":"https:\/\/veteran.az\/index.php?rest_route=\/wp\/v2\/posts"}],"about":[{"href":"https:\/\/veteran.az\/index.php?rest_route=\/wp\/v2\/types\/post"}],"author":[{"embeddable":true,"href":"https:\/\/veteran.az\/index.php?rest_route=\/wp\/v2\/users\/3"}],"replies":[{"embeddable":true,"href":"https:\/\/veteran.az\/index.php?rest_route=%2Fwp%2Fv2%2Fcomments&post=5062"}],"version-history":[{"count":1,"href":"https:\/\/veteran.az\/index.php?rest_route=\/wp\/v2\/posts\/5062\/revisions"}],"predecessor-version":[{"id":5064,"href":"https:\/\/veteran.az\/index.php?rest_route=\/wp\/v2\/posts\/5062\/revisions\/5064"}],"wp:attachment":[{"href":"https:\/\/veteran.az\/index.php?rest_route=%2Fwp%2Fv2%2Fmedia&parent=5062"}],"wp:term":[{"taxonomy":"category","embeddable":true,"href":"https:\/\/veteran.az\/index.php?rest_route=%2Fwp%2Fv2%2Fcategories&post=5062"},{"taxonomy":"post_tag","embeddable":true,"href":"https:\/\/veteran.az\/index.php?rest_route=%2Fwp%2Fv2%2Ftags&post=5062"}],"curies":[{"name":"wp","href":"https:\/\/api.w.org\/{rel}","templated":true}]}}