{"id":4983,"date":"2020-03-18T14:51:49","date_gmt":"2020-03-18T10:51:49","guid":{"rendered":"http:\/\/veteran.az\/?p=4983"},"modified":"2020-03-18T15:34:03","modified_gmt":"2020-03-18T11:34:03","slug":"d%c9%99rb%c9%99ndin-yerli-%c9%99halisi-olan-az%c9%99rbaycanlilara-qarsi-velikorus-t%c9%99xribati-video","status":"publish","type":"post","link":"https:\/\/veteran.az\/?p=4983","title":{"rendered":"D\u0259rb\u0259ndin yerli \u0259halisi olan az\u0259rbaycanl\u0131lara qar\u015f\u0131 Velikorus t\u0259xribat\u0131 &#8212; V\u0130DEO"},"content":{"rendered":"\n<p>Rusiyan\u0131n D\u0259rb\u0259nd \u015f\u0259h\u0259rinin meri Xizri Abakarov v\u0259 \u015e\u0259h\u0259r deputatlar M\u0259clisinin s\u0259dri M\u00f6vs\u00fcm R\u0259himov D\u0259rb\u0259ndin tarixi hiss\u0259sinin a\u011fsaqqallar\u0131 il\u0259 g\u00f6r\u00fc\u015f\u00fcb.&nbsp;<\/p>\n\n\n\n<p>D\u0259rb\u0259ndd\u0259ki Az\u0259rbaycan Diasporunun s\u0259dri Telman Tahirlinin&nbsp;<a href=\"https:\/\/apa.az\/\" target=\"_blank\" rel=\"noreferrer noopener\">APA<\/a>-n\u0131n Rusiya b\u00fcrosuna verdiyi m\u0259lumata g\u00f6r\u0259, g\u00f6r\u00fc\u015fd\u0259 D\u0259rb\u0259ndin C\u00fcm\u0259 m\u0259scidinin axundu Seyid H\u0259\u015fim Mirteyibov, C\u00fcm\u0259 m\u0259scidinin icmas\u0131n\u0131n s\u0259dri Seyid Y\u0259hya Seyidov, \u015f\u0259h\u0259r administrasiyas\u0131n\u0131n s\u0259drinin birinci m\u00fcavini R\u00fcst\u0259mb\u0259y Pirm\u0259h\u0259mm\u0259dov, \u015f\u0259h\u0259r merinin m\u00fcavini Vidadi Zeynalov, ma\u011fallar\u0131n ictimai t\u0259\u015fkilatlar\u0131n\u0131n n\u00fcmay\u0259nd\u0259l\u0259ri, \u015f\u0259h\u0259r m\u0259clisinin&nbsp; deputatlar\u0131 i\u015ftirak edibl\u0259r.&nbsp;<\/p>\n\n\n\n<p>G\u00f6r\u00fc\u015fd\u0259 D\u0259rb\u0259ndin tarixi hiss\u0259si il\u0259 ba\u011fl\u0131 problemli m\u0259s\u0259l\u0259l\u0259r m\u00fczakir\u0259 olunub, ma\u011fallar\u0131n v\u0259 Nar\u0131n-Qala qalas\u0131n\u0131n inki\u015faf\u0131 bar\u0259d\u0259 fikir m\u00fcbadil\u0259si apar\u0131l\u0131b.&nbsp;<\/p>\n\n\n\n<p>Bundan ba\u015fqa D\u0259rb\u0259ndin muzey-qoru\u011funun i\u015f\u00e7il\u0259ri il\u0259, hans\u0131lar ki, ma\u011fallar\u0131n sakinidirl\u0259r, onlarla muzeyin yeni r\u0259hb\u0259rliyinin aras\u0131ndak\u0131 anla\u015f\u0131lmazl\u0131q bar\u0259d\u0259 dan\u0131\u015f\u0131l\u0131b.&nbsp;<\/p>\n\n\n\n<p>D\u0259rb\u0259nd meri ba\u015f ver\u0259nl\u0259r\u0259 izahat verib. O, qeyd edib ki, turistl\u0259ri Rusiyan\u0131n q\u0259dim \u015f\u0259h\u0259rin\u0259 c\u0259lb ed\u0259n ma\u011fallar D\u0259rb\u0259ndin mirvarisidir, maqnitidir. Bu, D\u0259rb\u0259ndin inki\u015faf etm\u0259kd\u0259 olan iqtisadiyyat\u0131n\u0131n \u0259sas\u0131d\u0131r.&nbsp;<\/p>\n\n\n\n<p>\u015e\u0259h\u0259r ba\u015f\u00e7\u0131s\u0131 administrasiyan\u0131n g\u00f6r\u0259c\u0259yi t\u0259dbirl\u0259r bar\u0259d\u0259 dan\u0131\u015f\u0131b. O, r\u0259hb\u0259rliyin \u0259sas v\u0259zif\u0259sinin&nbsp; ma\u011fallar\u0131n sakinl\u0259rinin layiqli, b\u00fct\u00fcn laz\u0131mi kommunal xidm\u0259tl\u0259rin t\u0259min olundu\u011fu \u015f\u0259raitd\u0259 ya\u015famas\u0131n\u0131 t\u0259min etm\u0259kd\u0259n ibar\u0259tdir.&nbsp;<\/p>\n\n\n\n<p>Xizri Abakarov \u015f\u0259h\u0259r administrasiyas\u0131n\u0131n D\u0259rb\u0259ndin tarixi hiss\u0259sind\u0259 ya\u015fayan sakinl\u0259rin torpaq sah\u0259l\u0259rin\u0259 v\u0259 evl\u0259rin\u0259 sahib olmaq haqq\u0131nda s\u0259n\u0259dl\u0259rin verilm\u0259sin\u0259 k\u00f6m\u0259k ed\u0259c\u0259yini d\u0259 s\u00f6yl\u0259yib.&nbsp;<\/p>\n\n\n\n<p>G\u00f6r\u00fc\u015f\u00fcn sonunda m\u00f6vcud probleml\u0259rin a\u00e7\u0131q m\u00fczakir\u0259si \u00fc\u00e7\u00fcn m\u00fcnt\u0259z\u0259m olaraq bu c\u00fcr g\u00f6r\u00fc\u015fl\u0259rin ke\u00e7irilm\u0259si bar\u0259d\u0259 q\u0259rar verilib&#187;, &#8212; dey\u0259 T.Tahirli bildirib.&nbsp;<\/p>\n\n\n\n<p>Qeyd ed\u0259k ki, D\u0259rb\u0259nd \u015f\u0259h\u0259rind\u0259ki Muzey-Qoruq Kompleksinin yeni t\u0259yin edil\u0259n direktoru Viktor \u00c7esnakov\u00a0 \u015f\u0259h\u0259rin az\u0259rbaycanl\u0131lar ya\u015fayan q\u0259dim hiss\u0259sinin h\u0259rraca \u00e7\u0131xar\u0131laraq sat\u0131laca\u011f\u0131n\u0131 elan etm\u0259si bu \u015f\u0259h\u0259rin q\u0259dim \u0259halisi olan az\u0259rbaycanl\u0131lar\u0131n etiraz\u0131na s\u0259b\u0259b olub. Onlar Muzeyin qar\u015f\u0131s\u0131nda etiraz aksiyas\u0131 ke\u00e7iribl\u0259r. Bu zaman qar\u015f\u0131durma yaran\u0131b.<\/p>\n\n\n\n<figure class=\"wp-block-embed-youtube wp-block-embed is-type-video is-provider-youtube wp-embed-aspect-16-9 wp-has-aspect-ratio\"><div class=\"wp-block-embed__wrapper\">\n<iframe loading=\"lazy\" title=\"D\u0259rb\u0259nd az\u0259rbaycanl\u0131lar\u0131 etiraz edir...\" width=\"640\" height=\"360\" src=\"https:\/\/www.youtube.com\/embed\/I78JWtzZbh0?feature=oembed\" frameborder=\"0\" allow=\"accelerometer; autoplay; clipboard-write; encrypted-media; gyroscope; picture-in-picture; web-share\" referrerpolicy=\"strict-origin-when-cross-origin\" allowfullscreen><\/iframe>\n<\/div><\/figure>\n\n\n\n<p><\/p>\n","protected":false},"excerpt":{"rendered":"<p>Rusiyan\u0131n D\u0259rb\u0259nd \u015f\u0259h\u0259rinin meri Xizri Abakarov v\u0259 \u015e\u0259h\u0259r deputatlar M\u0259clisinin s\u0259dri M\u00f6vs\u00fcm R\u0259himov D\u0259rb\u0259ndin tarixi&#8230;<\/p>\n","protected":false},"author":3,"featured_media":0,"comment_status":"closed","ping_status":"closed","sticky":false,"template":"","format":"standard","meta":{"footnotes":""},"categories":[10],"tags":[],"class_list":["post-4983","post","type-post","status-publish","format-standard","hentry","category-avmvib"],"featured_image_urls":{"full":"","thumbnail":"","medium":"","medium_large":"","large":"","1536x1536":"","2048x2048":"","covernews-slider-full":"","covernews-slider-center":"","covernews-featured":"","covernews-medium":"","covernews-medium-square":""},"author_info":{"display_name":"Veteran.az","author_link":"https:\/\/veteran.az\/?author=3"},"category_info":"<a href=\"https:\/\/veteran.az\/?cat=10\" rel=\"category\">AVMV\u0130B<\/a>","tag_info":"AVMV\u0130B","comment_count":"0","_links":{"self":[{"href":"https:\/\/veteran.az\/index.php?rest_route=\/wp\/v2\/posts\/4983","targetHints":{"allow":["GET"]}}],"collection":[{"href":"https:\/\/veteran.az\/index.php?rest_route=\/wp\/v2\/posts"}],"about":[{"href":"https:\/\/veteran.az\/index.php?rest_route=\/wp\/v2\/types\/post"}],"author":[{"embeddable":true,"href":"https:\/\/veteran.az\/index.php?rest_route=\/wp\/v2\/users\/3"}],"replies":[{"embeddable":true,"href":"https:\/\/veteran.az\/index.php?rest_route=%2Fwp%2Fv2%2Fcomments&post=4983"}],"version-history":[{"count":1,"href":"https:\/\/veteran.az\/index.php?rest_route=\/wp\/v2\/posts\/4983\/revisions"}],"predecessor-version":[{"id":4985,"href":"https:\/\/veteran.az\/index.php?rest_route=\/wp\/v2\/posts\/4983\/revisions\/4985"}],"wp:attachment":[{"href":"https:\/\/veteran.az\/index.php?rest_route=%2Fwp%2Fv2%2Fmedia&parent=4983"}],"wp:term":[{"taxonomy":"category","embeddable":true,"href":"https:\/\/veteran.az\/index.php?rest_route=%2Fwp%2Fv2%2Fcategories&post=4983"},{"taxonomy":"post_tag","embeddable":true,"href":"https:\/\/veteran.az\/index.php?rest_route=%2Fwp%2Fv2%2Ftags&post=4983"}],"curies":[{"name":"wp","href":"https:\/\/api.w.org\/{rel}","templated":true}]}}