{"id":4935,"date":"2020-03-16T12:07:02","date_gmt":"2020-03-16T08:07:02","guid":{"rendered":"http:\/\/veteran.az\/?p=4935"},"modified":"2020-03-16T12:07:04","modified_gmt":"2020-03-16T08:07:04","slug":"mubariz-m%c9%99nsimovun-meneceri-d%c9%99-h%c9%99bs-edildi","status":"publish","type":"post","link":"https:\/\/veteran.az\/?p=4935","title":{"rendered":"M\u00fcbariz M\u0259nsimovun meneceri d\u0259 h\u0259bs edildi"},"content":{"rendered":"\n<p> Palmali Holdinqin \u0130dar\u0259 Hey\u0259tinin s\u0259dri M\u00fcbariz M\u0259nsimovla birlikd\u0259 \u015firk\u0259tin meneceri Nuray Nurcahan Peker d\u0259 h\u0259bs olunub.\u00a0T\u00fcrkiy\u0259 medias\u0131n\u0131n yazd\u0131\u011f\u0131na g\u00f6r\u0259, onlar\u0131n FET\u00d6 \u00fczv\u00fc oldu\u011fu v\u0259 t\u0259\u015fkilat\u0131n y\u00fcks\u0259k s\u0259viyy\u0259li r\u0259hb\u0259rliyi il\u0259 \u0259laq\u0259l\u0259rinin oldu\u011fu bildirilir.<\/p>\n\n\n\n<p><br>X\u0259b\u0259rd\u0259 qeyd edilir ki, M. M\u0259nsimovun telefon z\u0259ngl\u0259ri ara\u015fd\u0131r\u0131lark\u0259n FET\u00d6 r\u0259hb\u0259rliyind\u0259 olan Hamdi Ak\u0131n \u0130pek, Suat Y\u0131ld\u0131r\u0131m v\u0259 S\u00fcleyman Uysal il\u0259 davaml\u0131 \u0259laq\u0259sinin oldu\u011fu, h\u0259m\u00e7inin FET\u00d6-y\u0259 ba\u011fl\u0131 olmas\u0131 s\u0259b\u0259bi il\u0259 Rusiya h\u00f6kum\u0259ti t\u0259r\u0259find\u0259n ba\u011flanan Atlantik Beyn\u0259lxalq M\u0259kt\u0259binin idar\u0259 hey\u0259tind\u0259 oldu\u011fu m\u00fc\u0259yy\u0259n edilib.<\/p>\n\n\n\n<figure class=\"wp-block-image\"><img decoding=\"async\" src=\"http:\/\/azxeber.com\/file\/pic\/xeber\/2020-03\/1584340976_mubarizvemeneceri.jpg\" alt=\"M\u00fcbariz M\u0259nsimovun meneceri d\u0259 h\u0259bs edildi\"\/><\/figure>\n\n\n\n<p><br>Onun FET\u00d6-n\u00fcn Rusiya imam\u0131 olan v\u0259 haqq\u0131nda h\u0259bs q\u0259rar\u0131 \u00e7\u0131xar\u0131lan &#171;Saffet\u201d kod adl\u0131 Ahmet Hamdi Vuralla \u0259laq\u0259si oldu\u011fu, Vural\u0131n M\u0259nsimovun \u015firk\u0259tin\u0259 m\u00fct\u0259madi olaraq g\u0259ldiyi, Vural\u0131n \u015firk\u0259t\u0259 g\u0259lm\u0259si il\u0259 siqnal \u0259ng\u0259ll\u0259yicisi olan Jammer cihaz\u0131ndan istifad\u0259 etm\u0259si b\u0259lli olub. H\u0259m\u00e7inin, M\u0259nsimov v\u0259 Ahmet Hamdi Vural\u0131n birlikd\u0259 s\u0259yah\u0259tl\u0259r etdiyi d\u0259 \u00fcz\u0259 \u00e7\u0131x\u0131b.<br>Bundan ba\u015fqa haqq\u0131nda h\u0259bs olunma q\u0259rar\u0131 \u00e7\u0131xar\u0131lan dig\u0259r FET\u00d6-c\u00fc Muammer \u0130hsan Kalkavan\u0131n da Palmalini tez-tez ziyar\u0259t etdiyi, h\u0259tta \u015firk\u0259tin orta\u011f\u0131 kimi m\u00fcnasib\u0259t g\u00f6st\u0259rildiyi x\u0259b\u0259rd\u0259 qeyd edilir.<br>\u0130stintaq \u00e7\u0259r\u00e7iv\u0259sind\u0259 \u015firk\u0259tin meneceri Nuray Nurcihan Perkerin M\u0259nsimovla birg\u0259 h\u0259r\u0259k\u0259t etdiyi b\u0259lli olub v\u0259 onun haqq\u0131nda da h\u0259bs q\u0259rar\u0131 verilib. <\/p>\n\n\n\n<p><strong>P.S. Dey\u0259s\u0259n T\u00fcrkiy\u0259nin aidiyyatl\u0131 orqanlar\u0131 FET\u00d6 il\u0259 koronavirusun mahiyy\u0259tini d\u0259yi\u015fik sal\u0131blar. G\u00f6r\u00fc\u015fm\u0259y\u0259 qal\u0131nca say\u0131n \u018frdo\u011fan\u0131n Fetullah G\u00fcl\u0259nl\u0259 yet\u0259rinc\u0259 foto \u015f\u0259kill\u0259ri m\u00f6vcuddur. Zaman\u0131nda AKP daxil h\u0259r yerd\u0259 FET\u00d6 at oynad\u0131rd\u0131&#8230;<\/strong><\/p>\n","protected":false},"excerpt":{"rendered":"<p>Palmali Holdinqin \u0130dar\u0259 Hey\u0259tinin s\u0259dri M\u00fcbariz M\u0259nsimovla birlikd\u0259 \u015firk\u0259tin meneceri Nuray Nurcahan Peker d\u0259 h\u0259bs&#8230;<\/p>\n","protected":false},"author":3,"featured_media":0,"comment_status":"closed","ping_status":"closed","sticky":false,"template":"","format":"standard","meta":{"footnotes":""},"categories":[10],"tags":[],"class_list":["post-4935","post","type-post","status-publish","format-standard","hentry","category-avmvib"],"featured_image_urls":{"full":"","thumbnail":"","medium":"","medium_large":"","large":"","1536x1536":"","2048x2048":"","covernews-slider-full":"","covernews-slider-center":"","covernews-featured":"","covernews-medium":"","covernews-medium-square":""},"author_info":{"display_name":"Veteran.az","author_link":"https:\/\/veteran.az\/?author=3"},"category_info":"<a href=\"https:\/\/veteran.az\/?cat=10\" rel=\"category\">AVMV\u0130B<\/a>","tag_info":"AVMV\u0130B","comment_count":"0","_links":{"self":[{"href":"https:\/\/veteran.az\/index.php?rest_route=\/wp\/v2\/posts\/4935","targetHints":{"allow":["GET"]}}],"collection":[{"href":"https:\/\/veteran.az\/index.php?rest_route=\/wp\/v2\/posts"}],"about":[{"href":"https:\/\/veteran.az\/index.php?rest_route=\/wp\/v2\/types\/post"}],"author":[{"embeddable":true,"href":"https:\/\/veteran.az\/index.php?rest_route=\/wp\/v2\/users\/3"}],"replies":[{"embeddable":true,"href":"https:\/\/veteran.az\/index.php?rest_route=%2Fwp%2Fv2%2Fcomments&post=4935"}],"version-history":[{"count":1,"href":"https:\/\/veteran.az\/index.php?rest_route=\/wp\/v2\/posts\/4935\/revisions"}],"predecessor-version":[{"id":4937,"href":"https:\/\/veteran.az\/index.php?rest_route=\/wp\/v2\/posts\/4935\/revisions\/4937"}],"wp:attachment":[{"href":"https:\/\/veteran.az\/index.php?rest_route=%2Fwp%2Fv2%2Fmedia&parent=4935"}],"wp:term":[{"taxonomy":"category","embeddable":true,"href":"https:\/\/veteran.az\/index.php?rest_route=%2Fwp%2Fv2%2Fcategories&post=4935"},{"taxonomy":"post_tag","embeddable":true,"href":"https:\/\/veteran.az\/index.php?rest_route=%2Fwp%2Fv2%2Ftags&post=4935"}],"curies":[{"name":"wp","href":"https:\/\/api.w.org\/{rel}","templated":true}]}}