{"id":4791,"date":"2020-03-12T11:45:33","date_gmt":"2020-03-12T07:45:33","guid":{"rendered":"http:\/\/veteran.az\/?p=4791"},"modified":"2020-03-12T23:49:25","modified_gmt":"2020-03-12T19:49:25","slug":"avropadaki-soydaslarimiz-az%c9%99rrosla-bagli-e-mustafazad%c9%99nin-movqeyini-oyr%c9%99ndi","status":"publish","type":"post","link":"https:\/\/veteran.az\/?p=4791","title":{"rendered":"Avropadak\u0131 soyda\u015flar\u0131m\u0131z &#171;Az\u0259rros&#187;la ba\u011fl\u0131 E.Mustafazad\u0259nin m\u00f6vqeyini \u00f6yr\u0259ndi"},"content":{"rendered":"\n<p>Bu g\u00fcnl\u0259rd\u0259 Pol\u015fada (Lehistan) s\u0259f\u0259rd\u0259 olan Avropada &#171;Az\u0259rbaycan\u0131n Dostlar\u0131 C\u0259miyy\u0259ti&#187;nin s\u0259dri Elman Mustafazad\u0259 paytaxt Var\u015favada&nbsp;Az\u0259rbaycan icmas\u0131n\u0131n \u00fczvl\u0259ri il\u0259 g\u00f6r\u00fc\u015fm\u00fc\u015f v\u0259 m\u00fcxt\u0259lif m\u00f6vzularda fikir m\u00fcbadil\u0259si aparm\u0131\u015fd\u0131r. O c\u00fcml\u0259d\u0259n m\u00fczakir\u0259 m\u00f6vzular\u0131ndan biri d\u0259 Bel\u00e7ikan\u0131n Vaterlo \u015f\u0259h\u0259rind\u0259 Az\u0259rbaycan \u015fair\u0259si Xur\u015fidbanu Nat\u0259van\u0131n abid\u0259sin\u0259 qar\u015f\u0131 vandalizm akt\u0131na dair olmu\u015fdur. F\u00fcrs\u0259td\u0259n istifad\u0259 ed\u0259n E.Mustafazad\u0259 bu akt\u0131 pisl\u0259mi\u015f v\u0259 narahat\u00e7\u0131l\u0131\u011f\u0131n\u0131 ifad\u0259 etmi\u015fdir. O qeyd etmi\u015fdir ki, Az\u0259rbaycan\u0131n Bel\u00e7ikadak\u0131 s\u0259firi hadis\u0259 yerind\u0259 olmu\u015f v\u0259 polisl\u0259rl\u0259 g\u00f6r\u00fc\u015fm\u00fc\u015fd\u00fcr. Bel\u00e7ikada m\u00fchacir\u0259t h\u0259yat\u0131 ya\u015fayan \u015fair Mirz\u0259 Sakit v\u0259 h\u0259min \u00f6lk\u0259d\u0259 ya\u015fayan \u0259sl\u0259n \u015fu\u015fal\u0131 olan r\u0259ssam F\u00fczuli C\u0259f\u0259rov abid\u0259nin \u00fcz\u0259rin\u0259 t\u00f6k\u00fcl\u0259n boyan\u0131 yuyub art\u0131q t\u0259mizl\u0259mi\u015fl\u0259r.<\/p>\n\n\n\n<p>S\u00f6hb\u0259t \u0259snas\u0131nda Var\u015favada ya\u015fayan soyda\u015flar\u0131m\u0131z b\u00fct\u00fcn Az\u0259rbaycan K\u0130V-l\u0259rind\u0259 yay\u0131lm\u0131\u015f Rusiyada Federasiyas\u0131nda az\u0259rbaycanl\u0131lar\u0131n milli-m\u0259d\u0259ni federal muxtariyy\u0259tinin s\u0259dri&nbsp;Mehriban Sad\u0131qovan\u0131n t\u0259\u015fkilat\u0131n \u00fczvl\u0259ri t\u0259r\u0259find\u0259n istefaya g\u00f6nd\u0259rilm\u0259si bar\u0259d\u0259 ald\u0131qlar\u0131 m\u0259lumata E.Mustafazad\u0259nin m\u00fcnasib\u0259tini \u00f6yr\u0259nm\u0259k ist\u0259mi\u015fl\u0259r.<\/p>\n\n\n\n<p>Elman Mustafazad\u0259 is\u0259 cavab\u0131nda bildirmi\u015fdir ki, q\u0259tiyy\u0259n bel\u0259 bir hadis\u0259 ba\u015f verm\u0259mi\u015fdir, sad\u0259c\u0259 Mehriban xan\u0131m Rusiyada Federasiyas\u0131nda az\u0259rbaycanl\u0131lar\u0131n milli-m\u0259d\u0259ni federal muxtariyy\u0259tinin n\u00f6vb\u0259ti qurultay\u0131nda namiz\u0259dliyini ir\u0259li s\u00fcrm\u0259y\u0259c\u0259yini b\u0259yan etmi\u015fdir. Bu is\u0259 o dem\u0259kdir ki, tam demokratik prinsipl\u0259r \u0259sas\u0131nda g\u0259nc v\u0259 enerjili g\u0259ncl\u0259rin se\u00e7ilm\u0259si m\u0259s\u0259l\u0259si g\u00fcnd\u0259m\u0259 g\u0259l\u0259c\u0259kdir.<\/p>\n\n\n\n<p>Daha sonra Var\u015favada ya\u015fayan soyda\u015flar\u0131m\u0131z E.Mustafazad\u0259d\u0259n &#171;Sizin Rusiya diasporu il\u0259 geni\u015f \u0259laq\u0259l\u0259riniz var, ham\u0131m\u0131z da bilirik ki, Moskva diasporu soyda\u015flar\u0131m\u0131z\u0131n c\u0259lb olunmdu\u011fu \u0259n b\u00f6y\u00fck t\u0259\u015fkilatd\u0131r v\u0259 buna g\u00f6r\u0259 d\u0259 orada ba\u015f ver\u0259nl\u0259r bizim ham\u0131m\u0131za maraql\u0131d\u0131r. Sizc\u0259 r\u0259hb\u0259r kim ola bil\u0259r? V\u0259ziyy\u0259t hans\u0131 istiqam\u0259td\u0259 c\u0259r\u0259yan edir? Hans\u0131 namiz\u0259d se\u00e7kil\u0259rd\u0259 qalib g\u0259l\u0259 bil\u0259r&#187; sual\u0131n\u0131 \u0259trafl\u0131 cavabland\u0131ran E.Mustafazad\u0259 vur\u011fulam\u0131\u015fd\u0131r ki, Rusiyada Federasiyas\u0131nda az\u0259rbaycanl\u0131lar\u0131n milli-m\u0259d\u0259ni federal muxtariyy\u0259tinin Moskva regional milli-m\u0259d\u0259ni muxtariyy\u0259ti hans\u0131 namiz\u0259di ir\u0259li s\u00fcrs\u0259, o da&nbsp; &#171;Az\u0259rros&#187;un Federal t\u0259\u015fkilat\u0131n\u0131n s\u0259dri se\u00e7il\u0259c\u0259dkir. \u00c7\u00fcnki \u0259n \u00e7\u0259tin v\u0259&nbsp;anla\u015f\u0131lmaz anlarda bel\u0259&nbsp;Moskva \u0259traf\u0131 t\u0259\u015fkilat\u0131 daha konstruktiv m\u00f6vqe tutmu\u015f v\u0259 t\u0259mkin n\u00fcmayi\u015f etdirmi\u015fl\u0259r. Hesab edir\u0259m ki, m\u0259hz&nbsp;Rusiyada Federasiyas\u0131nda az\u0259rbaycanl\u0131lar\u0131n milli-m\u0259d\u0259ni federal muxtariyy\u0259tinin Moskva regional milli-m\u0259d\u0259ni muxtariyy\u0259tinin namiz\u0259di s\u0259dr se\u00e7il\u0259c\u0259kdir.<\/p>\n\n\n\n<p>&#171;Siz Mehriban xan\u0131m\u0131n f\u0259aliyy\u0259tin\u0259 nec\u0259 qiym\u0259t verirsiniz?&#187; &#8212; sual\u0131na is\u0259 E.Mustafazad\u0259 a\u015fa\u011f\u0131dak\u0131 \u015f\u0259kild\u0259 cavab verib:<\/p>\n\n\n\n<p>&#171;Mehriban xan\u0131m\u0131n xidm\u0259tl\u0259ri dan\u0131lmazd\u0131r, \u0259n g\u0259rgin anlarda h\u0259mi\u015f\u0259 s\u0259bir v\u0259 t\u0259mkin n\u00fcmayi\u015f etdirmi\u015f, he\u00e7 vaxt provakasiyalara getm\u0259mi\u015fdir. Daim qara q\u00fcvv\u0259l\u0259r Mehriban Sad\u0131qovan\u0131n \u00e7\u0131x\u015flar\u0131n\u0131 kontekstd\u0259n \u00e7\u0131xar\u0131rd\u0131r v\u0259 onu g\u00f6zd\u0259n salmaq \u00fc\u00e7\u00fcn qarayaxma kampaniyas\u0131 apapr\u0131rd\u0131lar. Onun bu q\u0259rar\u0131 \u0259sil demokratik bir add\u0131m, demokratik m\u00fchitin t\u0259zah\u00fcrd\u00fcr. Qoy onun atd\u0131\u011f\u0131 bu add\u0131m ad\u0131 olub f\u0259aliyy\u0259ti olmayan&nbsp;bir \u00e7ox t\u0259\u015fkilat r\u0259hb\u0259rl\u0259rin\u0259 n\u00fcmun\u0259 olsun, y\u0259ni zaman\u0131 g\u0259l\u0259nd\u0259 h\u00f6rm\u0259tl\u0259, izz\u0259tl\u0259 getm\u0259yi bacars\u0131nlar. \u015e\u0259xs\u0259n Avropada &#171;Az\u0259rbaycan\u0131n Dostlar\u0131 C\u0259miyy\u0259ti&#187; v\u0259 &#171;Xudaf\u0259rin&#187; jurnal\u0131 ad\u0131ndan Mehriban xan\u0131m\u0131n bu add\u0131m\u0131n\u0131 alq\u0131\u015flay\u0131r v\u0259 ona d\u0259rin t\u0259\u015f\u0259kk\u00fcr\u00fcm\u00fcz\u00fc bildiririk&#187;.<\/p>\n\n\n\n<p><strong>Tural \u0130brahimli<\/strong><\/p>\n","protected":false},"excerpt":{"rendered":"<p>Bu g\u00fcnl\u0259rd\u0259 Pol\u015fada (Lehistan) s\u0259f\u0259rd\u0259 olan Avropada &#171;Az\u0259rbaycan\u0131n Dostlar\u0131 C\u0259miyy\u0259ti&#187;nin s\u0259dri Elman Mustafazad\u0259 paytaxt Var\u015favada&nbsp;Az\u0259rbaycan&#8230;<\/p>\n","protected":false},"author":3,"featured_media":0,"comment_status":"closed","ping_status":"closed","sticky":false,"template":"","format":"standard","meta":{"footnotes":""},"categories":[6],"tags":[],"class_list":["post-4791","post","type-post","status-publish","format-standard","hentry","category-cmiyyt"],"featured_image_urls":{"full":"","thumbnail":"","medium":"","medium_large":"","large":"","1536x1536":"","2048x2048":"","covernews-slider-full":"","covernews-slider-center":"","covernews-featured":"","covernews-medium":"","covernews-medium-square":""},"author_info":{"display_name":"Veteran.az","author_link":"https:\/\/veteran.az\/?author=3"},"category_info":"<a href=\"https:\/\/veteran.az\/?cat=6\" rel=\"category\">C\u0259miyy\u0259t<\/a>","tag_info":"C\u0259miyy\u0259t","comment_count":"0","_links":{"self":[{"href":"https:\/\/veteran.az\/index.php?rest_route=\/wp\/v2\/posts\/4791","targetHints":{"allow":["GET"]}}],"collection":[{"href":"https:\/\/veteran.az\/index.php?rest_route=\/wp\/v2\/posts"}],"about":[{"href":"https:\/\/veteran.az\/index.php?rest_route=\/wp\/v2\/types\/post"}],"author":[{"embeddable":true,"href":"https:\/\/veteran.az\/index.php?rest_route=\/wp\/v2\/users\/3"}],"replies":[{"embeddable":true,"href":"https:\/\/veteran.az\/index.php?rest_route=%2Fwp%2Fv2%2Fcomments&post=4791"}],"version-history":[{"count":1,"href":"https:\/\/veteran.az\/index.php?rest_route=\/wp\/v2\/posts\/4791\/revisions"}],"predecessor-version":[{"id":4793,"href":"https:\/\/veteran.az\/index.php?rest_route=\/wp\/v2\/posts\/4791\/revisions\/4793"}],"wp:attachment":[{"href":"https:\/\/veteran.az\/index.php?rest_route=%2Fwp%2Fv2%2Fmedia&parent=4791"}],"wp:term":[{"taxonomy":"category","embeddable":true,"href":"https:\/\/veteran.az\/index.php?rest_route=%2Fwp%2Fv2%2Fcategories&post=4791"},{"taxonomy":"post_tag","embeddable":true,"href":"https:\/\/veteran.az\/index.php?rest_route=%2Fwp%2Fv2%2Ftags&post=4791"}],"curies":[{"name":"wp","href":"https:\/\/api.w.org\/{rel}","templated":true}]}}