{"id":4755,"date":"2020-03-11T02:52:34","date_gmt":"2020-03-10T22:52:34","guid":{"rendered":"http:\/\/veteran.az\/?p=4755"},"modified":"2020-03-11T02:52:36","modified_gmt":"2020-03-10T22:52:36","slug":"nat%c9%99vanin-abid%c9%99sin%c9%99-qarsi-vandalizm-cinay%c9%99t-isi-baslanildi","status":"publish","type":"post","link":"https:\/\/veteran.az\/?p=4755","title":{"rendered":"Nat\u0259van\u0131n abid\u0259sin\u0259 qar\u015f\u0131 vandalizm &#8212; Cinay\u0259t i\u015fi ba\u015flan\u0131ld\u0131"},"content":{"rendered":"\n<p><strong>Az\u0259rbaycan Xarici \u0130\u015fl\u0259r Nazirliyi Bel\u00e7ikan\u0131n Vaterlo \u015f\u0259h\u0259rind\u0259 Xur\u015fidbanu Nat\u0259van\u0131n abid\u0259sin\u0259 qar\u015f\u0131 vandalizmin t\u00f6r\u0259dilm\u0259sin\u0259 m\u00fcnasib\u0259t bildirib.<\/strong><\/p>\n\n\n\n<p><strong>Veteran.az-\u0131<\/strong>n verdiyi m\u0259lumata g\u00f6r\u0259, Nazirliyin M\u0259tbuat Xidm\u0259ti \u0130dar\u0259sinin r\u0259isi Leyla Abdullayeva bildirib ki, Bel\u00e7ikan\u0131n Vaterlo \u015f\u0259h\u0259rind\u0259 2016-c\u0131 ild\u0259 ucald\u0131lm\u0131\u015f \u00f6lk\u0259mizin g\u00f6rk\u0259mli \u015fair\u0259si, Qaraba\u011f xan\u0131n\u0131n q\u0131z\u0131 Xur\u015fidbanu Nat\u0259van\u0131n abid\u0259sin\u0259 qar\u015f\u0131 vandalizmin t\u00f6r\u0259dilm\u0259si il\u0259 ba\u011fl\u0131 Vaterlo polisi t\u0259r\u0259find\u0259n cinay\u0259t i\u015fi a\u00e7\u0131l\u0131b. Heyk\u0259l Vaterlo \u015f\u0259h\u0259rinin m\u00fchafiz\u0259 edil\u0259n tarixi abid\u0259l\u0259ri siyah\u0131s\u0131na daxildir v\u0259 bu s\u0259b\u0259bd\u0259n s\u00f6z\u00fcged\u0259n hadis\u0259 polis t\u0259r\u0259find\u0259n ara\u015fd\u0131r\u0131l\u0131r.<\/p>\n\n\n\n<figure class=\"wp-block-image\"><img decoding=\"async\" src=\"https:\/\/scontent.fgyd4-1.fna.fbcdn.net\/v\/t1.0-9\/s960x960\/89030932_3006042816138790_2903701142556901376_o.jpg?_nc_cat=109&amp;_nc_sid=8024bb&amp;_nc_eui2=AeFX17SftlZqWrScqt0joUuixYbgSXMmX-QYzNEnvCW0UHIK1Lfw9OiraBmghVbAbOSAC2p2CoKiL6xFuqdwcMkFyJ78KChfM-qU064QgwIuJg&amp;_nc_ohc=eBggUT6_tHwAX-VQOst&amp;_nc_ht=scontent.fgyd4-1.fna&amp;_nc_tp=7&amp;oh=fa369c9199e3ca5febd174394ce9b125&amp;oe=5E97724B\" alt=\"\u041d\u0430 \u0438\u0437\u043e\u0431\u0440\u0430\u0436\u0435\u043d\u0438\u0438 \u043c\u043e\u0436\u0435\u0442 \u043d\u0430\u0445\u043e\u0434\u0438\u0442\u044c\u0441\u044f: 1 \u0447\u0435\u043b\u043e\u0432\u0435\u043a\"\/><figcaption>Heyk\u0259lin vandalizmd\u0259n \u00f6nc\u0259ki hal\u0131<\/figcaption><\/figure>\n\n\n\n<p>&#171;\u018flb\u0259tt\u0259, bu vandalizmin Erm\u0259nistan ba\u015f nazirinin Bel\u00e7ikaya s\u0259f\u0259ri zaman\u0131 ba\u015f verm\u0259si diqq\u0259ti c\u0259lb edir. Qeyd etm\u0259k ist\u0259rdim ki, \u00f6lk\u0259mizin Bel\u00e7ika Krall\u0131\u011f\u0131ndak\u0131 S\u0259firliyinin \u0259m\u0259kda\u015flar\u0131 d\u0259rhal hadis\u0259 yerin\u0259 ged\u0259r\u0259k yerli hakimiyy\u0259t orqanlar\u0131 il\u0259 t\u0259maslar qurublar. M\u0259s\u0259l\u0259 s\u0259firliyimizin n\u0259zar\u0259tind\u0259 saxlan\u0131l\u0131r v\u0259 ara\u015fd\u0131rman\u0131n n\u0259tic\u0259l\u0259ri il\u0259 ba\u011fl\u0131 ictimaiyy\u0259t\u0259 m\u0259lumat veril\u0259c\u0259k&#187;.<\/p>\n\n\n\n<p><em>Nurlan M\u0259mm\u0259dli<\/em><\/p>\n","protected":false},"excerpt":{"rendered":"<p>Az\u0259rbaycan Xarici \u0130\u015fl\u0259r Nazirliyi Bel\u00e7ikan\u0131n Vaterlo \u015f\u0259h\u0259rind\u0259 Xur\u015fidbanu Nat\u0259van\u0131n abid\u0259sin\u0259 qar\u015f\u0131 vandalizmin t\u00f6r\u0259dilm\u0259sin\u0259 m\u00fcnasib\u0259t bildirib&#8230;.<\/p>\n","protected":false},"author":3,"featured_media":0,"comment_status":"closed","ping_status":"closed","sticky":false,"template":"","format":"standard","meta":{"footnotes":""},"categories":[10],"tags":[],"class_list":["post-4755","post","type-post","status-publish","format-standard","hentry","category-avmvib"],"featured_image_urls":{"full":"","thumbnail":"","medium":"","medium_large":"","large":"","1536x1536":"","2048x2048":"","covernews-slider-full":"","covernews-slider-center":"","covernews-featured":"","covernews-medium":"","covernews-medium-square":""},"author_info":{"display_name":"Veteran.az","author_link":"https:\/\/veteran.az\/?author=3"},"category_info":"<a href=\"https:\/\/veteran.az\/?cat=10\" rel=\"category\">AVMV\u0130B<\/a>","tag_info":"AVMV\u0130B","comment_count":"0","_links":{"self":[{"href":"https:\/\/veteran.az\/index.php?rest_route=\/wp\/v2\/posts\/4755","targetHints":{"allow":["GET"]}}],"collection":[{"href":"https:\/\/veteran.az\/index.php?rest_route=\/wp\/v2\/posts"}],"about":[{"href":"https:\/\/veteran.az\/index.php?rest_route=\/wp\/v2\/types\/post"}],"author":[{"embeddable":true,"href":"https:\/\/veteran.az\/index.php?rest_route=\/wp\/v2\/users\/3"}],"replies":[{"embeddable":true,"href":"https:\/\/veteran.az\/index.php?rest_route=%2Fwp%2Fv2%2Fcomments&post=4755"}],"version-history":[{"count":1,"href":"https:\/\/veteran.az\/index.php?rest_route=\/wp\/v2\/posts\/4755\/revisions"}],"predecessor-version":[{"id":4757,"href":"https:\/\/veteran.az\/index.php?rest_route=\/wp\/v2\/posts\/4755\/revisions\/4757"}],"wp:attachment":[{"href":"https:\/\/veteran.az\/index.php?rest_route=%2Fwp%2Fv2%2Fmedia&parent=4755"}],"wp:term":[{"taxonomy":"category","embeddable":true,"href":"https:\/\/veteran.az\/index.php?rest_route=%2Fwp%2Fv2%2Fcategories&post=4755"},{"taxonomy":"post_tag","embeddable":true,"href":"https:\/\/veteran.az\/index.php?rest_route=%2Fwp%2Fv2%2Ftags&post=4755"}],"curies":[{"name":"wp","href":"https:\/\/api.w.org\/{rel}","templated":true}]}}