{"id":4687,"date":"2020-03-09T04:15:19","date_gmt":"2020-03-09T00:15:19","guid":{"rendered":"http:\/\/veteran.az\/?p=4687"},"modified":"2020-03-09T04:15:21","modified_gmt":"2020-03-09T00:15:21","slug":"tramp-qizini-prezident-kom%c9%99kcisi-etdi","status":"publish","type":"post","link":"https:\/\/veteran.az\/?p=4687","title":{"rendered":"Tramp q\u0131z\u0131n\u0131 prezident k\u00f6m\u0259k\u00e7isi etdi"},"content":{"rendered":"\n<p><strong>AB\u015e prezidenti Donald Tramp\u0131n b\u00f6y\u00fck q\u0131z\u0131 \u0130vanka Tramp art\u0131q r\u0259smi \u015f\u0259kild\u0259 d\u00f6vl\u0259t qulluq\u00e7usu kimi i\u015f\u0259 ba\u015flayacaq.<\/strong>\u00a0<\/p>\n\n\n\n<p>Trend-in m\u0259lumat\u0131na g\u00f6r\u0259, o da h\u0259yat yolda\u015f\u0131 Cared Ku\u015fner kimi m\u00fc\u015favir olaraq \u00e7al\u0131\u015facaq. &#171;The New York Times&#187; yaz\u0131b ki, onlar bu i\u015fl\u0259rin\u0259 g\u00f6r\u0259 \u0259m\u0259khaqq\u0131 almayacaqlar.<\/p>\n\n\n\n<p><br>Art\u0131q \u0130vanka \u00fc\u00e7\u00fcn A\u011f Evd\u0259 x\u00fcsusi kabinet d\u0259 ayr\u0131l\u0131b. Onun v\u0259zif\u0259si &#171;prezidentin k\u00f6m\u0259k\u00e7isi&#187; adlan\u0131r. <\/p>\n\n\n\n<p><br>Qeyd ed\u0259k ki, C.Ku\u015fner is\u0259 haz\u0131rda prezidentin ba\u015f m\u00fc\u015faviridir. <\/p>\n","protected":false},"excerpt":{"rendered":"<p>AB\u015e prezidenti Donald Tramp\u0131n b\u00f6y\u00fck q\u0131z\u0131 \u0130vanka Tramp art\u0131q r\u0259smi \u015f\u0259kild\u0259 d\u00f6vl\u0259t qulluq\u00e7usu kimi i\u015f\u0259&#8230;<\/p>\n","protected":false},"author":3,"featured_media":0,"comment_status":"closed","ping_status":"closed","sticky":false,"template":"","format":"standard","meta":{"footnotes":""},"categories":[7],"tags":[],"class_list":["post-4687","post","type-post","status-publish","format-standard","hentry","category-dunya"],"featured_image_urls":{"full":"","thumbnail":"","medium":"","medium_large":"","large":"","1536x1536":"","2048x2048":"","covernews-slider-full":"","covernews-slider-center":"","covernews-featured":"","covernews-medium":"","covernews-medium-square":""},"author_info":{"display_name":"Veteran.az","author_link":"https:\/\/veteran.az\/?author=3"},"category_info":"<a href=\"https:\/\/veteran.az\/?cat=7\" rel=\"category\">D\u00fcnya<\/a>","tag_info":"D\u00fcnya","comment_count":"0","_links":{"self":[{"href":"https:\/\/veteran.az\/index.php?rest_route=\/wp\/v2\/posts\/4687","targetHints":{"allow":["GET"]}}],"collection":[{"href":"https:\/\/veteran.az\/index.php?rest_route=\/wp\/v2\/posts"}],"about":[{"href":"https:\/\/veteran.az\/index.php?rest_route=\/wp\/v2\/types\/post"}],"author":[{"embeddable":true,"href":"https:\/\/veteran.az\/index.php?rest_route=\/wp\/v2\/users\/3"}],"replies":[{"embeddable":true,"href":"https:\/\/veteran.az\/index.php?rest_route=%2Fwp%2Fv2%2Fcomments&post=4687"}],"version-history":[{"count":1,"href":"https:\/\/veteran.az\/index.php?rest_route=\/wp\/v2\/posts\/4687\/revisions"}],"predecessor-version":[{"id":4689,"href":"https:\/\/veteran.az\/index.php?rest_route=\/wp\/v2\/posts\/4687\/revisions\/4689"}],"wp:attachment":[{"href":"https:\/\/veteran.az\/index.php?rest_route=%2Fwp%2Fv2%2Fmedia&parent=4687"}],"wp:term":[{"taxonomy":"category","embeddable":true,"href":"https:\/\/veteran.az\/index.php?rest_route=%2Fwp%2Fv2%2Fcategories&post=4687"},{"taxonomy":"post_tag","embeddable":true,"href":"https:\/\/veteran.az\/index.php?rest_route=%2Fwp%2Fv2%2Ftags&post=4687"}],"curies":[{"name":"wp","href":"https:\/\/api.w.org\/{rel}","templated":true}]}}