{"id":4282,"date":"2020-02-22T01:07:22","date_gmt":"2020-02-21T21:07:22","guid":{"rendered":"http:\/\/veteran.az\/?p=4282"},"modified":"2020-02-22T01:07:24","modified_gmt":"2020-02-21T21:07:24","slug":"ilham-%c9%99liyevin-romada-r%c9%99smi-yolasalma-m%c9%99rasimi-oldu","status":"publish","type":"post","link":"https:\/\/veteran.az\/?p=4282","title":{"rendered":"\u0130lham \u018fliyevin Romada r\u0259smi yolasalma m\u0259rasimi oldu"},"content":{"rendered":"\n<p><strong>\u0130taliya Respublikas\u0131nda d\u00f6vl\u0259t s\u0259f\u0259rind\u0259 olan Az\u0259rbaycan Respublikas\u0131n\u0131n Prezidenti \u0130lham \u018fliyevin fevral\u0131n 21-d\u0259 Romada r\u0259smi yolasalma m\u0259rasimi olub.Qaynarinfo<\/strong>\u00a0x\u0259b\u0259r verir ki, Roman\u0131n Kuirinale Saray\u0131nda d\u00f6vl\u0259t ba\u015f\u00e7\u0131s\u0131n\u0131n \u015f\u0259r\u0259fin\u0259 f\u0259xri qarovul d\u0259st\u0259si d\u00fcz\u00fcl\u00fcb.<\/p>\n\n\n\n<p><br>Az\u0259rbaycan\u0131n v\u0259 \u0130taliyan\u0131n d\u00f6vl\u0259t himnl\u0259ri s\u0259sl\u0259nib. F\u0259xri qarovul d\u0259st\u0259sinin r\u0259isi d\u00f6vl\u0259t ba\u015f\u00e7\u0131s\u0131na raport verib.<\/p>\n\n\n\n<p><br>Az\u0259rbaycan v\u0259 \u0130taliya prezidentl\u0259ri f\u0259xri qarovul d\u0259st\u0259sinin qar\u015f\u0131s\u0131ndan ke\u00e7ibl\u0259r. Az\u0259rbaycan Prezidenti \u0130lham \u018fliyev\u0259 d\u00f6vl\u0259t s\u0259f\u0259rind\u0259n \u00e7\u0259kilmi\u015f fotolardan ibar\u0259t albom t\u0259qdim olunub.<\/p>\n\n\n\n<p><br>\u0130taliya Respublikas\u0131n\u0131n Prezidenti Sercio Mattarella v\u0259 q\u0131z\u0131 Laura Mattarella Az\u0259rbaycan Respublikas\u0131n\u0131n Prezidenti \u0130lham \u018fliyevi v\u0259 birinci xan\u0131m Mehriban \u018fliyevan\u0131 yola sal\u0131blar .<\/p>\n\n\n\n<figure class=\"wp-block-image\"><img decoding=\"async\" src=\"https:\/\/qaynarinfo.az\/file\/pic\/xeber\/\/2020-02\/1582298322_40e35bd4-214d-4dc5-83fb-f61e5e3ecec2.jpg\" alt=\"\"\/><\/figure>\n\n\n\n<figure class=\"wp-block-image\"><img decoding=\"async\" src=\"https:\/\/qaynarinfo.az\/file\/pic\/xeber\/\/2020-02\/1582298344_568873c3-55ee-48e4-98d8-a92f036d743b.jpg\" alt=\"\"\/><\/figure>\n","protected":false},"excerpt":{"rendered":"<p>\u0130taliya Respublikas\u0131nda d\u00f6vl\u0259t s\u0259f\u0259rind\u0259 olan Az\u0259rbaycan Respublikas\u0131n\u0131n Prezidenti \u0130lham \u018fliyevin fevral\u0131n 21-d\u0259 Romada r\u0259smi yolasalma&#8230;<\/p>\n","protected":false},"author":3,"featured_media":4283,"comment_status":"closed","ping_status":"closed","sticky":false,"template":"","format":"standard","meta":{"footnotes":""},"categories":[7],"tags":[],"class_list":["post-4282","post","type-post","status-publish","format-standard","has-post-thumbnail","hentry","category-dunya"],"featured_image_urls":{"full":["https:\/\/veteran.az\/wp-content\/uploads\/2020\/02\/1582298354_untitled-1.jpg",800,450,false],"thumbnail":["https:\/\/veteran.az\/wp-content\/uploads\/2020\/02\/1582298354_untitled-1-150x150.jpg",150,150,true],"medium":["https:\/\/veteran.az\/wp-content\/uploads\/2020\/02\/1582298354_untitled-1-300x169.jpg",300,169,true],"medium_large":["https:\/\/veteran.az\/wp-content\/uploads\/2020\/02\/1582298354_untitled-1-768x432.jpg",640,360,true],"large":["https:\/\/veteran.az\/wp-content\/uploads\/2020\/02\/1582298354_untitled-1.jpg",640,360,false],"1536x1536":["https:\/\/veteran.az\/wp-content\/uploads\/2020\/02\/1582298354_untitled-1.jpg",800,450,false],"2048x2048":["https:\/\/veteran.az\/wp-content\/uploads\/2020\/02\/1582298354_untitled-1.jpg",800,450,false],"covernews-slider-full":["https:\/\/veteran.az\/wp-content\/uploads\/2020\/02\/1582298354_untitled-1.jpg",800,450,false],"covernews-slider-center":["https:\/\/veteran.az\/wp-content\/uploads\/2020\/02\/1582298354_untitled-1.jpg",800,450,false],"covernews-featured":["https:\/\/veteran.az\/wp-content\/uploads\/2020\/02\/1582298354_untitled-1.jpg",800,450,false],"covernews-medium":["https:\/\/veteran.az\/wp-content\/uploads\/2020\/02\/1582298354_untitled-1-720x380.jpg",540,285,true],"covernews-medium-square":["https:\/\/veteran.az\/wp-content\/uploads\/2020\/02\/1582298354_untitled-1-675x450.jpg",375,250,true]},"author_info":{"display_name":"Veteran.az","author_link":"https:\/\/veteran.az\/?author=3"},"category_info":"<a href=\"https:\/\/veteran.az\/?cat=7\" rel=\"category\">D\u00fcnya<\/a>","tag_info":"D\u00fcnya","comment_count":"0","_links":{"self":[{"href":"https:\/\/veteran.az\/index.php?rest_route=\/wp\/v2\/posts\/4282","targetHints":{"allow":["GET"]}}],"collection":[{"href":"https:\/\/veteran.az\/index.php?rest_route=\/wp\/v2\/posts"}],"about":[{"href":"https:\/\/veteran.az\/index.php?rest_route=\/wp\/v2\/types\/post"}],"author":[{"embeddable":true,"href":"https:\/\/veteran.az\/index.php?rest_route=\/wp\/v2\/users\/3"}],"replies":[{"embeddable":true,"href":"https:\/\/veteran.az\/index.php?rest_route=%2Fwp%2Fv2%2Fcomments&post=4282"}],"version-history":[{"count":1,"href":"https:\/\/veteran.az\/index.php?rest_route=\/wp\/v2\/posts\/4282\/revisions"}],"predecessor-version":[{"id":4284,"href":"https:\/\/veteran.az\/index.php?rest_route=\/wp\/v2\/posts\/4282\/revisions\/4284"}],"wp:featuredmedia":[{"embeddable":true,"href":"https:\/\/veteran.az\/index.php?rest_route=\/wp\/v2\/media\/4283"}],"wp:attachment":[{"href":"https:\/\/veteran.az\/index.php?rest_route=%2Fwp%2Fv2%2Fmedia&parent=4282"}],"wp:term":[{"taxonomy":"category","embeddable":true,"href":"https:\/\/veteran.az\/index.php?rest_route=%2Fwp%2Fv2%2Fcategories&post=4282"},{"taxonomy":"post_tag","embeddable":true,"href":"https:\/\/veteran.az\/index.php?rest_route=%2Fwp%2Fv2%2Ftags&post=4282"}],"curies":[{"name":"wp","href":"https:\/\/api.w.org\/{rel}","templated":true}]}}