{"id":4259,"date":"2020-02-21T11:07:31","date_gmt":"2020-02-21T07:07:31","guid":{"rendered":"http:\/\/veteran.az\/?p=4259"},"modified":"2020-02-21T11:07:33","modified_gmt":"2020-02-21T07:07:33","slug":"ay-%c9%99bl%c9%99h-pasinyan-siz-az%c9%99rbaycanlilari-qovanda-onlarin-fikrini-oyr%c9%99ndinizmi-armen-kazaryan-video","status":"publish","type":"post","link":"https:\/\/veteran.az\/?p=4259","title":{"rendered":"Ay \u0259bl\u0259h Pa\u015finyan, siz az\u0259rbaycanl\u0131lar\u0131 qovanda onlar\u0131n fikrini \u00f6yr\u0259ndinizmi? &#8212; Armen Kazaryan &#8212; V\u0130DEO"},"content":{"rendered":"\n<p><strong>H\u0259m Az\u0259rbaycan h\u0259m d\u0259 erm\u0259ni i\u00e7timaiyy\u0259tind\u0259 Erm\u0259nistan\u0131n Ba\u015f Naziri Nikol Pa\u015finyan\u0131n Az\u0259rbaycan Respublikas\u0131 Prezidenti \u0130lham \u018fliyevl\u0259 M\u00fcnhend\u0259ki son g\u00f6r\u00fc\u015f\u00fcnd\u0259 verdiyi a\u00e7\u0131qlamalar\u0131 b\u00f6y\u00fck maraqla m\u00fczakir\u0259 olunur. Az\u0259rbaycanl\u0131lar\u0131n ham\u0131s\u0131 \u018fliyevin nitqind\u0259n m\u0259mnundurlar, t\u0259nqidl\u0259r is\u0259 art\u0131q d\u00fc\u015fm\u0259nl\u0259 m\u00fczakir\u0259 deyil h\u0259rbi g\u00fccl\u0259 dan\u0131\u015fma\u011f\u0131n vaxt\u0131 oldu\u011funa istiqam\u0259tl\u0259nib.<\/strong><\/p>\n\n\n\n<p>Erm\u0259ni i\u00e7timaiyy\u0259ti iki yer\u0259 b\u00f6l\u00fcn\u00fcb. B\u0259zil\u0259ri deyirl\u0259r ki, &#171;mikro v\u0259 makro inqilablar&#187; il\u0259 Pa\u015finyan k\u00f6hn\u0259 dan\u0131\u015f\u0131qlar prosesini m\u0259hv etdi v\u0259 yenisin\u0259 ba\u015flad\u0131. Lakin AT\u018fT-in Minsk Qrupunun h\u0259ms\u0259drliyi il\u0259 apar\u0131lan prosesi t\u0259kba\u015f\u0131na nec\u0259 ba\u015flaya bil\u0259c\u0259yi m\u0259lum deyil. Dig\u0259rl\u0259ri is\u0259 Pa\u015finyan\u0131n dedikl\u0259rini s\u0259rt t\u0259nqid edirl\u0259r. Bu g\u00fcn iki bel\u0259 r\u0259yi da\u015fnak-rus sayt\u0131 Erkramasda oxudum.<\/p>\n\n\n\n<p><strong>Ancaq videoya baxmaq daha yax\u015f\u0131d\u0131r. T\u0259qdim etdiyim videoda Armen Kazaryan adl\u0131 bir erm\u0259ni bu haqda fikirl\u0259rini payla\u015f\u0131r.<\/strong>&nbsp;Bu bar\u0259d\u0259 Eurasia Diary kavkaz-uzel-\u0259 istinad\u0259n x\u0259b\u0259r verir.<\/p>\n\n\n\n<p>Armen Pa\u015finyanla qiyabi olaraq g\u00f6r\u00fc\u015f\u00fcr. Nikola soru\u015fur: &#171;Pa\u015finyan b\u0259yan edir ki, bu, Qaraba\u011f \u0259halisinin r\u0259yini soru\u015fmadan nec\u0259 h\u0259ll edil\u0259 bil\u0259r. B\u0259s siz (red: Pa\u015finyan) d\u0259 Qaraba\u011fdak\u0131 az\u0259rbaycanl\u0131lar\u0131n fikirl\u0259rini soru\u015fdunuzmu? Siz \u00f6z\u00fcn\u00fcz (red: erm\u0259nil\u0259r) birinci az\u0259rbaycanl\u0131lara at\u0259\u015f a\u00e7\u0131b onlar\u0131 qovmusunuz. Siz onlar\u0131n fikirl\u0259rini soru\u015fmu\u015fdunuz?&#187;<\/p>\n\n\n\n<p>M\u0259n bel\u0259 insanlara v\u0259 \u015f\u0259xs\u0259n Kazaryana h\u00f6rm\u0259t edir\u0259m v\u0259 ona t\u0259\u015f\u0259kk\u00fcr edir\u0259m. Onun bu q\u0131sa \u00e7\u0131x\u0131\u015f\u0131 \u00e7ox b\u00f6y\u00fck \u015feyl\u0259rd\u0259n dan\u0131\u015f\u0131r v\u0259 bir \u00e7ox \u015feyl\u0259r\u0259 n\u00f6qt\u0259 qoyur. \u018fsas odur ki, insanlar\u0131n fikri, ay\u0131q-say\u0131q v\u0259 bacar\u0131ql\u0131 f\u0259rdl\u0259rin k\u00fctl\u0259nin aldat\u0131c\u0131 t\u0259sirin\u0259 tab g\u0259tir\u0259 bilm\u0259sidir. V\u0259 daha sonra f\u0259rdl\u0259rl\u0259 v\u0259 k\u00fctl\u0259l\u0259r yerl\u0259rini d\u0259yi\u015fdirir &#8212; \u0259n a\u011f\u0131ll\u0131 v\u0259 do\u011fru olanlar aldanm\u0131\u015f k\u00fctl\u0259ni yegan\u0259 do\u011fru yola apar\u0131r. Bel\u0259likl\u0259, II D\u00fcnya M\u00fcharib\u0259si zaman\u0131 v\u0259 sonrak\u0131 d\u00f6vrd\u0259 Almanlarda oldu\u011fu kimi.<\/p>\n\n\n\n<p><a href=\"https:\/\/vimeo.com\/392416098\">\u0410\u0440\u043c\u0435\u043d \u041a\u0430\u0437\u0430\u0440\u044f\u043d &#171;B\u044b \u043f\u0435\u0440\u0432\u044b\u0435 \u043d\u0430\u0447\u0430\u043b\u0438 \u0441\u0442\u0440\u0435\u043b\u044f\u0442\u044c \u0432 \u0430\u0437\u0435\u0440\u0431\u0430\u0439\u0434\u0436\u0430\u043d\u0446\u0435\u0432 \u0438 \u0433\u043d\u0430\u0442\u044c \u0438\u0445. B\u044b \u0441\u043f\u0440\u043e\u0441\u0438\u043b\u0438 \u0438\u0445 \u043c\u043d\u0435\u043d\u0438\u044f?&#187;<\/a>&nbsp;from&nbsp;<a href=\"https:\/\/vimeo.com\/user90868892\">Vidaz<\/a>&nbsp;on&nbsp;<a href=\"https:\/\/vimeo.com\/\">Vimeo<\/a>.<\/p>\n\n\n\n<figure><iframe loading=\"lazy\" src=\"https:\/\/player.vimeo.com\/video\/392416098\" width=\"640\" height=\"853\" allowfullscreen=\"\"><\/iframe><\/figure>\n\n\n\n<p><a href=\"https:\/\/vimeo.com\/392416098\">\u0410\u0440\u043c\u0435\u043d \u041a\u0430\u0437\u0430\u0440\u044f\u043d &#171;B\u044b \u043f\u0435\u0440\u0432\u044b\u0435 \u043d\u0430\u0447\u0430\u043b\u0438 \u0441\u0442\u0440\u0435\u043b\u044f\u0442\u044c \u0432 \u0430\u0437\u0435\u0440\u0431\u0430\u0439\u0434\u0436\u0430\u043d\u0446\u0435\u0432 \u0438 \u0433\u043d\u0430\u0442\u044c \u0438\u0445. B\u044b \u0441\u043f\u0440\u043e\u0441\u0438\u043b\u0438 \u0438\u0445 \u043c\u043d\u0435\u043d\u0438\u044f?&#187;<\/a>&nbsp;from&nbsp;<a href=\"https:\/\/vimeo.com\/user90868892\">Vidaz<\/a>&nbsp;on&nbsp;<a href=\"https:\/\/vimeo.com\/\">Vimeo<\/a>.<\/p>\n","protected":false},"excerpt":{"rendered":"<p>H\u0259m Az\u0259rbaycan h\u0259m d\u0259 erm\u0259ni i\u00e7timaiyy\u0259tind\u0259 Erm\u0259nistan\u0131n Ba\u015f Naziri Nikol Pa\u015finyan\u0131n Az\u0259rbaycan Respublikas\u0131 Prezidenti \u0130lham&#8230;<\/p>\n","protected":false},"author":3,"featured_media":0,"comment_status":"closed","ping_status":"closed","sticky":false,"template":"","format":"standard","meta":{"footnotes":""},"categories":[9],"tags":[],"class_list":["post-4259","post","type-post","status-publish","format-standard","hentry","category-sq"],"featured_image_urls":{"full":"","thumbnail":"","medium":"","medium_large":"","large":"","1536x1536":"","2048x2048":"","covernews-slider-full":"","covernews-slider-center":"","covernews-featured":"","covernews-medium":"","covernews-medium-square":""},"author_info":{"display_name":"Veteran.az","author_link":"https:\/\/veteran.az\/?author=3"},"category_info":"<a href=\"https:\/\/veteran.az\/?cat=9\" rel=\"category\">Silahl\u0131 Q\u00fcvv\u0259l\u0259r<\/a>","tag_info":"Silahl\u0131 Q\u00fcvv\u0259l\u0259r","comment_count":"0","_links":{"self":[{"href":"https:\/\/veteran.az\/index.php?rest_route=\/wp\/v2\/posts\/4259","targetHints":{"allow":["GET"]}}],"collection":[{"href":"https:\/\/veteran.az\/index.php?rest_route=\/wp\/v2\/posts"}],"about":[{"href":"https:\/\/veteran.az\/index.php?rest_route=\/wp\/v2\/types\/post"}],"author":[{"embeddable":true,"href":"https:\/\/veteran.az\/index.php?rest_route=\/wp\/v2\/users\/3"}],"replies":[{"embeddable":true,"href":"https:\/\/veteran.az\/index.php?rest_route=%2Fwp%2Fv2%2Fcomments&post=4259"}],"version-history":[{"count":1,"href":"https:\/\/veteran.az\/index.php?rest_route=\/wp\/v2\/posts\/4259\/revisions"}],"predecessor-version":[{"id":4261,"href":"https:\/\/veteran.az\/index.php?rest_route=\/wp\/v2\/posts\/4259\/revisions\/4261"}],"wp:attachment":[{"href":"https:\/\/veteran.az\/index.php?rest_route=%2Fwp%2Fv2%2Fmedia&parent=4259"}],"wp:term":[{"taxonomy":"category","embeddable":true,"href":"https:\/\/veteran.az\/index.php?rest_route=%2Fwp%2Fv2%2Fcategories&post=4259"},{"taxonomy":"post_tag","embeddable":true,"href":"https:\/\/veteran.az\/index.php?rest_route=%2Fwp%2Fv2%2Ftags&post=4259"}],"curies":[{"name":"wp","href":"https:\/\/api.w.org\/{rel}","templated":true}]}}