{"id":4246,"date":"2020-02-20T15:42:10","date_gmt":"2020-02-20T11:42:10","guid":{"rendered":"http:\/\/veteran.az\/?p=4246"},"modified":"2020-02-20T15:47:04","modified_gmt":"2020-02-20T11:47:04","slug":"turkiy%c9%99-idlibd%c9%99-d%c9%99hs%c9%99tli-%c9%99m%c9%99liyyata-basladi-h%c9%99rbi-texnikalar-v%c9%99-general-m%c9%99hv-edildi","status":"publish","type":"post","link":"https:\/\/veteran.az\/?p=4246","title":{"rendered":"T\u00fcrkiy\u0259 \u0130dlibd\u0259 d\u0259h\u015f\u0259tli \u018fM\u018fL\u0130YYATA BA\u015eLADI &#8212; H\u0259rbi texnikalar v\u0259 general m\u0259hv edildi"},"content":{"rendered":"\n<p><strong>T\u00fcrkiy\u0259 Silahl\u0131 Q\u00fcvv\u0259l\u0259ri Suriyan\u0131n \u0130dlib b\u00f6lg\u0259sind\u0259 B\u0259\u015f\u0259r \u018fs\u0259d\u0259 sadiq q\u00fcvv\u0259l\u0259r\u0259 qar\u015f\u0131 h\u0259rbi \u0259m\u0259liyyatlara ba\u015flay\u0131b.<\/strong><\/p>\n\n\n\n<p>\u201cReport\u201d \u201cHalab Today\u201d\u0259 istinad\u0259n x\u0259b\u0259r verir ki, T\u00fcrkiy\u0259 ordusu rejim q\u00fcvv\u0259l\u0259rinin Serakibd\u0259ki q\u0259rargahlar\u0131n\u0131 reaktiv yayl\u0131m at\u0259\u015f sistemi vasit\u0259sil\u0259 at\u0259\u015f\u0259 tutub.<\/p>\n\n\n\n<p>Bundan ba\u015fqa, sosial \u015f\u0259b\u0259k\u0259l\u0259rin m\u00fcxalif\u0259t\u0259 yax\u0131n s\u0259hif\u0259l\u0259rind\u0259 yay\u0131lan m\u0259lumata g\u00f6r\u0259, m\u00fcxalif q\u00fcvv\u0259l\u0259r Rusiyaya aid 2 k\u0259\u015ffiyyat\u00e7\u0131 PUA-s\u0131n\u0131 v\u0259 B.\u018fs\u0259d q\u00fcvv\u0259l\u0259rin\u0259 m\u0259xsus 1 tank\u0131 m\u0259hv edib.<\/p>\n\n\n\n<p>H\u00f6kum\u0259t\u0259 yax\u0131n m\u0259nb\u0259l\u0259rin bildirdiyin\u0259 g\u00f6r\u0259 is\u0259, Rusiya h\u0259rb\u00e7il\u0259ri Serakib, Neyrab v\u0259 Maarat \u0259n-Numan \u015f\u0259h\u0259rl\u0259rind\u0259n \u00e7\u0259kilm\u0259y\u0259 ba\u015flay\u0131blar.<\/p>\n\n\n\n<p>M\u0259lumata g\u00f6r\u0259, Suriyan\u0131n Bilal Bakkour adl\u0131 general\u0131 da \u00f6ld\u00fcr\u00fcl\u00fcb.<\/p>\n\n\n\n<p>\u201cCNN T\u00fcrk\u201d\u00fcn x\u0259b\u0259rin\u0259 g\u00f6r\u0259, \u0130dlibd\u0259 B.\u018fs\u0259d q\u00fcvv\u0259l\u0259rinin h\u00fccumlar\u0131n\u0131n qar\u015f\u0131s\u0131n\u0131 almaq \u00fc\u00e7\u00fcn b\u00f6lg\u0259y\u0259 T\u00fcrkiy\u0259 Silahl\u0131 Q\u00fcvv\u0259l\u0259rinin tanklar\u0131 v\u0259 komandolar\u0131 g\u00f6nd\u0259rilir.<\/p>\n\n\n\n<p><strong>\u201cRusiya, T\u00fcrkiy\u0259 v\u0259 \u0130ran prezidentl\u0259ri aras\u0131nda g\u00f6r\u00fc\u015f\u00fcn t\u0259\u015fkil olunmas\u0131 \u00fc\u00e7\u00fcn m\u00fczakir\u0259l\u0259r apar\u0131l\u0131r\u201d.<\/strong><\/p>\n\n\n\n<p><a target=\"_blank\" href=\"http:\/\/teleqraf.com\/\" rel=\"noreferrer noopener\">Teleqraf.com<\/a>&nbsp;x\u0259b\u0259r verir ki, bu bar\u0259d\u0259 Rusiya prezidentinin m\u0259tbuat katibi Dmitri Peskov a\u00e7\u0131qlama verib.<\/p>\n\n\n\n<p>O, h\u0259l\u0259lik konkret tarix \u00fcz\u0259rind\u0259 anla\u015fman\u0131n \u0259ld\u0259 edilm\u0259diyini deyib:<\/p>\n\n\n\n<p>\u201c\u0130ran t\u0259r\u0259fi il\u0259 bu bar\u0259d\u0259 m\u00fczakir\u0259 apard\u0131q, zirv\u0259nin ke\u00e7irilm\u0259si \u00fc\u00e7\u00fcn dan\u0131\u015f\u0131qlar davam edir. Rusiya tarix \u00fc\u00e7\u00fcn \u00f6z t\u0259klifini verdi, amma bu, h\u0259r \u00fc\u00e7 lider \u00fc\u00e7\u00fcn uy\u011fun vaxt olmal\u0131d\u0131r. H\u0259l\u0259lik m\u00fczakir\u0259l\u0259r ba\u015fa \u00e7atmay\u0131b, \u0259lav\u0259 m\u0259lumat ver\u0259c\u0259yik\u201d.<\/p>\n","protected":false},"excerpt":{"rendered":"<p>T\u00fcrkiy\u0259 Silahl\u0131 Q\u00fcvv\u0259l\u0259ri Suriyan\u0131n \u0130dlib b\u00f6lg\u0259sind\u0259 B\u0259\u015f\u0259r \u018fs\u0259d\u0259 sadiq q\u00fcvv\u0259l\u0259r\u0259 qar\u015f\u0131 h\u0259rbi \u0259m\u0259liyyatlara ba\u015flay\u0131b. \u201cReport\u201d&#8230;<\/p>\n","protected":false},"author":3,"featured_media":0,"comment_status":"closed","ping_status":"closed","sticky":false,"template":"","format":"standard","meta":{"footnotes":""},"categories":[7],"tags":[],"class_list":["post-4246","post","type-post","status-publish","format-standard","hentry","category-dunya"],"featured_image_urls":{"full":"","thumbnail":"","medium":"","medium_large":"","large":"","1536x1536":"","2048x2048":"","covernews-slider-full":"","covernews-slider-center":"","covernews-featured":"","covernews-medium":"","covernews-medium-square":""},"author_info":{"display_name":"Veteran.az","author_link":"https:\/\/veteran.az\/?author=3"},"category_info":"<a href=\"https:\/\/veteran.az\/?cat=7\" rel=\"category\">D\u00fcnya<\/a>","tag_info":"D\u00fcnya","comment_count":"0","_links":{"self":[{"href":"https:\/\/veteran.az\/index.php?rest_route=\/wp\/v2\/posts\/4246","targetHints":{"allow":["GET"]}}],"collection":[{"href":"https:\/\/veteran.az\/index.php?rest_route=\/wp\/v2\/posts"}],"about":[{"href":"https:\/\/veteran.az\/index.php?rest_route=\/wp\/v2\/types\/post"}],"author":[{"embeddable":true,"href":"https:\/\/veteran.az\/index.php?rest_route=\/wp\/v2\/users\/3"}],"replies":[{"embeddable":true,"href":"https:\/\/veteran.az\/index.php?rest_route=%2Fwp%2Fv2%2Fcomments&post=4246"}],"version-history":[{"count":2,"href":"https:\/\/veteran.az\/index.php?rest_route=\/wp\/v2\/posts\/4246\/revisions"}],"predecessor-version":[{"id":4249,"href":"https:\/\/veteran.az\/index.php?rest_route=\/wp\/v2\/posts\/4246\/revisions\/4249"}],"wp:attachment":[{"href":"https:\/\/veteran.az\/index.php?rest_route=%2Fwp%2Fv2%2Fmedia&parent=4246"}],"wp:term":[{"taxonomy":"category","embeddable":true,"href":"https:\/\/veteran.az\/index.php?rest_route=%2Fwp%2Fv2%2Fcategories&post=4246"},{"taxonomy":"post_tag","embeddable":true,"href":"https:\/\/veteran.az\/index.php?rest_route=%2Fwp%2Fv2%2Ftags&post=4246"}],"curies":[{"name":"wp","href":"https:\/\/api.w.org\/{rel}","templated":true}]}}