{"id":4201,"date":"2020-02-18T21:33:20","date_gmt":"2020-02-18T17:33:20","guid":{"rendered":"http:\/\/veteran.az\/?p=4201"},"modified":"2020-02-18T21:33:22","modified_gmt":"2020-02-18T17:33:22","slug":"pasinyan-ordunu-d%c9%99yisdirir-ard-arda-istefalar","status":"publish","type":"post","link":"https:\/\/veteran.az\/?p=4201","title":{"rendered":"Pa\u015finyan ordunu &#171;d\u0259yi\u015fdirir&#187; &#8212; ARD-ARDA \u0130STEFALAR"},"content":{"rendered":"\n<p><strong>Erm\u0259nistan\u0131n ba\u015f naziri Nikol Pa\u015finyan orduda \u0259sasl\u0131 d\u0259yi\u015fiklikl\u0259r aparma\u011fa ba\u015flay\u0131b.<\/strong><\/p>\n\n\n\n<p><strong><a rel=\"noreferrer noopener\" target=\"_blank\" href=\"http:\/\/publika.az\/\">Publika.az<\/a>\u00a0<\/strong>x\u0259b\u0259r verir ki, bu bar\u0259d\u0259 \u00f6z\u00fcn\u00fcn feysbuk s\u0259hif\u0259sind\u0259 m\u0259lumat yayan ba\u015f nazir \u00f6t\u0259n g\u00fcn silahl\u0131 q\u00fcvv\u0259l\u0259rd\u0259 d\u00f6y\u00fc\u015fd\u0259n k\u0259nar itkil\u0259rin artmas\u0131na dair apar\u0131lan m\u00fczakir\u0259l\u0259rd\u0259n sonra kadr d\u0259yi\u015fiklikl\u0259ri d\u0259 daxil olmaqla b\u0259zi q\u0259rarlar verib.<\/p>\n\n\n\n<p>Daha \u0259vv\u0259l istefas\u0131 a\u00e7\u0131qlanan qondarma &#171;Da\u011fl\u0131q Qaraba\u011f Respublikas\u0131&#187;n\u0131n m\u00fcdafi\u0259 naziri Karen Abramyan\u0131n da gedi\u015fi bu q\u0259bild\u0259ndir.<\/p>\n\n\n\n<p>Erm\u0259nistan ordusunda bu kimi istefalar\u0131n artaca\u011f\u0131 g\u00f6zl\u0259nilir. \u00c7\u00fcnki ba\u015f nazir \u201csilahl\u0131 q\u00fcvv\u0259l\u0259rd\u0259ki kriminal davran\u0131\u015flar v\u0259 intizam\u201d il\u0259 ba\u011fl\u0131 probleml\u0259rin h\u0259llinin \u0259n m\u00fch\u00fcm m\u0259s\u0259l\u0259 oldu\u011funu bildirib v\u0259 m\u00fcvafiq qurumlara ciddi tap\u015f\u0131r\u0131qlar verib.<\/p>\n\n\n\n<p>Qeyd ed\u0259k ki, 2020-ci il daxil olandan b\u0259ri Erm\u0259nistan ordusu d\u00f6y\u00fc\u015fd\u0259nk\u0259nar \u015f\u0259raitd\u0259 13 itki verib.<\/p>\n","protected":false},"excerpt":{"rendered":"<p>Erm\u0259nistan\u0131n ba\u015f naziri Nikol Pa\u015finyan orduda \u0259sasl\u0131 d\u0259yi\u015fiklikl\u0259r aparma\u011fa ba\u015flay\u0131b. Publika.az\u00a0x\u0259b\u0259r verir ki, bu bar\u0259d\u0259&#8230;<\/p>\n","protected":false},"author":3,"featured_media":0,"comment_status":"closed","ping_status":"closed","sticky":false,"template":"","format":"standard","meta":{"footnotes":""},"categories":[7],"tags":[],"class_list":["post-4201","post","type-post","status-publish","format-standard","hentry","category-dunya"],"featured_image_urls":{"full":"","thumbnail":"","medium":"","medium_large":"","large":"","1536x1536":"","2048x2048":"","covernews-slider-full":"","covernews-slider-center":"","covernews-featured":"","covernews-medium":"","covernews-medium-square":""},"author_info":{"display_name":"Veteran.az","author_link":"https:\/\/veteran.az\/?author=3"},"category_info":"<a href=\"https:\/\/veteran.az\/?cat=7\" rel=\"category\">D\u00fcnya<\/a>","tag_info":"D\u00fcnya","comment_count":"0","_links":{"self":[{"href":"https:\/\/veteran.az\/index.php?rest_route=\/wp\/v2\/posts\/4201","targetHints":{"allow":["GET"]}}],"collection":[{"href":"https:\/\/veteran.az\/index.php?rest_route=\/wp\/v2\/posts"}],"about":[{"href":"https:\/\/veteran.az\/index.php?rest_route=\/wp\/v2\/types\/post"}],"author":[{"embeddable":true,"href":"https:\/\/veteran.az\/index.php?rest_route=\/wp\/v2\/users\/3"}],"replies":[{"embeddable":true,"href":"https:\/\/veteran.az\/index.php?rest_route=%2Fwp%2Fv2%2Fcomments&post=4201"}],"version-history":[{"count":1,"href":"https:\/\/veteran.az\/index.php?rest_route=\/wp\/v2\/posts\/4201\/revisions"}],"predecessor-version":[{"id":4203,"href":"https:\/\/veteran.az\/index.php?rest_route=\/wp\/v2\/posts\/4201\/revisions\/4203"}],"wp:attachment":[{"href":"https:\/\/veteran.az\/index.php?rest_route=%2Fwp%2Fv2%2Fmedia&parent=4201"}],"wp:term":[{"taxonomy":"category","embeddable":true,"href":"https:\/\/veteran.az\/index.php?rest_route=%2Fwp%2Fv2%2Fcategories&post=4201"},{"taxonomy":"post_tag","embeddable":true,"href":"https:\/\/veteran.az\/index.php?rest_route=%2Fwp%2Fv2%2Ftags&post=4201"}],"curies":[{"name":"wp","href":"https:\/\/api.w.org\/{rel}","templated":true}]}}