{"id":4195,"date":"2020-02-18T21:14:09","date_gmt":"2020-02-18T17:14:09","guid":{"rendered":"http:\/\/veteran.az\/?p=4195"},"modified":"2020-02-18T21:14:11","modified_gmt":"2020-02-18T17:14:11","slug":"ai-r%c9%99smisi-h%c9%99ms%c9%99drl%c9%99rin-qarabag-munaqis%c9%99sinin-h%c9%99llin%c9%99-dair-s%c9%99yl%c9%99rini-d%c9%99st%c9%99kl%c9%99yirik","status":"publish","type":"post","link":"https:\/\/veteran.az\/?p=4195","title":{"rendered":"A\u0130 r\u0259smisi: &#171;H\u0259ms\u0259drl\u0259rin Qaraba\u011f m\u00fcnaqi\u015f\u0259sinin h\u0259llin\u0259 dair s\u0259yl\u0259rini d\u0259st\u0259kl\u0259yirik&#187;"},"content":{"rendered":"\n<p>Erm\u0259nistan\u0131n ba\u015f naziri Nikol Pa\u015finyanla&nbsp;<a href=\"http:\/\/report.az\/axtar%C4%B1%C5%9F\/Avropa%20%C4%B0ttifaq%C4%B1\/\" target=\"_blank\" rel=\"noreferrer noopener\">Avropa \u0130ttifaq\u0131<\/a>n\u0131n C\u0259nubi Qafqaz \u00fczr\u0259 x\u00fcsusi n\u00fcmay\u0259nd\u0259si Toivo Klaar Yerevanda Da\u011fl\u0131q Qaraba\u011f m\u00fcnaqi\u015f\u0259sinin h\u0259llin\u0259 dair m\u00fczakir\u0259 apar\u0131blar.<\/p>\n\n\n\n<p>\u201cReport\u201d \u201c\u0130nterfax\u201da istinad\u0259n x\u0259b\u0259r verir ki, g\u00f6r\u00fc\u015f zaman\u0131 h\u0259m\u00e7inin Erm\u0259nistanla A\u0130 aras\u0131ndak\u0131 m\u00fcnasib\u0259tl\u0259rd\u0259n d\u0259 b\u0259hs edilib.<\/p>\n\n\n\n<p>Eyni zamanda&nbsp;A\u0130 n\u00fcmay\u0259nd\u0259si Erm\u0259nistan\u0131n m\u00fcdafi\u0259 naziri David Tonoyanla da g\u00f6r\u00fc\u015f\u00fcb. T.Klaar g\u00f6r\u00fc\u015fd\u0259 bildirib ki, Avropa \u0130ttifaq\u0131 Da\u011fl\u0131q Qaraba\u011f m\u00fcnaqi\u015f\u0259sinin h\u0259llin\u0259 dair AT\u018fT-in Minsk qrupu h\u0259ms\u0259drl\u0259rinin s\u0259yl\u0259rini tam \u015f\u0259kild\u0259 d\u0259st\u0259kl\u0259yir v\u0259 bu formatdak\u0131 dan\u0131\u015f\u0131qlar\u0131n f\u0259alla\u015fmas\u0131na t\u00f6hf\u0259 verm\u0259y\u0259 haz\u0131rd\u0131r.<\/p>\n","protected":false},"excerpt":{"rendered":"<p>Erm\u0259nistan\u0131n ba\u015f naziri Nikol Pa\u015finyanla&nbsp;Avropa \u0130ttifaq\u0131n\u0131n C\u0259nubi Qafqaz \u00fczr\u0259 x\u00fcsusi n\u00fcmay\u0259nd\u0259si Toivo Klaar Yerevanda Da\u011fl\u0131q&#8230;<\/p>\n","protected":false},"author":3,"featured_media":0,"comment_status":"closed","ping_status":"closed","sticky":false,"template":"","format":"standard","meta":{"footnotes":""},"categories":[9],"tags":[],"class_list":["post-4195","post","type-post","status-publish","format-standard","hentry","category-sq"],"featured_image_urls":{"full":"","thumbnail":"","medium":"","medium_large":"","large":"","1536x1536":"","2048x2048":"","covernews-slider-full":"","covernews-slider-center":"","covernews-featured":"","covernews-medium":"","covernews-medium-square":""},"author_info":{"display_name":"Veteran.az","author_link":"https:\/\/veteran.az\/?author=3"},"category_info":"<a href=\"https:\/\/veteran.az\/?cat=9\" rel=\"category\">Silahl\u0131 Q\u00fcvv\u0259l\u0259r<\/a>","tag_info":"Silahl\u0131 Q\u00fcvv\u0259l\u0259r","comment_count":"0","_links":{"self":[{"href":"https:\/\/veteran.az\/index.php?rest_route=\/wp\/v2\/posts\/4195","targetHints":{"allow":["GET"]}}],"collection":[{"href":"https:\/\/veteran.az\/index.php?rest_route=\/wp\/v2\/posts"}],"about":[{"href":"https:\/\/veteran.az\/index.php?rest_route=\/wp\/v2\/types\/post"}],"author":[{"embeddable":true,"href":"https:\/\/veteran.az\/index.php?rest_route=\/wp\/v2\/users\/3"}],"replies":[{"embeddable":true,"href":"https:\/\/veteran.az\/index.php?rest_route=%2Fwp%2Fv2%2Fcomments&post=4195"}],"version-history":[{"count":1,"href":"https:\/\/veteran.az\/index.php?rest_route=\/wp\/v2\/posts\/4195\/revisions"}],"predecessor-version":[{"id":4197,"href":"https:\/\/veteran.az\/index.php?rest_route=\/wp\/v2\/posts\/4195\/revisions\/4197"}],"wp:attachment":[{"href":"https:\/\/veteran.az\/index.php?rest_route=%2Fwp%2Fv2%2Fmedia&parent=4195"}],"wp:term":[{"taxonomy":"category","embeddable":true,"href":"https:\/\/veteran.az\/index.php?rest_route=%2Fwp%2Fv2%2Fcategories&post=4195"},{"taxonomy":"post_tag","embeddable":true,"href":"https:\/\/veteran.az\/index.php?rest_route=%2Fwp%2Fv2%2Ftags&post=4195"}],"curies":[{"name":"wp","href":"https:\/\/api.w.org\/{rel}","templated":true}]}}