{"id":4118,"date":"2020-02-14T18:20:00","date_gmt":"2020-02-14T14:20:00","guid":{"rendered":"http:\/\/veteran.az\/?p=4118"},"modified":"2020-02-14T18:20:03","modified_gmt":"2020-02-14T14:20:03","slug":"s%c9%99rh%c9%99dsiz-reportyorlar-erm%c9%99nistanda-jurnalistl%c9%99rin-sixisdirilmasi-getdikc%c9%99-artir","status":"publish","type":"post","link":"https:\/\/veteran.az\/?p=4118","title":{"rendered":"\u201cS\u0259rh\u0259dsiz Reportyorlar\u201d: \u201cErm\u0259nistanda jurnalistl\u0259rin s\u0131x\u0131\u015fd\u0131r\u0131lmas\u0131 getdikc\u0259 art\u0131r&#8230;\u201d"},"content":{"rendered":"\n<p><strong>S\u0259rh\u0259dsiz Reportyorlar T\u0259\u015fkilat\u0131 (RSF) Erm\u0259nistanda jurnalistl\u0259rin \u201cq\u0131snanmas\u0131n\u0131n getdikc\u0259 artmas\u0131\u201dndan narahatl\u0131q bildirir. T\u0259\u015fkilat bu \u00f6lk\u0259d\u0259 jurnalistl\u0259rin defamasiya iddialar\u0131 il\u0259 \u00fczl\u0259\u015fdiyini, m\u0259nb\u0259l\u0259rini qorumaq h\u00fcquqlar\u0131na h\u00fccumlar olundu\u011funu vur\u011fulay\u0131r.<\/strong><\/p>\n\n\n\n<p>\u201cErm\u0259nistan medias\u0131n\u0131n m\u0259hk\u0259m\u0259y\u0259 \u00e7\u0259kilm\u0259si, t\u0259qib olunmas\u0131 tendensiyas\u0131ndan narahat\u0131q\u201d,&nbsp;\u2013 RSF-in \u015e\u0259rqi Avropa v\u0259 Orta Asiya b\u00f6l\u00fcm\u00fcn\u00fcn ba\u015f\u00e7\u0131s\u0131&nbsp;Jeanne&nbsp;Kavalier&nbsp;fevral\u0131n 12-d\u0259&nbsp;yayd\u0131\u011f\u0131&nbsp;b\u0259yanat\u0131nda&nbsp;deyib.<\/p>\n\n\n\n<p>Kavalierin\u00a0s\u00f6zl\u0259rinc\u0259, Erm\u0259nistan\u0131n \u0259dliyy\u0259 sistemind\u0259n median\u0131n i\u015fini \u0259ng\u0259ll\u0259m\u0259k m\u0259qs\u0259di da\u015f\u0131yan h\u00fcquqi prosedurlarda sui-istifad\u0259 olunur v\u0259 media da \u00f6z\u00fcn\u00fc m\u00fcdafi\u0259 \u00fc\u00e7\u00fcn xeyli resurs s\u0259rf etm\u0259li olur.<\/p>\n\n\n\n<p>RSF&nbsp;1in.am&nbsp;x\u0259b\u0259r sayt\u0131 \u00fc\u00e7\u00fcn \u00e7al\u0131\u015fan&nbsp;Sona&nbsp;Arutyunyan\u0131n&nbsp;i\u015fini misal \u00e7\u0259kir. Onu&nbsp;News.am&nbsp;m\u00fcxalify\u00f6nl\u00fc vebsayt m\u0259hk\u0259m\u0259y\u0259 verib. S\u0259b\u0259b d\u0259 odur ki, jurnalist Facebook postunda News.am-\u0131n ke\u00e7mi\u015f prezident&nbsp;Robert K\u00f6\u00e7\u0259ryana m\u0259xsus oldu\u011funu yaz\u0131b.<\/p>\n\n\n\n<p>M\u0259hk\u0259m\u0259 is\u0259 q\u0259rar \u00e7\u0131xar\u0131b ki, o, \u201cqeyri-r\u0259smi platformada yaln\u0131z fikrini ifad\u0259 etm\u0259sin\u0259 baxmayaraq\u201d, m\u0259nb\u0259sini g\u00f6st\u0259rm\u0259li, faktlar\u0131 t\u0259sdiql\u0259m\u0259lidir.<\/p>\n\n\n\n<p>N\u0259tic\u0259d\u0259 Arutyunyan yanvar\u0131n 31-d\u0259 Facebook postunda yazd\u0131qlar\u0131n\u0131 t\u0259kzib edib.&nbsp;Q\u0131snaman\u0131n ba\u015fqa bir qurban\u0131 is\u0259 \u201cJoqovurd\u201d q\u0259zetinin redaktoru&nbsp;Qnar Manukyand\u0131r. O da m\u0259hk\u0259m\u0259y\u0259 verilib, m\u0259nb\u0259l\u0259rini a\u00e7\u0131qlamas\u0131 t\u0259l\u0259b olunur.<\/p>\n\n\n\n<p>\u201cS\u0259rh\u0259dsiz Reportyorlar\u201d&nbsp;bildirir ki, son 4 ild\u0259 jurnalistl\u0259r\u0259 qar\u015f\u0131 defamasiya v\u0259 t\u0259hqir iddialar\u0131 \u00fczr\u0259 m\u0259hk\u0259m\u0259 i\u015fl\u0259rinin say\u0131 \u00fc\u00e7 d\u0259f\u0259 art\u0131b. \u018fdliyy\u0259 departamenti 2016-c\u0131 ild\u0259 24, \u00f6t\u0259n il is\u0259 74 bel\u0259 iddia qald\u0131r\u0131ld\u0131\u011f\u0131n\u0131 bildirib.<\/p>\n\n\n\n<p><strong>Virtualaz.org<\/strong><\/p>\n\n\n\n<p><br><\/p>\n","protected":false},"excerpt":{"rendered":"<p>S\u0259rh\u0259dsiz Reportyorlar T\u0259\u015fkilat\u0131 (RSF) Erm\u0259nistanda jurnalistl\u0259rin \u201cq\u0131snanmas\u0131n\u0131n getdikc\u0259 artmas\u0131\u201dndan narahatl\u0131q bildirir. T\u0259\u015fkilat bu \u00f6lk\u0259d\u0259 jurnalistl\u0259rin&#8230;<\/p>\n","protected":false},"author":3,"featured_media":0,"comment_status":"closed","ping_status":"closed","sticky":false,"template":"","format":"standard","meta":{"footnotes":""},"categories":[7],"tags":[],"class_list":["post-4118","post","type-post","status-publish","format-standard","hentry","category-dunya"],"featured_image_urls":{"full":"","thumbnail":"","medium":"","medium_large":"","large":"","1536x1536":"","2048x2048":"","covernews-slider-full":"","covernews-slider-center":"","covernews-featured":"","covernews-medium":"","covernews-medium-square":""},"author_info":{"display_name":"Veteran.az","author_link":"https:\/\/veteran.az\/?author=3"},"category_info":"<a href=\"https:\/\/veteran.az\/?cat=7\" rel=\"category\">D\u00fcnya<\/a>","tag_info":"D\u00fcnya","comment_count":"0","_links":{"self":[{"href":"https:\/\/veteran.az\/index.php?rest_route=\/wp\/v2\/posts\/4118","targetHints":{"allow":["GET"]}}],"collection":[{"href":"https:\/\/veteran.az\/index.php?rest_route=\/wp\/v2\/posts"}],"about":[{"href":"https:\/\/veteran.az\/index.php?rest_route=\/wp\/v2\/types\/post"}],"author":[{"embeddable":true,"href":"https:\/\/veteran.az\/index.php?rest_route=\/wp\/v2\/users\/3"}],"replies":[{"embeddable":true,"href":"https:\/\/veteran.az\/index.php?rest_route=%2Fwp%2Fv2%2Fcomments&post=4118"}],"version-history":[{"count":1,"href":"https:\/\/veteran.az\/index.php?rest_route=\/wp\/v2\/posts\/4118\/revisions"}],"predecessor-version":[{"id":4120,"href":"https:\/\/veteran.az\/index.php?rest_route=\/wp\/v2\/posts\/4118\/revisions\/4120"}],"wp:attachment":[{"href":"https:\/\/veteran.az\/index.php?rest_route=%2Fwp%2Fv2%2Fmedia&parent=4118"}],"wp:term":[{"taxonomy":"category","embeddable":true,"href":"https:\/\/veteran.az\/index.php?rest_route=%2Fwp%2Fv2%2Fcategories&post=4118"},{"taxonomy":"post_tag","embeddable":true,"href":"https:\/\/veteran.az\/index.php?rest_route=%2Fwp%2Fv2%2Ftags&post=4118"}],"curies":[{"name":"wp","href":"https:\/\/api.w.org\/{rel}","templated":true}]}}