{"id":3965,"date":"2020-02-06T03:41:29","date_gmt":"2020-02-05T23:41:29","guid":{"rendered":"http:\/\/veteran.az\/?p=3965"},"modified":"2020-02-06T03:44:21","modified_gmt":"2020-02-05T23:44:21","slug":"ag-ev-erm%c9%99ni-lobbicil%c9%99rini-novb%c9%99ti-d%c9%99f%c9%99-yalan-danismaqda-ittiham-etdi","status":"publish","type":"post","link":"https:\/\/veteran.az\/?p=3965","title":{"rendered":"A\u011f Ev erm\u0259ni lobbi\u00e7il\u0259rini n\u00f6vb\u0259ti d\u0259f\u0259 yalan dan\u0131\u015fmaqda ittiham etdi"},"content":{"rendered":"\n<p>A\u011f Evin m\u0259tbuat katibi Stefani Qri\u015fem AB\u015e prezidenti Donald Trampa qar\u015f\u0131 impi\u00e7ment elan edilm\u0259sinin s\u0259b\u0259bl\u0259rini a\u00e7\u0131qlay\u0131b.<\/p>\n\n\n\n<p>\u201cR\u0130A Novosti\u201d x\u0259b\u0259r verir ki, Qri\u015femin s\u00f6zl\u0259rin\u0259 g\u00f6r\u0259, demokratlar bu yola \u0259l ataraq 2020-ci ild\u0259 ke\u00e7iril\u0259c\u0259k se\u00e7kil\u0259r\u0259 t\u0259sir etm\u0259y\u0259 \u00e7al\u0131\u015f\u0131blar.<\/p>\n\n\n\n<p>\u201cDemokratlar\u0131n b\u00fct\u00fcn bu c\u0259hdl\u0259ri 2016-c\u0131 ilin se\u00e7kil\u0259rinin n\u0259tic\u0259l\u0259rin\u0259 k\u00f6lg\u0259 salmaq v\u0259 2020-ci ild\u0259 ke\u00e7iril\u0259c\u0259k se\u00e7kil\u0259r\u0259 t\u0259sir etm\u0259k m\u0259qs\u0259di g\u00fcd\u00fcrd\u00fc. AB\u015e prezidenti demokratlar\u0131n bu biab\u0131r\u00e7\u0131 add\u0131m\u0131na g\u00f6z yumaraq i\u015fini davam etm\u0259y\u0259 \u00fcmid edir\u201d, &#8212; dey\u0259 A\u011f Evin m\u0259tbuat katibi \u0259lav\u0259 edib.<\/p>\n\n\n\n<p>H\u0259m\u00e7inin Qri\u015fem &nbsp;erm\u0259ni lobbi\u00e7iliyi il\u0259 v\u0259 bu s\u0259b\u0259bd\u0259n Az\u0259rbaycana qar\u015f\u0131 \u0259sass\u0131z ittihamlar\u0131 il\u0259 yadda qalan N\u00fcmay\u0259nd\u0259l\u0259r palatas\u0131n\u0131n spikeri Nensi Pelosini v\u0259 palatan\u0131n K\u0259\u015ffiyyat \u00fczr\u0259 komit\u0259sinin r\u0259hb\u0259ri Adam \u015eiffi saxtakarl\u0131qda v\u0259 yalan dan\u0131\u015fmaqda g\u00fcnahland\u0131r\u0131b.<\/p>\n\n\n\n<p>\u201cG\u00f6r\u0259s\u0259n bu \u015f\u0259xsl\u0259r \u00f6z yalanlar\u0131na g\u00f6r\u0259 m\u0259suliyy\u0259t da\u015f\u0131yacaqlarm\u0131?\u201d, &#8212; dey\u0259 S.Qri\u015fem vur\u011fulay\u0131b.<\/p>\n\n\n\n<p>Qeyd ed\u0259k ki, AB\u015e-da N\u00fcmayand\u0259l\u0259r palatas\u0131na se\u00e7kil\u0259r prezident se\u00e7kil\u0259ri il\u0259 paralel olaraq noyabr\u0131n \u00fc\u00e7\u00fc ba\u015f tutacaq.\/Oxu.az\/<\/p>\n","protected":false},"excerpt":{"rendered":"<p>A\u011f Evin m\u0259tbuat katibi Stefani Qri\u015fem AB\u015e prezidenti Donald Trampa qar\u015f\u0131 impi\u00e7ment elan edilm\u0259sinin s\u0259b\u0259bl\u0259rini&#8230;<\/p>\n","protected":false},"author":3,"featured_media":0,"comment_status":"closed","ping_status":"closed","sticky":false,"template":"","format":"standard","meta":{"footnotes":""},"categories":[7],"tags":[],"class_list":["post-3965","post","type-post","status-publish","format-standard","hentry","category-dunya"],"featured_image_urls":{"full":"","thumbnail":"","medium":"","medium_large":"","large":"","1536x1536":"","2048x2048":"","covernews-slider-full":"","covernews-slider-center":"","covernews-featured":"","covernews-medium":"","covernews-medium-square":""},"author_info":{"display_name":"Veteran.az","author_link":"https:\/\/veteran.az\/?author=3"},"category_info":"<a href=\"https:\/\/veteran.az\/?cat=7\" rel=\"category\">D\u00fcnya<\/a>","tag_info":"D\u00fcnya","comment_count":"0","_links":{"self":[{"href":"https:\/\/veteran.az\/index.php?rest_route=\/wp\/v2\/posts\/3965","targetHints":{"allow":["GET"]}}],"collection":[{"href":"https:\/\/veteran.az\/index.php?rest_route=\/wp\/v2\/posts"}],"about":[{"href":"https:\/\/veteran.az\/index.php?rest_route=\/wp\/v2\/types\/post"}],"author":[{"embeddable":true,"href":"https:\/\/veteran.az\/index.php?rest_route=\/wp\/v2\/users\/3"}],"replies":[{"embeddable":true,"href":"https:\/\/veteran.az\/index.php?rest_route=%2Fwp%2Fv2%2Fcomments&post=3965"}],"version-history":[{"count":3,"href":"https:\/\/veteran.az\/index.php?rest_route=\/wp\/v2\/posts\/3965\/revisions"}],"predecessor-version":[{"id":3969,"href":"https:\/\/veteran.az\/index.php?rest_route=\/wp\/v2\/posts\/3965\/revisions\/3969"}],"wp:attachment":[{"href":"https:\/\/veteran.az\/index.php?rest_route=%2Fwp%2Fv2%2Fmedia&parent=3965"}],"wp:term":[{"taxonomy":"category","embeddable":true,"href":"https:\/\/veteran.az\/index.php?rest_route=%2Fwp%2Fv2%2Fcategories&post=3965"},{"taxonomy":"post_tag","embeddable":true,"href":"https:\/\/veteran.az\/index.php?rest_route=%2Fwp%2Fv2%2Ftags&post=3965"}],"curies":[{"name":"wp","href":"https:\/\/api.w.org\/{rel}","templated":true}]}}