{"id":3955,"date":"2020-02-05T04:09:04","date_gmt":"2020-02-05T00:09:04","guid":{"rendered":"http:\/\/veteran.az\/?p=3955"},"modified":"2020-02-10T16:31:28","modified_gmt":"2020-02-10T12:31:28","slug":"iran-d%c9%99hs%c9%99tli-qisas-aldi-18-abs-generali-olduruldu","status":"publish","type":"post","link":"https:\/\/veteran.az\/?p=3955","title":{"rendered":"\u0130ran d\u0259h\u015f\u0259tli Q\u0130SAS ALDI &#8212; 18 AB\u015e general\u0131 \u00d6LD\u00dcR\u00dcLD\u00dc"},"content":{"rendered":"\n<p><strong>Yanvar\u0131n 27-d\u0259 \u018ffqan\u0131standa vurulan t\u0259yyar\u0259d\u0259 SEPAH-\u0131n Q\u00fcds briqadas\u0131n\u0131n komandan\u0131 Qas\u0131m S\u00fcleymaninin q\u0259tlinin t\u0259\u015fkilat\u00e7\u0131s\u0131 da daxil olmaqla 18 AB\u015e general\u0131 olub.<\/strong><\/p>\n\n\n\n<p>Bu bar\u0259d\u0259 \u201cTasnim\u201d agentliyi m\u0259lumat yay\u0131b.<\/p>\n\n\n\n<p>T\u0259yyar\u0259ni \u201cTaliban\u201d silahl\u0131lar\u0131 vurub. Agentlik iddia edir ki, \u018ffqan\u0131standa \u00f6ld\u00fcr\u00fcl\u0259n AB\u015e generallar\u0131 aras\u0131nda M\u0259rk\u0259zi K\u0259\u015ffiyyat \u0130dar\u0259sinin (CIA) \u201c\u018fyatulla Mayk\u201d l\u0259q\u0259bli Maykl Dandria adl\u0131 n\u00fcmay\u0259nd\u0259si d\u0259 olub.<\/p>\n\n\n\n<p>O, K\u0259\u015ffiyyat \u0130dar\u0259sinin \u0130ran \u00fczr\u0259 r\u0259hb\u0259ri v\u0259zif\u0259sini tutudu. M.Dandria h\u0259m\u00e7inin general Qas\u0131m S\u00fcleymaninin q\u0259tlinin t\u0259\u015fkilat\u00e7\u0131s\u0131 say\u0131l\u0131r.<\/p>\n\n\n\n<p>M.Dandrian\u0131n \u00f6l\u00fcm\u00fc il\u0259 ba\u011fl\u0131 h\u0259l\u0259lik r\u0259smi a\u00e7\u0131qlama verilm\u0259yib.<\/p>\n\n\n\n<p>Xat\u0131rladaq ki, SEPAH-\u0131n Q\u00fcds briqadas\u0131n\u0131n komandan\u0131 Qas\u0131m S\u00fcleymani bu il yanvar\u0131n 3-\u00fc AB\u015e-\u0131n raket z\u0259rb\u0259si n\u0259tic\u0259sind\u0259 \u0130raq\u0131n paytaxt\u0131 Ba\u011fdadda \u00f6ld\u00fcr\u00fcl\u00fcb. (report)<\/p>\n","protected":false},"excerpt":{"rendered":"<p>Yanvar\u0131n 27-d\u0259 \u018ffqan\u0131standa vurulan t\u0259yyar\u0259d\u0259 SEPAH-\u0131n Q\u00fcds briqadas\u0131n\u0131n komandan\u0131 Qas\u0131m S\u00fcleymaninin q\u0259tlinin t\u0259\u015fkilat\u00e7\u0131s\u0131 da daxil&#8230;<\/p>\n","protected":false},"author":3,"featured_media":0,"comment_status":"closed","ping_status":"closed","sticky":false,"template":"","format":"standard","meta":{"footnotes":""},"categories":[7],"tags":[],"class_list":["post-3955","post","type-post","status-publish","format-standard","hentry","category-dunya"],"featured_image_urls":{"full":"","thumbnail":"","medium":"","medium_large":"","large":"","1536x1536":"","2048x2048":"","covernews-slider-full":"","covernews-slider-center":"","covernews-featured":"","covernews-medium":"","covernews-medium-square":""},"author_info":{"display_name":"Veteran.az","author_link":"https:\/\/veteran.az\/?author=3"},"category_info":"<a href=\"https:\/\/veteran.az\/?cat=7\" rel=\"category\">D\u00fcnya<\/a>","tag_info":"D\u00fcnya","comment_count":"0","_links":{"self":[{"href":"https:\/\/veteran.az\/index.php?rest_route=\/wp\/v2\/posts\/3955","targetHints":{"allow":["GET"]}}],"collection":[{"href":"https:\/\/veteran.az\/index.php?rest_route=\/wp\/v2\/posts"}],"about":[{"href":"https:\/\/veteran.az\/index.php?rest_route=\/wp\/v2\/types\/post"}],"author":[{"embeddable":true,"href":"https:\/\/veteran.az\/index.php?rest_route=\/wp\/v2\/users\/3"}],"replies":[{"embeddable":true,"href":"https:\/\/veteran.az\/index.php?rest_route=%2Fwp%2Fv2%2Fcomments&post=3955"}],"version-history":[{"count":1,"href":"https:\/\/veteran.az\/index.php?rest_route=\/wp\/v2\/posts\/3955\/revisions"}],"predecessor-version":[{"id":3957,"href":"https:\/\/veteran.az\/index.php?rest_route=\/wp\/v2\/posts\/3955\/revisions\/3957"}],"wp:attachment":[{"href":"https:\/\/veteran.az\/index.php?rest_route=%2Fwp%2Fv2%2Fmedia&parent=3955"}],"wp:term":[{"taxonomy":"category","embeddable":true,"href":"https:\/\/veteran.az\/index.php?rest_route=%2Fwp%2Fv2%2Fcategories&post=3955"},{"taxonomy":"post_tag","embeddable":true,"href":"https:\/\/veteran.az\/index.php?rest_route=%2Fwp%2Fv2%2Ftags&post=3955"}],"curies":[{"name":"wp","href":"https:\/\/api.w.org\/{rel}","templated":true}]}}