{"id":3884,"date":"2020-02-01T03:17:05","date_gmt":"2020-01-31T23:17:05","guid":{"rendered":"http:\/\/veteran.az\/?p=3884"},"modified":"2020-02-01T03:17:07","modified_gmt":"2020-01-31T23:17:07","slug":"trampin-iqam%c9%99tgahina-hucum-edildi-onlarla-xususi-t%c9%99yinatli-%c9%99raziy%c9%99-yeridildi","status":"publish","type":"post","link":"https:\/\/veteran.az\/?p=3884","title":{"rendered":"Tramp\u0131n iqam\u0259tgah\u0131na h\u00fccum edildi &#8212; Onlarla x\u00fcsusi t\u0259yinatl\u0131 \u0259raziy\u0259 yeridildi"},"content":{"rendered":"\n<p><strong>AB\u015e prezidenti Donald Tramp\u0131n Floridada yerl\u0259\u015f\u0259n \u201cMar-A-Lago\u201d iqam\u0259tgah\u0131na nam\u0259lum \u015f\u0259xsl\u0259r soxulma\u011fa c\u0259hd edib.<\/strong><\/p>\n\n\n\n<p><a target=\"_blank\" href=\"http:\/\/publika.az\/\" rel=\"noreferrer noopener\">Publika.az<\/a>&nbsp;CNN-\u0259 istinad\u0259n x\u0259b\u0259r verir ki, m\u0259lumata g\u00f6r\u0259, iki \u015f\u00fcbh\u0259li x\u0259b\u0259rdarl\u0131qlara baxmayaraq, avtomobill\u0259 t\u0259hl\u00fck\u0259sizlik-yoxlama m\u0259nt\u0259q\u0259l\u0259rini ke\u00e7\u0259r\u0259k, iqam\u0259tgah\u0131n qap\u0131s\u0131na yax\u0131nla\u015f\u0131b. N\u0259tic\u0259d\u0259 t\u0259hl\u00fck\u0259sizlik \u0259m\u0259kda\u015flar\u0131 onlar\u0131n qar\u015f\u0131s\u0131n\u0131 almaq \u00fc\u00e7\u00fcn at\u0259\u015f a\u00e7\u0131b. \u015e\u00fcbh\u0259lil\u0259r aradan \u00e7\u0131xma\u011fa m\u00fcv\u0259ff\u0259q olsa da, x\u00fcsusi t\u0259yinatl\u0131lar\u0131n t\u0259qibi n\u0259tic\u0259sind\u0259 onlar saxlan\u0131l\u0131b. \u015e\u00fcbh\u0259lil\u0259rin kimliyi a\u00e7\u0131qlanm\u0131r.<\/p>\n\n\n\n<p>Qeyd ed\u0259k ki, Tramp v\u0259 h\u0259yat yolda\u015f\u0131 Melania Tramp\u0131n yax\u0131n saatlarda h\u0259min iqam\u0259tgaha g\u0259l\u0259c\u0259yi planla\u015fd\u0131r\u0131l\u0131b. Polis bildirib ki, hadis\u0259y\u0259 g\u00f6r\u0259 proqram d\u0259yi\u015fdirilm\u0259y\u0259c\u0259k. Olaydan sonra \u0259razid\u0259 t\u0259hl\u00fck\u0259sizlik t\u0259dbirl\u0259ri g\u00fccl\u0259ndirilib. Hadis\u0259nin s\u0259b\u0259bl\u0259ri ara\u015fd\u0131r\u0131l\u0131r.<br><\/p>\n","protected":false},"excerpt":{"rendered":"<p>AB\u015e prezidenti Donald Tramp\u0131n Floridada yerl\u0259\u015f\u0259n \u201cMar-A-Lago\u201d iqam\u0259tgah\u0131na nam\u0259lum \u015f\u0259xsl\u0259r soxulma\u011fa c\u0259hd edib. Publika.az&nbsp;CNN-\u0259 istinad\u0259n&#8230;<\/p>\n","protected":false},"author":3,"featured_media":0,"comment_status":"closed","ping_status":"closed","sticky":false,"template":"","format":"standard","meta":{"footnotes":""},"categories":[7],"tags":[],"class_list":["post-3884","post","type-post","status-publish","format-standard","hentry","category-dunya"],"featured_image_urls":{"full":"","thumbnail":"","medium":"","medium_large":"","large":"","1536x1536":"","2048x2048":"","covernews-slider-full":"","covernews-slider-center":"","covernews-featured":"","covernews-medium":"","covernews-medium-square":""},"author_info":{"display_name":"Veteran.az","author_link":"https:\/\/veteran.az\/?author=3"},"category_info":"<a href=\"https:\/\/veteran.az\/?cat=7\" rel=\"category\">D\u00fcnya<\/a>","tag_info":"D\u00fcnya","comment_count":"0","_links":{"self":[{"href":"https:\/\/veteran.az\/index.php?rest_route=\/wp\/v2\/posts\/3884","targetHints":{"allow":["GET"]}}],"collection":[{"href":"https:\/\/veteran.az\/index.php?rest_route=\/wp\/v2\/posts"}],"about":[{"href":"https:\/\/veteran.az\/index.php?rest_route=\/wp\/v2\/types\/post"}],"author":[{"embeddable":true,"href":"https:\/\/veteran.az\/index.php?rest_route=\/wp\/v2\/users\/3"}],"replies":[{"embeddable":true,"href":"https:\/\/veteran.az\/index.php?rest_route=%2Fwp%2Fv2%2Fcomments&post=3884"}],"version-history":[{"count":1,"href":"https:\/\/veteran.az\/index.php?rest_route=\/wp\/v2\/posts\/3884\/revisions"}],"predecessor-version":[{"id":3886,"href":"https:\/\/veteran.az\/index.php?rest_route=\/wp\/v2\/posts\/3884\/revisions\/3886"}],"wp:attachment":[{"href":"https:\/\/veteran.az\/index.php?rest_route=%2Fwp%2Fv2%2Fmedia&parent=3884"}],"wp:term":[{"taxonomy":"category","embeddable":true,"href":"https:\/\/veteran.az\/index.php?rest_route=%2Fwp%2Fv2%2Fcategories&post=3884"},{"taxonomy":"post_tag","embeddable":true,"href":"https:\/\/veteran.az\/index.php?rest_route=%2Fwp%2Fv2%2Ftags&post=3884"}],"curies":[{"name":"wp","href":"https:\/\/api.w.org\/{rel}","templated":true}]}}