{"id":3739,"date":"2020-01-24T02:57:56","date_gmt":"2020-01-23T22:57:56","guid":{"rendered":"http:\/\/veteran.az\/?p=3739"},"modified":"2020-01-24T10:54:34","modified_gmt":"2020-01-24T06:54:34","slug":"az%c9%99rbaycan-ordusuna-qarsi-edilmis-x%c9%99yan%c9%99tl%c9%99r-dasaltidan-baslanir-2","status":"publish","type":"post","link":"https:\/\/veteran.az\/?p=3739","title":{"rendered":"Az\u0259rbaycan Ordusuna qar\u015f\u0131 edilmi\u015f x\u0259yan\u0259tl\u0259r Da\u015falt\u0131dan ba\u015flan\u0131r"},"content":{"rendered":"\n<p>Da\u015falt\u0131 \u0259m\u0259liyyat\u0131ndan 28 il ke\u00e7ir. Lakin bu \u0259m\u0259liyyat haqq\u0131nda m\u00fc\u0259mmalara indiy\u0259d\u0259k ayd\u0131nl\u0131q g\u0259tirilmir. 1992-ci il yanvar\u0131n 26-da Da\u015falt\u0131 \u0259m\u0259liyyat\u0131nda i\u015ftirak ed\u0259n , Az\u0259rbaycan\u0131n ilk Milli Ordusu (\u015e\u0131xov taburu), X\u00fcsusi T\u0259yinatl\u0131 D\u0259st\u0259nin (Riyad \u018fhm\u0259dov), \u015eu\u015fa \u00d6z\u00fcn\u00fcm\u00fcdafi\u0259 D\u0259st\u0259sinin bir qismi, bu ordu birl\u0259\u015fm\u0259l\u0259ri Da\u015falt\u0131 \u0259m\u0259liyyat\u0131na q\u0259d\u0259r bir ne\u00e7\u0259 d\u00f6y\u00fc\u015fl\u0259rd\u0259 i\u015ftirak etmi\u015fdil\u0259r,(h\u0259min \u0259m\u0259liyyatda i\u015ftirak ed\u0259n \u0259sg\u0259r v\u0259 zabitl\u0259r Sovet Ordusunda \u0259sg\u0259ri xidm\u0259t ke\u00e7mi\u015f, bir \u00e7oxu \u018ffqan\u0131standa qulluq etmi\u015fdir). Da\u015falt\u0131 \u0259m\u0259liyyat\u0131 haqq\u0131nda s\u00f6hb\u0259tl\u0259r \u0259hali aras\u0131nda h\u0259l\u0259 23 yanvar 1992-ci ild\u0259 bazarda dan\u0131\u015f\u0131rd\u0131lar ki, ordu 25 yanvarda Da\u015falt\u0131ya h\u00fccum ed\u0259c\u0259kdir (bir ta\u011f\u0131mda oldu\u011fum Mehtiyev \u018flibala il\u0259) e\u015fitdik v\u0259 bu haqda ta\u011f\u0131m komandirimiz N\u0259riman Zeynalova m\u0259lumat verdik.<\/p>\n\n\n\n<p>O, bu m\u0259lumat\u0131 M\u00fcdafi\u0259 naziri Tac\u0259ddin Mehdiyev\u0259, komandir birqadan\u0131 (Zadir Rzayev bu \u0259m\u0259liyyat\u0131n ke\u00e7irilm\u0259sin\u0259 qar\u015f\u0131 oldu\u011fu \u00fc\u00e7\u00fcn \u0259m\u0259liyyatdan uzaqla\u015fd\u0131r\u0131lm\u0131\u015fd\u0131r) \u0259v\u0259z ed\u0259n Nur\u0259ddin Abdullayev\u0259 bildirs\u0259 d\u0259, onlar h\u00fcc\u00fcmun v\u0259 \u0259m\u0259liyyat\u0131n m\u0259xfiliyi qorunmad\u0131\u011f\u0131 halda he\u00e7 bir t\u0259dbit g\u00f6rm\u0259dil\u0259r, \u0259m\u0259liyyat oldu\u011fu kimi saxlan\u0131ld\u0131. Bak\u0131 \u015f\u0259h\u0259rind\u0259 Milli Ordunun m\u0259hv edilm\u0259si, Az\u0259rbaycan xalq\u0131n\u0131n d\u00f6y\u00fc\u015fm\u0259k qabliyy\u0259tinin olmad\u0131\u011f\u0131n\u0131, xalq\u0131n g\u00f6z\u00fcn\u00fcn qorxudulmas\u0131 m\u0259qs\u0259di il\u0259, he\u00e7 bir \u0259h\u0259miyy\u0259ti olmayan bir k\u0259nd\u0259 h\u00fccum olundu, hans\u0131 ki, bir ta\u011f\u0131mla h\u0259min k\u0259ndi daim n\u0259zar\u0259td\u0259 saxlamaq olard\u0131.<\/p>\n\n\n\n<figure class=\"wp-block-image\"><img loading=\"lazy\" decoding=\"async\" width=\"960\" height=\"720\" src=\"http:\/\/veteran.az\/wp-content\/uploads\/2020\/01\/83264113_464149954473688_9122722222757117952_n.jpg\" alt=\"\" class=\"wp-image-3727\" srcset=\"https:\/\/veteran.az\/wp-content\/uploads\/2020\/01\/83264113_464149954473688_9122722222757117952_n.jpg 960w, https:\/\/veteran.az\/wp-content\/uploads\/2020\/01\/83264113_464149954473688_9122722222757117952_n-300x225.jpg 300w, https:\/\/veteran.az\/wp-content\/uploads\/2020\/01\/83264113_464149954473688_9122722222757117952_n-768x576.jpg 768w\" sizes=\"auto, (max-width: 960px) 100vw, 960px\" \/><\/figure>\n\n\n\n<p>Lakin, ordu veril\u0259n \u0259mr\u0259 tabe olaraq 25-26 yanvar tarixind\u0259 Da\u015falt\u0131 k\u0259ndin\u0259 h\u00fccum etdi v\u0259 h\u0259min \u0259m\u0259liyyatdan m\u0259lumatl\u0131 olan d\u00fc\u015fm\u0259nin haz\u0131rl\u0131ql\u0131 olmas\u0131na baxmayaraq , \u0259sg\u0259r v\u0259 zabitl\u0259rimiz \u0259sl igidlik s\u0259lnam\u0259si yazd\u0131lar, o d\u00f6y\u00fc\u015fl\u0259rd\u0259 d\u00fc\u015fm\u0259nin 80-d\u0259n \u00e7ox yaraql\u0131s\u0131 m\u0259hv edildi. H\u0259min d\u00f6y\u00fc\u015fd\u0259 \u015f\u0259hid v\u0259 itgin d\u00fc\u015fm\u00fc\u015f \u0259sg\u0259r v\u0259 zabit yolda\u015flar\u0131m\u0131z\u0131n igidlikl\u0259 d\u00f6y\u00fc\u015fd\u00fcy\u00fc haqq\u0131nda bir ne\u00e7\u0259 fakt\u0131 qeyd etm\u0259k ist\u0259yir\u0259m, onlar d\u00fc\u015fm\u0259nl\u0259 axr\u0131nc\u0131 m\u0259rmil\u0259ri qurtaranad\u0259k d\u00f6y\u00fc\u015fm\u00fc\u015fl\u0259r o c\u00fcml\u0259d\u0259n d\u00fc\u015fm\u0259n\u0259 t\u0259slim olmamaq \u00fc\u00e7\u00fcn \u00f6zl\u0259rini v\u0259 d\u00fc\u015fm\u0259ni qumbara il\u0259 partlatm\u0131\u015flar (Bayramov Kamil, C\u0259f\u0259rov Zaur, Soltanov Kaz\u0131m\u2026). M\u0259niml\u0259 birlikd\u0259 d\u00f6y\u00fc\u015fd\u0259 olmu\u015f \u015f\u0259hid olmu\u015f Nuriyev Rafiq, itkin d\u00fc\u015fm\u00fc\u015f Priyev Ehtiram kimi bu g\u00fcn adlar\u0131n\u0131 qeyd etm\u0259diyim d\u00f6y\u00fc\u015f yolda\u015flar\u0131m haqq\u0131nda n\u00f6vb\u0259ti yaz\u0131larda onlar\u0131n igidliyi haqq\u0131nda qeyd ed\u0259c\u0259y\u0259m.<\/p>\n\n\n\n<figure class=\"wp-block-image\"><img loading=\"lazy\" decoding=\"async\" width=\"450\" height=\"300\" src=\"http:\/\/veteran.az\/wp-content\/uploads\/2020\/01\/83132627_622946968439829_6584221947515633664_n.jpg\" alt=\"\" class=\"wp-image-3728\" srcset=\"https:\/\/veteran.az\/wp-content\/uploads\/2020\/01\/83132627_622946968439829_6584221947515633664_n.jpg 450w, https:\/\/veteran.az\/wp-content\/uploads\/2020\/01\/83132627_622946968439829_6584221947515633664_n-300x200.jpg 300w\" sizes=\"auto, (max-width: 450px) 100vw, 450px\" \/><\/figure>\n\n\n\n<p>Sonradan apar\u0131lan ara\u015fd\u0131rmalar zaman\u0131 Da\u015falt\u0131 \u0259m\u0259liyyat\u0131nda 34 n\u0259f\u0259rin itkin v\u0259 \u015f\u0259hid oldu\u011fu bildirilirdi. lakin \u00e7ox t\u0259ss\u00fcfl\u0259r olsun ki, h\u0259min siyah\u0131 (tam olmayaraq) a\u015fa\u011f\u0131da qeyd edil\u0259ndir. Bu ill\u0259r \u0259rzind\u0259 bir sevindirici hal ya\u015fand\u0131 ki, ad\u0131 \u015f\u0259hidl\u0259r siyah\u0131s\u0131nda olan H\u00fcseynov Ramizin sa\u011f oldu\u011fu 2015-ci ild\u0259 m\u0259lum oldu v\u0259 o hal haz\u0131rda Goranboy rayonunda ya\u015fay\u0131r.<\/p>\n\n\n\n<p>1992-ci il yanvar\u0131n 26-da \u201cDa\u015falt\u0131 \u0259m\u0259liyyat\u0131\u201dnda \u015f\u0259hid olmu\u015f, itkin d\u00fc\u015fm\u00fc\u015f \u0259sg\u0259r v\u0259 zabitl\u0259rin siyah\u0131s\u0131:<\/p>\n\n\n\n<figure class=\"wp-block-image\"><img loading=\"lazy\" decoding=\"async\" width=\"730\" height=\"479\" src=\"http:\/\/veteran.az\/wp-content\/uploads\/2020\/01\/82923533_622941555107037_9062339500880953344_n.jpg\" alt=\"\" class=\"wp-image-3729\" srcset=\"https:\/\/veteran.az\/wp-content\/uploads\/2020\/01\/82923533_622941555107037_9062339500880953344_n.jpg 730w, https:\/\/veteran.az\/wp-content\/uploads\/2020\/01\/82923533_622941555107037_9062339500880953344_n-300x197.jpg 300w\" sizes=\"auto, (max-width: 730px) 100vw, 730px\" \/><\/figure>\n\n\n\n<p>\u015e\u0131xov Taburu<\/p>\n\n\n\n<p>1.Abbasov M\u0259h\u0259rr\u0259m Abbas<\/p>\n\n\n\n<p>2.Abdullayev Azad Yasir<\/p>\n\n\n\n<p>3. Abdullayev Nur\u0259li Hac\u0131bala<\/p>\n\n\n\n<p>4.Abdullayev Ramin H\u0259bib<\/p>\n\n\n\n<p>5. A\u011fayev Yusif Balas\u0259r<\/p>\n\n\n\n<p>6.A\u011fayev Rafiq Q\u0259z\u0259nf\u0259r<\/p>\n\n\n\n<p>7.Bayramov Kamil Canbala<\/p>\n\n\n\n<p>8.Bayramov Vaqif Pir\u0259li<\/p>\n\n\n\n<p>9.Bayramov Orxan Rauf<\/p>\n\n\n\n<p>10.B\u00fcnyadzad\u0259 \u018fr\u0259st\u00fcn Mehdi<\/p>\n\n\n\n<p>11.Camalov elman H\u00fcseyn<\/p>\n\n\n\n<p>12.Cavadov Abbas \u015e\u0259ms<\/p>\n\n\n\n<p>13.C\u0259brayilov H\u0259mid Ya\u015far<\/p>\n\n\n\n<p>14.C\u0259f\u0259rov Zaur Firuddin<\/p>\n\n\n\n<p>15.Drema\u00e7on Vladimir Vasiliyevi\u00e7<\/p>\n\n\n\n<p>16.\u018fliyev B\u0259kir \u0130sa<\/p>\n\n\n\n<p>17.\u018fliyev Hiday\u0259t M\u0259cid<\/p>\n\n\n\n<p>18.\u018fhm\u0259dov \u0130mamqulu Soltan<\/p>\n\n\n\n<p>19.\u018flizad\u0259 Faiq \u018fbd\u00fclh\u00fcseyn<\/p>\n\n\n\n<p>20.\u018fliyev A\u011fabala Mirz\u0259bala<\/p>\n\n\n\n<p>21.\u018flicanov Bax\u0131\u015f M\u0259mm\u0259d<\/p>\n\n\n\n<p>22.\u018fmirov R\u0259fail M\u0259nsur<\/p>\n\n\n\n<p>23.F\u0259t\u0259liyev Abbas A\u011fah\u00fcseyn<\/p>\n\n\n\n<p>24.H\u00fcseynov G\u00fclverdi A\u011fah\u00fcseyn<\/p>\n\n\n\n<p>25.H\u0259s\u0259nquliyev \u015eirindil Cavad<\/p>\n\n\n\n<p>26.Hac\u0131babayev Tofiq Arif<\/p>\n\n\n\n<p>27.H\u0259s\u0259nov S\u0259dr\u0259ddin Qarda\u015fxan<\/p>\n\n\n\n<p>28.H\u0259s\u0259nov S\u0259rxan Altay<\/p>\n\n\n\n<p>29.H\u0259s\u0259nov Oleq Xasay<\/p>\n\n\n\n<p>30.X\u0259lilov R\u00f6v\u015f\u0259n Allahverdi<\/p>\n\n\n\n<p>31.Xudayev F\u00fczuli C\u0259mil<\/p>\n\n\n\n<p>32.Xudayev \u00c7ingiz Elman<\/p>\n\n\n\n<p>33.\u0130brahimov Cavan\u015fir Zeynal<\/p>\n\n\n\n<p>34.\u0130badov \u015eirzad Cavan\u015fir<\/p>\n\n\n\n<p>35.\u0130smay\u0131lov Elxan Nazim<\/p>\n\n\n\n<p>36.\u0130sg\u0259nd\u0259rov \u018fliyar H\u00fcseyn<\/p>\n\n\n\n<p>37.K\u0259rimov Elxan Sunbay<\/p>\n\n\n\n<p>38.Qurbanov Nof\u0259l N\u0259riman<\/p>\n\n\n\n<p>39.Qiyasov \u0130lqar \u018fsg\u0259r<\/p>\n\n\n\n<p>40.Qas\u0131mov S\u0259rxan L\u0259tif<\/p>\n\n\n\n<p>41.Q\u0259dim\u0259liyev Nizami G\u00fclm\u0259mm\u0259d<\/p>\n\n\n\n<p>42.Q\u0259dirov Taleh \u018fl\u0259kb\u0259r<\/p>\n\n\n\n<p>43.Quliyev M\u0259h\u0259mm\u0259d F\u0259rrux<\/p>\n\n\n\n<p>44.Q\u0259hr\u0259manov Q\u0259hr\u0259man Qa\u00e7ay<\/p>\n\n\n\n<p>45.Malikov Amil \u018fliheyd\u0259r<\/p>\n\n\n\n<p>46.Mirz\u0259yev Rizvan Bilal<\/p>\n\n\n\n<p>47.Mustafayev Sabir \u0130slam<\/p>\n\n\n\n<p>48.Mikay\u0131lov Baba Babaki\u015fi<\/p>\n\n\n\n<p>49.M\u0259mm\u0259dov M\u00fc\u015ffiq Yusif<\/p>\n\n\n\n<p>50.M\u0259mm\u0259dov ilqar \u0130nqlab<\/p>\n\n\n\n<p>51.M\u0259mm\u0259dov Mahir Arif<\/p>\n\n\n\n<p>52.Mehdiyev Nazim \u018fli<\/p>\n\n\n\n<p>53.N\u0259c\u0259fov R\u00f6v\u015f\u0259n Hac\u0131<\/p>\n\n\n\n<p>54.Namazov Az\u0259r R\u0259him<\/p>\n\n\n\n<p>55.Niftal\u0131yev Adil Kamal<\/p>\n\n\n\n<p>56.N\u0259sirov Arif \u018fmiraslan<\/p>\n\n\n\n<p>57.Nuriyev Rafiq \u018fli<\/p>\n\n\n\n<p>58.N\u0259c\u0259fov R\u0259hman Hac\u0131<\/p>\n\n\n\n<p>59.Priyev Ehtiram Bayram<\/p>\n\n\n\n<p>60.R\u00fcst\u0259mov Azad Bala<\/p>\n\n\n\n<p>61.R\u0259sulov At\u0259\u015f Hac\u0131<\/p>\n\n\n\n<p>62.Sultanov Kaz\u0131m Hac\u0131<\/p>\n\n\n\n<p>63.S\u0259f\u0259rov R\u00f6v\u015f\u0259n Qiyas<\/p>\n\n\n\n<p>64.\u015eamilov S\u0259rraf Bakir<\/p>\n\n\n\n<p>65.Tahirov Vaqif Sabir<\/p>\n\n\n\n<p>66.Tahirov \u018fl\u00f6vs\u0259t Kamran<\/p>\n\n\n\n<p>67.V\u0259licanl\u0131 S\u00fcleyman M\u0259bud<\/p>\n\n\n\n<p>68.Z\u00fclalov \u0130sf\u0259ndiyar Adil<\/p>\n\n\n\n<p>69.Zeynalov Sahib \u018fliheyd\u0259r<\/p>\n\n\n\n<p>X\u00fcsusi T\u0259yinatl\u0131 D\u0259st\u0259:<\/p>\n\n\n\n<p>1.\u018fhm\u0259dov Riyad Fikr\u0259t<\/p>\n\n\n\n<p>2.Musayev Vaqif Dursun<\/p>\n\n\n\n<p>3.\u015eirinov Elcan<\/p>\n\n\n\n<p>4.Qas\u0131mov Veys\u0259l H\u0259bib<\/p>\n\n\n\n<p>5.H\u00fcseynov Telman<\/p>\n\n\n\n<p>6.Kudelin Andrey<\/p>\n\n\n\n<p>7.Yusifov \u015eahin<\/p>\n\n\n\n<p>8.Yar\u0131yev Q\u0259nb\u0259r<\/p>\n\n\n\n<p>9.Zeynalov Sahib \u018fliheyd\u0259r<\/p>\n\n\n\n<p>10.M\u0259mm\u0259dov Elmar Vaqif<\/p>\n\n\n\n<p>\u015eu\u015fa \u00f6z\u00fcn\u00fcm\u00fcdafi\u0259 d\u0259st\u0259si<\/p>\n\n\n\n<p>1.N\u0259sirov Zahid Rafael<\/p>\n\n\n\n<p>2.Abutal\u0131bov Eyvaz C\u0259mil<\/p>\n\n\n\n<p>3.\u018fl\u0259kb\u0259rov Zahid V\u0259li\u015f<\/p>\n\n\n\n<p>4.M\u0259h\u0259rr\u0259mov Nazim Tofiq<\/p>\n\n\n\n<p>5.R\u00fcst\u0259mov Sabir G\u0259ray<\/p>\n\n\n\n<p>6.S\u0259f\u0259rov \u015eahverdi B\u0259hlul<\/p>\n\n\n\n<p>7.Quliyev Oqtay G\u00fclm\u0259mm\u0259d<\/p>\n\n\n\n<p>8.\u018fl\u0259kb\u0259rov Arzu B\u0259hram<\/p>\n\n\n\n<p>9.M\u0259mm\u0259dov Habil Qabil<\/p>\n\n\n\n<p>10.H\u0259\u015fimov P\u0259rviz Vara\u015fil<\/p>\n\n\n\n<figure class=\"wp-block-image\"><img loading=\"lazy\" decoding=\"async\" width=\"275\" height=\"183\" src=\"http:\/\/veteran.az\/wp-content\/uploads\/2020\/01\/83020020_622947531773106_8180049215649480704_n.jpg\" alt=\"\" class=\"wp-image-3730\"\/><\/figure>\n\n\n\n<p>\u015eu\u015fa \u015f\u0259h\u0259r \u0130cra Hakimiyy\u0259tinin k\u00f6m\u0259kliyi il\u0259 2019-cu ild\u0259 \u015e\u0259hidl\u0259r Xiyaban\u0131nda, 1992- ci ili yanvar\u0131nda \u201cDa\u015falt\u0131 \u0259m\u0259liyyat\u0131\u201dnda \u015f\u0259hid v\u0259 itgin d\u00fc\u015fm\u00fc\u015f silahda\u015flar\u0131m\u0131z\u0131n adlar\u0131 qeyd edilmi\u015f l\u00f6vh\u0259nin a\u00e7\u0131l\u0131\u015f\u0131 olmu\u015fdur.<\/p>\n\n\n\n<p>M\u0259ni Da\u015falt\u0131da axtarars\u0131z<\/p>\n\n\n\n<p>Dem\u0259yin itgin\u0259m, m\u0259n yox olmu\u015fam,<br>D\u00fc\u015fm\u0259nin q\u0259lbin\u0259 bir ox olmu\u015fam.<br>\u018fvv\u0259l t\u0259k idims\u0259, indi \u00e7ox olmu\u015fam,<br>Ya\u015fa bilm\u0259r\u0259m ata-anas\u0131z,<br>M\u0259ni Da\u015falt\u0131da axtarars\u0131z.<\/p>\n\n\n\n<p>Dem\u0259 son d\u00f6y\u00fc\u015f\u00fcm \u201cDa\u015falt\u0131\u201d oldu<br>Dem\u0259, bac\u0131lar\u0131m sa\u00e7\u0131n\u0131 yoldu,<br>Dem\u0259 ki, anam\u0131n g\u00f6zl\u0259ri doldu<br>Sevinib \u015f\u0259nl\u0259n\u0259r o d\u00fc\u015fm\u0259n qans\u0131z,<br>M\u0259ni Da\u015falt\u0131da axtarars\u0131z.<\/p>\n\n\n\n<p>\u00dcr\u0259kl\u0259rd\u0259 m\u0259nim m\u0259kan\u0131m ancaq,<br>M\u0259nsiz q\u0131zmayacaq n\u0259 ev, n\u0259 otaq.<br>Nahaq g\u0259zirsiniz siz m\u0259ni,nahaq,<br>Bel\u0259 bo\u015f g\u0259zm\u0259yin yorulars\u0131n\u0131z,<br>M\u0259ni Da\u015falt\u0131da axtarars\u0131z.<\/p>\n\n\n\n<p>Qorxma, v\u0259t\u0259n da\u015f\u0131 Da\u015falt\u0131dad\u0131r,<br>Sar\u0131may\u0131n qollar\u0131m Da\u015falt\u0131dad\u0131r.<br>N\u0259 olsun ki, cismim Da\u015falt\u0131dad\u0131r,<br>Ruhuma d\u0259ym\u0259yin, siz Allah, cans\u0131z,<br>M\u0259ni Da\u015falt\u0131da axtarars\u0131z.<\/p>\n\n\n\n<p>Sevgilim, he\u00e7 kim\u0259 a\u00e7ma k\u00f6nl\u00fcn\u00fc,<br>Saxla bu f\u0259ryad\u0131, yan\u011f\u0131n\u0131, kini.<br>G\u00f6zl\u0259 toyumuzu-o, x\u00f6\u015fb\u0259xt g\u00fcn\u00fc.<br>Qoy g\u0259lib desinl\u0259r g\u00f6z\u0259l yars\u0131n\u0131z,<br>M\u0259ni Da\u015falt\u0131da axtarars\u0131z.<\/p>\n\n\n\n<figure class=\"wp-block-image\"><img loading=\"lazy\" decoding=\"async\" width=\"448\" height=\"299\" src=\"http:\/\/veteran.az\/wp-content\/uploads\/2020\/01\/82983101_622946168439909_1118966803129696256_n.jpg\" alt=\"\" class=\"wp-image-3731\" srcset=\"https:\/\/veteran.az\/wp-content\/uploads\/2020\/01\/82983101_622946168439909_1118966803129696256_n.jpg 448w, https:\/\/veteran.az\/wp-content\/uploads\/2020\/01\/82983101_622946168439909_1118966803129696256_n-300x200.jpg 300w\" sizes=\"auto, (max-width: 448px) 100vw, 448px\" \/><\/figure>\n\n\n\n<p>\u2014 Da\u015falt\u0131 \u0259m\u0259liyyat\u0131n\u0131n 1992-ci ild\u0259 hans\u0131 s\u0259b\u0259bd\u0259n ke\u00e7irm\u0259k ist\u0259yirdil\u0259r?<\/p>\n\n\n\n<p>\u2014 \u015e\u0259xs\u0259n m\u0259nim bir cavab\u0131m var o vaxtk\u0131 hakimiyy\u0259ti saxlamaq \u00fc\u00e7\u00fcn Ordunu m\u0259hv etm\u0259k.<\/p>\n\n\n\n<p>Da\u015falt\u0131 k\u0259ndi hans\u0131 \u0259h\u0259miyy\u0259ti da\u015f\u0131y\u0131rd\u0131? (H\u0259r bir \u015f\u0259xs ada fikir verdikd\u0259, h\u0259m\u0259n yeri g\u00f6rm\u0259d\u0259n \u00f6z-\u00f6zl\u00fcy\u00fcnd\u0259 h\u0259m\u0259n m\u0259kan\u0131n da\u015f\u0131n alt\u0131nda yerl\u0259\u015fdiyini t\u0259s\u0259v\u00fcr ed\u0259 bil\u0259r).<\/p>\n\n\n\n<p>\u2014 Da\u015falt\u0131 \u0259m\u0259liyyat\u0131 haqq\u0131nda 23.01.1992-ci il tarixd\u0259 \u015eu\u015fa \u015f\u0259h\u0259rinin \u0259halisi aras\u0131nda dan\u0131\u015f\u0131l\u0131rd\u0131sa, hans\u0131 s\u0259b\u0259bd\u0259n \u0259m\u0259liyyatda he\u00e7bir d\u0259yi\u015fiklik edilm\u0259di?<\/p>\n\n\n\n<p>\u2014 Oz v\u0259zif\u0259l\u0259rini qorumaq \u00fc\u00e7\u00fcn, Bak\u0131 \u015f\u0259h\u0259rind\u0259 haz\u0131rlanm\u0131\u015f plan h\u0259yata ke\u00e7m\u0259li idi (Tac\u0259ddin Mehdiyevin r\u0259hb\u0259rliyi il\u0259).<\/p>\n\n\n\n<p>\u2014 Milli Ordunun t\u0259hcizat\u0131 nec\u0259 idi?<\/p>\n\n\n\n<p>\u2014 \u018fm\u0259liyyata c\u0259lb edilmi\u015f b\u0259l\u0259d\u00e7il\u0259rin satq\u0131n oldu\u011fu bildirilirdi?<\/p>\n\n\n\n<figure class=\"wp-block-image\"><img loading=\"lazy\" decoding=\"async\" width=\"500\" height=\"334\" src=\"http:\/\/veteran.az\/wp-content\/uploads\/2020\/01\/82873238_622947835106409_8167706866915213312_n.jpg\" alt=\"\" class=\"wp-image-3733\" srcset=\"https:\/\/veteran.az\/wp-content\/uploads\/2020\/01\/82873238_622947835106409_8167706866915213312_n.jpg 500w, https:\/\/veteran.az\/wp-content\/uploads\/2020\/01\/82873238_622947835106409_8167706866915213312_n-300x200.jpg 300w\" sizes=\"auto, (max-width: 500px) 100vw, 500px\" \/><\/figure>\n\n\n\n<p>\u2014 Ta\u011f\u0131mlar aras\u0131nda rabit\u0259 yox idi, bu da planl\u0131 bir \u015f\u0259kild\u0259 edilmi\u015fdi.<\/p>\n\n\n\n<p>\u2014 \u018fg\u0259r b\u0259l\u0259d\u00e7il\u0259r satq\u0131n idil\u0259rs\u0259, onlar\u0131 ta\u011f\u0131mlara t\u0259yin ed\u0259nl\u0259rin \u00f6zl\u0259ri ilk n\u00f6vb\u0259d\u0259 d\u00fc\u015fm\u0259nimizin tulalar\u0131 olmal\u0131yd\u0131 (M\u00fcdafi\u0259 naziri Tac\u0259ddin Mehdiyev, Nur\u0259ddin Abdullayev).<\/p>\n\n\n\n<p>H\u0259min d\u00f6y\u00fc\u015fd\u0259n sa\u011f qalm\u0131\u015f d\u00f6y\u00fc\u015f\u00e7\u00fc dey\u0259 bilm\u0259z ki, hans\u0131sa b\u0259l\u0259d\u00e7i h\u0259min vaxt\u0131 a\u011f bayraq qald\u0131raraq, \u00abm\u0259n b\u0259l\u0259d\u00e7iy\u0259m, m\u0259ni vurmay\u0131n\u00bb \u2014 dem\u0259si hadis\u0259sin\u0259 rast g\u0259ldiyini dey\u0259 bilm\u0259z. B\u0259l\u0259d\u00e7il\u0259rin bir ne\u00e7\u0259si el\u0259 h\u0259min d\u00f6y\u00fc\u015fd\u0259 \u015f\u0259hid olmu\u015f v\u0259 yaralanm\u0131\u015fd\u0131r.<\/p>\n\n\n\n<p>\u00c7\u00fcnki \u0259m\u0259liyyat erm\u0259nil\u0259r\u0259 v\u0259 onlar\u0131n havadarlar\u0131 olan 366-c\u0131 Polka \u0259vv\u0259lc\u0259d\u0259n m\u0259lum idi. Qeyd edim ki, Da\u015falt\u0131 \u018fm\u0259liyyat\u0131nda 366-c\u0131 Polkun \u0259sg\u0259r v\u0259 zabitl\u0259ri, erm\u0259ni quldurlar\u0131 il\u0259 birg\u0259 Milli Orduya qar\u015f\u0131 vuru\u015furdular.<\/p>\n\n\n\n<p>\u2014 D\u00f6y\u00fc\u015fd\u0259 peyda olan qara paltarl\u0131lar kiml\u0259r olub?<\/p>\n\n\n\n<p>\u2014 Qeyd edim ki, 26 yanvarda s\u0259h\u0259r d\u00f6y\u00fc\u015f ba\u015flad\u0131qdan 1 saat sonra \u015eu\u015fik\u0259nd istiqam\u0259td\u0259n me\u015f\u0259 il\u0259 g\u0259l\u0259r\u0259k bizi m\u00fchasir\u0259y\u0259 alanlar erm\u0259nil\u0259r idi.<\/p>\n\n\n\n<p>\u2014 Biz ne\u00e7\u0259 saata qeyd edil\u0259n d\u00f6y\u00fc\u015f m\u00f6vqeyin\u0259 \u00e7atd\u0131q?<\/p>\n\n\n\n<p>\u2014 25 yanvar 1992-ci ild\u0259 saat 10-da \u015eu\u015fa \u015f\u0259h\u0259rind\u0259n yola d\u00fc\u015fd\u00fck v\u0259 26 yanvar t\u0259qrib\u0259n s\u0259h\u0259r saat 6 rad\u0259l\u0259rind\u0259 bizim ta\u011f\u0131m \u00f6z d\u00f6y\u00fc\u015f m\u00f6vqeyin\u0259 \u00e7atd\u0131.H\u0259m\u0259n vaxt\u0131 onu da bildirim ki, olduqca g\u00fccl\u00fc qar ya\u011fm\u0131\u015fd\u0131 v\u0259 t\u0259qrib\u0259n 50 sm, b\u0259zi yerl\u0259rd\u0259 qar\u0131n h\u00fcnd\u00fcrl\u00fcy\u00fc daha \u00e7ox idi. T\u0259s\u0259vv\u00fcr edin ki, s\u0259h\u0259r\u0259 q\u0259d\u0259r yol g\u0259l\u0259s\u0259n v\u0259 o v\u0259ziyy\u0259td\u0259 d\u00f6y\u00fc\u015f\u0259s\u0259n. (Bildirim ki, \u00c7\u0131d\u0131r d\u00fcz\u00fcnd\u0259n bizim ta\u011f\u0131m\u0131n olaca\u011f\u0131 m\u00f6vqey\u0259 30 d\u0259qiq\u0259 vaxt laz\u0131m imi\u015f). D\u00f6y\u00fc\u015fd\u0259 bizim ta\u011f\u0131m\u0131n m\u00f6vqeyi daha t\u0259hl\u00fck\u0259li yerd\u0259 olma\u011f\u0131na baxmayaraq daha az itgi il\u0259 3 g\u00fcn m\u00fchasir\u0259d\u0259 qald\u0131qdan sonra \u00e7\u0131xa bildik.<\/p>\n\n\n\n<p>B\u0259zi ta\u011f\u0131mlar \u00f6z m\u00f6vqeyl\u0259rin\u0259 \u00e7atmam\u0131\u015f t\u0259qrib\u0259n ax\u015fam saat 3-4 rad\u0259l\u0259rind\u0259 pusquya d\u00fc\u015fm\u00fc\u015fl\u0259r v\u0259 ta\u011f\u0131m\u0131n dem\u0259k olar ki ham\u0131s\u0131 \u015f\u0259hid v\u0259 itkin d\u00fc\u015fm\u00fc\u015fl\u0259r (Namazov Az\u0259rin ta\u011f\u0131m\u0131, bir n\u0259f\u0259r Az\u0259r sa\u011f qalm\u0131\u015fd\u0131r soyad\u0131 yad\u0131mda deyil).<\/p>\n\n\n\n<p>\u2014 Torpaqlar\u0131m\u0131z\u0131 nec\u0259 almaq olar?<\/p>\n\n\n\n<p>\u2014 Yaln\u0131z m\u00fcharib\u0259 yolu il\u0259\u2026<\/p>\n\n\n\n<p>O, g\u00fcn\u00fcn bizl\u0259r\u0259 qism\u0259t olmas\u0131n\u0131 arzu edir\u0259m! Ali Ba\u015f Komandan\u0131n \u018fmrini g\u00f6zl\u0259yirik.<\/p>\n\n\n\n<p>Bu il d\u0259 h\u0259r il oldu\u011fu kimi bu ild\u0259 yanvar\u0131n 26-da saat 10-00-da \u015e\u0259hidl\u0259r Xiyaban\u0131nda \u015e\u0259hidl\u0259rimizi yad ed\u0259c\u0259yik.<\/p>\n\n\n\n<figure class=\"wp-block-image is-resized\"><img loading=\"lazy\" decoding=\"async\" src=\"http:\/\/veteran.az\/wp-content\/uploads\/2020\/01\/83501580_622945015106691_5411393016088756224_n-2.png\" alt=\"\" class=\"wp-image-3726\" width=\"128\" height=\"124\" srcset=\"https:\/\/veteran.az\/wp-content\/uploads\/2020\/01\/83501580_622945015106691_5411393016088756224_n-2.png 513w, https:\/\/veteran.az\/wp-content\/uploads\/2020\/01\/83501580_622945015106691_5411393016088756224_n-2-300x291.png 300w\" sizes=\"auto, (max-width: 128px) 100vw, 128px\" \/><figcaption><br>Niyazi M\u0259mm\u0259d o\u011flu Quliyev<br>Az\u0259rbaycan V\u0259t\u0259n M\u00fcharib\u0259si Veteranlar\u0131 \u0130ctimai Birliyi N\u0259zar\u0259t T\u0259fti\u015f Komissiyas\u0131n\u0131n s\u0259dri<\/figcaption><\/figure>\n","protected":false},"excerpt":{"rendered":"<p>Da\u015falt\u0131 \u0259m\u0259liyyat\u0131ndan 28 il ke\u00e7ir. Lakin bu \u0259m\u0259liyyat haqq\u0131nda m\u00fc\u0259mmalara indiy\u0259d\u0259k ayd\u0131nl\u0131q g\u0259tirilmir. 1992-ci il&#8230;<\/p>\n","protected":false},"author":3,"featured_media":0,"comment_status":"closed","ping_status":"closed","sticky":false,"template":"","format":"standard","meta":{"footnotes":""},"categories":[9],"tags":[],"class_list":["post-3739","post","type-post","status-publish","format-standard","hentry","category-sq"],"featured_image_urls":{"full":"","thumbnail":"","medium":"","medium_large":"","large":"","1536x1536":"","2048x2048":"","covernews-slider-full":"","covernews-slider-center":"","covernews-featured":"","covernews-medium":"","covernews-medium-square":""},"author_info":{"display_name":"Veteran.az","author_link":"https:\/\/veteran.az\/?author=3"},"category_info":"<a href=\"https:\/\/veteran.az\/?cat=9\" rel=\"category\">Silahl\u0131 Q\u00fcvv\u0259l\u0259r<\/a>","tag_info":"Silahl\u0131 Q\u00fcvv\u0259l\u0259r","comment_count":"0","_links":{"self":[{"href":"https:\/\/veteran.az\/index.php?rest_route=\/wp\/v2\/posts\/3739","targetHints":{"allow":["GET"]}}],"collection":[{"href":"https:\/\/veteran.az\/index.php?rest_route=\/wp\/v2\/posts"}],"about":[{"href":"https:\/\/veteran.az\/index.php?rest_route=\/wp\/v2\/types\/post"}],"author":[{"embeddable":true,"href":"https:\/\/veteran.az\/index.php?rest_route=\/wp\/v2\/users\/3"}],"replies":[{"embeddable":true,"href":"https:\/\/veteran.az\/index.php?rest_route=%2Fwp%2Fv2%2Fcomments&post=3739"}],"version-history":[{"count":3,"href":"https:\/\/veteran.az\/index.php?rest_route=\/wp\/v2\/posts\/3739\/revisions"}],"predecessor-version":[{"id":3742,"href":"https:\/\/veteran.az\/index.php?rest_route=\/wp\/v2\/posts\/3739\/revisions\/3742"}],"wp:attachment":[{"href":"https:\/\/veteran.az\/index.php?rest_route=%2Fwp%2Fv2%2Fmedia&parent=3739"}],"wp:term":[{"taxonomy":"category","embeddable":true,"href":"https:\/\/veteran.az\/index.php?rest_route=%2Fwp%2Fv2%2Fcategories&post=3739"},{"taxonomy":"post_tag","embeddable":true,"href":"https:\/\/veteran.az\/index.php?rest_route=%2Fwp%2Fv2%2Ftags&post=3739"}],"curies":[{"name":"wp","href":"https:\/\/api.w.org\/{rel}","templated":true}]}}