{"id":3522,"date":"2020-01-19T04:49:20","date_gmt":"2020-01-19T00:49:20","guid":{"rendered":"http:\/\/veteran.az\/?p=3522"},"modified":"2020-01-19T04:49:22","modified_gmt":"2020-01-19T00:49:22","slug":"secicil%c9%99rl%c9%99-gorusd%c9%99-deputatliga-namiz%c9%99d-cingiz-q%c9%99nizad%c9%99ni-biabir-etdil%c9%99r-video","status":"publish","type":"post","link":"https:\/\/veteran.az\/?p=3522","title":{"rendered":"Se\u00e7icil\u0259rl\u0259 g\u00f6r\u00fc\u015fd\u0259 deputatl\u0131\u011fa namiz\u0259d \u00c7ingiz Q\u0259nizad\u0259ni biab\u0131r etdil\u0259r &#8212; V\u0130DEO"},"content":{"rendered":"\n<p>80 sayl\u0131 \u0130mi\u015fli-Beyl\u0259qan se\u00e7ki dair\u0259sind\u0259n deputatl\u0131\u011fa namiz\u0259dliyini ir\u0259li s\u00fcrm\u00fc\u015f \u00c7ingiz Q\u0259nizad\u0259 se\u00e7icil\u0259ri il\u0259 g\u00f6r\u00fc\u015fd\u0259 onlar\u0131n etiraz\u0131 il\u0259 \u00fczl\u0259\u015fib.&nbsp;<\/p>\n\n\n\n<p><strong>Oxu.Az<\/strong>&nbsp;x\u0259b\u0259r verir ki, namiz\u0259d insanlar\u0131n qar\u015f\u0131s\u0131nda \u00e7\u0131x\u0131\u015f ed\u0259rk\u0259n sakinl\u0259rd\u0259n b\u0259zil\u0259ri onun s\u00f6z\u00fcn\u00fc k\u0259s\u0259r\u0259k s\u0259rt \u015f\u0259kild\u0259 etiraz edibl\u0259r.&nbsp;&nbsp;<\/p>\n\n\n\n<p>Ya\u015fad\u0131qlar\u0131 rayondak\u0131 probleml\u0259ri qabardan se\u00e7icil\u0259r Q\u0259nizad\u0259nin s\u0259rt v\u0259 kobud reaksiyas\u0131 il\u0259 \u00fczl\u0259\u015fibl\u0259r.&nbsp;&nbsp;<\/p>\n\n\n\n<p>Mill\u0259t v\u0259killiyin\u0259 namiz\u0259d \u00f6z se\u00e7icisi il\u0259 \u201cs\u00f6z g\u00fcl\u0259\u015fdir\u0259r\u0259k\u201d fikrini m\u00fcdafi\u0259 etm\u0259y\u0259 \u00e7al\u0131\u015fsa da, Qaraba\u011f m\u00fcharib\u0259si veteran\u0131 olan se\u00e7icinin q\u0259tiyy\u0259ti say\u0259sind\u0259 susma\u011fa m\u0259cbur olub.&nbsp;<\/p>\n\n\n\n<p>S\u00f6z\u00fcged\u0259n kadrlar\u0131 t\u0259qdim edirik.&nbsp;<\/p>\n\n\n\n<figure><iframe loading=\"lazy\" allowfullscreen=\"\" height=\"315\" src=\"https:\/\/player.baku.tv\/embed\/13156\" width=\"560\"><\/iframe><\/figure>\n\n\n\n<h2 class=\"wp-block-heading\"><\/h2>\n","protected":false},"excerpt":{"rendered":"<p>80 sayl\u0131 \u0130mi\u015fli-Beyl\u0259qan se\u00e7ki dair\u0259sind\u0259n deputatl\u0131\u011fa namiz\u0259dliyini ir\u0259li s\u00fcrm\u00fc\u015f \u00c7ingiz Q\u0259nizad\u0259 se\u00e7icil\u0259ri il\u0259 g\u00f6r\u00fc\u015fd\u0259 onlar\u0131n&#8230;<\/p>\n","protected":false},"author":3,"featured_media":0,"comment_status":"open","ping_status":"closed","sticky":false,"template":"","format":"standard","meta":{"footnotes":""},"categories":[10],"tags":[],"class_list":["post-3522","post","type-post","status-publish","format-standard","hentry","category-avmvib"],"featured_image_urls":{"full":"","thumbnail":"","medium":"","medium_large":"","large":"","1536x1536":"","2048x2048":"","covernews-slider-full":"","covernews-slider-center":"","covernews-featured":"","covernews-medium":"","covernews-medium-square":""},"author_info":{"display_name":"Veteran.az","author_link":"https:\/\/veteran.az\/?author=3"},"category_info":"<a href=\"https:\/\/veteran.az\/?cat=10\" rel=\"category\">AVMV\u0130B<\/a>","tag_info":"AVMV\u0130B","comment_count":"0","_links":{"self":[{"href":"https:\/\/veteran.az\/index.php?rest_route=\/wp\/v2\/posts\/3522","targetHints":{"allow":["GET"]}}],"collection":[{"href":"https:\/\/veteran.az\/index.php?rest_route=\/wp\/v2\/posts"}],"about":[{"href":"https:\/\/veteran.az\/index.php?rest_route=\/wp\/v2\/types\/post"}],"author":[{"embeddable":true,"href":"https:\/\/veteran.az\/index.php?rest_route=\/wp\/v2\/users\/3"}],"replies":[{"embeddable":true,"href":"https:\/\/veteran.az\/index.php?rest_route=%2Fwp%2Fv2%2Fcomments&post=3522"}],"version-history":[{"count":1,"href":"https:\/\/veteran.az\/index.php?rest_route=\/wp\/v2\/posts\/3522\/revisions"}],"predecessor-version":[{"id":3524,"href":"https:\/\/veteran.az\/index.php?rest_route=\/wp\/v2\/posts\/3522\/revisions\/3524"}],"wp:attachment":[{"href":"https:\/\/veteran.az\/index.php?rest_route=%2Fwp%2Fv2%2Fmedia&parent=3522"}],"wp:term":[{"taxonomy":"category","embeddable":true,"href":"https:\/\/veteran.az\/index.php?rest_route=%2Fwp%2Fv2%2Fcategories&post=3522"},{"taxonomy":"post_tag","embeddable":true,"href":"https:\/\/veteran.az\/index.php?rest_route=%2Fwp%2Fv2%2Ftags&post=3522"}],"curies":[{"name":"wp","href":"https:\/\/api.w.org\/{rel}","templated":true}]}}