{"id":3404,"date":"2020-01-12T01:25:15","date_gmt":"2020-01-11T21:25:15","guid":{"rendered":"http:\/\/veteran.az\/?p=3404"},"modified":"2020-01-12T01:45:15","modified_gmt":"2020-01-11T21:45:15","slug":"sepah-ukrayna-t%c9%99yyar%c9%99sinin-vurulma-m%c9%99suliyy%c9%99tini-uz%c9%99rin%c9%99-goturub","status":"publish","type":"post","link":"https:\/\/veteran.az\/?p=3404","title":{"rendered":"SEPAH Ukrayna t\u0259yyar\u0259sinin vurulma m\u0259suliyy\u0259tini \u00fcz\u0259rin\u0259 g\u00f6t\u00fcr\u00fcb"},"content":{"rendered":"\n<p>Tehranda Ukrayna t\u0259yyar\u0259sinin q\u0259zaya u\u011framas\u0131nda m\u0259suliyy\u0259ti \u0130ran \u0130slam \u0130nqilab\u0131 Ke\u015fik\u00e7il\u0259ri Kopusunun elit h\u0259rbi b\u00f6lm\u0259si \u00f6z \u00fcz\u0259rin\u0259 g\u00f6t\u00fcr\u00fcb. SEPAH-\u0131n H\u0259rbi Hava Q\u00fcvv\u0259l\u0259rinin komandan\u0131, briqada general\u0131 \u018fmir \u018fli Hac\u0131zad\u0259 etiraf edib ki, aviaq\u0259za bar\u0259d\u0259 \u00f6yr\u0259n\u0259nd\u0259 \u00f6lm\u0259k ist\u0259yib.<\/p>\n\n\n\n<p> Bu bar\u0259d\u0259 TASS m\u0259lumat yay\u0131b. \u201cUkrayna t\u0259yyar\u0259sinin q\u0259zaya u\u011framas\u0131 bar\u0259d\u0259 e\u015fid\u0259nd\u0259 faci\u0259nin \u015fahidi olmamaq \u00fc\u00e7\u00fcn \u00f6lm\u0259k ist\u0259dim\u201d, &#8212; dey\u0259 general etiraf edib. \u201cBiz b\u00fct\u00fcn m\u0259suliyy\u0259ti q\u0259bul edirik v\u0259 h\u00f6kum\u0259tin verdiyi tap\u015f\u0131r\u0131qlar\u0131 yerin\u0259 yetirm\u0259y\u0259 haz\u0131r\u0131q\u201d, &#8212; dey\u0259 general yekunla\u015fd\u0131r\u0131b. Xat\u0131rladaq ki, yanvar\u0131n 8-d\u0259 Tehran aeroportundan havaya qalxan Ukraynan\u0131n s\u0259rni\u015fin t\u0259yyar\u0259si u\u00e7u\u015fdan az m\u00fcdd\u0259t sonra q\u0259zaya u\u011fray\u0131b. H\u0259min vaxt g\u00f6y\u0259rt\u0259d\u0259 167 s\u0259rni\u015fin v\u0259 9 hey\u0259t \u00fczv\u00fc olub.<\/p>\n\n\n\n<p> Yanvar\u0131n 10-da \u0130ran t\u0259r\u0259fi t\u0259yyar\u0259nin t\u0259sad\u00fcf\u0259n vuruldu\u011funu etiraf edib. Q\u0259zaya s\u0259b\u0259b kimi \u201cinsan faktoru\u201d g\u00f6st\u0259rilib. \u0130ran Prezidenti H\u0259s\u0259n Ruhani istintaq\u0131n davam ed\u0259c\u0259yini, t\u0259qsirkarlar\u0131n is\u0259 c\u0259zaland\u0131r\u0131laca\u011f\u0131n\u0131 bildirib.<\/p>\n\n\n\n<p>Daha \u00f6nc\u0259&nbsp;\u0130ran\u0131n paytaxt\u0131 Tehranda q\u0259zaya u\u011frad\u0131\u011f\u0131 deyil\u0259n v\u0259 176 n\u0259f\u0259rin \u00f6l\u00fcm\u00fcn\u0259 s\u0259b\u0259b olan t\u0259yyar\u0259nin raketl\u0259 vurulma g\u00f6r\u00fcnt\u00fcl\u0259ri yay\u0131lm\u0131\u015fd\u0131.&nbsp;<\/p>\n\n\n\n<p>Bununla ba\u011fl\u0131 \u201cNew York Times\u201d n\u0259\u015fri video payla\u015f\u0131b.&nbsp;<\/p>\n\n\n\n<p>G\u00f6r\u00fcnt\u00fcl\u0259rd\u0259 raketin t\u0259yyar\u0259y\u0259 t\u0259r\u0259f at\u0131lmas\u0131, daha sonra hava g\u0259misinin partlamas\u0131 \u0259ks olunub.&nbsp;<\/p>\n\n\n\n<p>Qeyd ed\u0259k ki, AB\u015e da ba\u015fda olmaqla, Kanada, Ukrayna v\u0259 \u0130ngilt\u0259r\u0259 t\u0259yyar\u0259nin s\u0259hv\u0259n raketl\u0259 vuruldu\u011funu iddia etmi\u015fdi.\u00a0<\/p>\n\n\n\n<p>\u0130ran prezidenti H\u0259s\u0259n Ruhani Vladimir Zelenski il\u0259 telefon dan\u0131\u015f\u0131\u011f\u0131 zaman\u0131 ondan \u00fczr ist\u0259yib.<\/p>\n\n\n\n<p>Bu bar\u0259d\u0259 m\u0259lumat\u0131 Ukrayna prezidentinin m\u0259tbuat xidm\u0259ti yay\u0131b.<\/p>\n\n\n\n<p>\u0130ran prezidenti H\u0259s\u0259n Ruhani \u0130ran t\u0259r\u0259fi ad\u0131ndan Ukrayna xalq\u0131na, Tehran yax\u0131nl\u0131\u011f\u0131nda ba\u015f ver\u0259n faci\u0259 n\u0259tic\u0259sind\u0259 yax\u0131nlar\u0131n\u0131 itir\u0259nl\u0259r\u0259 ba\u015fsa\u011fl\u0131\u011f\u0131 verib v\u0259 t\u0259yyar\u0259nin t\u0259r\u0259fl\u0259rind\u0259n vurulmas\u0131na g\u00f6r\u0259 \u00fczr ist\u0259yib.<\/p>\n\n\n\n<figure><iframe loading=\"lazy\" allowfullscreen=\"\" height=\"315\" src=\"https:\/\/player.baku.tv\/embed\/12797\" width=\"560\"><\/iframe><\/figure>\n\n\n\n<h2 class=\"wp-block-heading\"><\/h2>\n","protected":false},"excerpt":{"rendered":"<p>Tehranda Ukrayna t\u0259yyar\u0259sinin q\u0259zaya u\u011framas\u0131nda m\u0259suliyy\u0259ti \u0130ran \u0130slam \u0130nqilab\u0131 Ke\u015fik\u00e7il\u0259ri Kopusunun elit h\u0259rbi b\u00f6lm\u0259si \u00f6z&#8230;<\/p>\n","protected":false},"author":3,"featured_media":0,"comment_status":"closed","ping_status":"closed","sticky":false,"template":"","format":"standard","meta":{"footnotes":""},"categories":[7],"tags":[],"class_list":["post-3404","post","type-post","status-publish","format-standard","hentry","category-dunya"],"featured_image_urls":{"full":"","thumbnail":"","medium":"","medium_large":"","large":"","1536x1536":"","2048x2048":"","covernews-slider-full":"","covernews-slider-center":"","covernews-featured":"","covernews-medium":"","covernews-medium-square":""},"author_info":{"display_name":"Veteran.az","author_link":"https:\/\/veteran.az\/?author=3"},"category_info":"<a href=\"https:\/\/veteran.az\/?cat=7\" rel=\"category\">D\u00fcnya<\/a>","tag_info":"D\u00fcnya","comment_count":"0","_links":{"self":[{"href":"https:\/\/veteran.az\/index.php?rest_route=\/wp\/v2\/posts\/3404","targetHints":{"allow":["GET"]}}],"collection":[{"href":"https:\/\/veteran.az\/index.php?rest_route=\/wp\/v2\/posts"}],"about":[{"href":"https:\/\/veteran.az\/index.php?rest_route=\/wp\/v2\/types\/post"}],"author":[{"embeddable":true,"href":"https:\/\/veteran.az\/index.php?rest_route=\/wp\/v2\/users\/3"}],"replies":[{"embeddable":true,"href":"https:\/\/veteran.az\/index.php?rest_route=%2Fwp%2Fv2%2Fcomments&post=3404"}],"version-history":[{"count":2,"href":"https:\/\/veteran.az\/index.php?rest_route=\/wp\/v2\/posts\/3404\/revisions"}],"predecessor-version":[{"id":3406,"href":"https:\/\/veteran.az\/index.php?rest_route=\/wp\/v2\/posts\/3404\/revisions\/3406"}],"wp:attachment":[{"href":"https:\/\/veteran.az\/index.php?rest_route=%2Fwp%2Fv2%2Fmedia&parent=3404"}],"wp:term":[{"taxonomy":"category","embeddable":true,"href":"https:\/\/veteran.az\/index.php?rest_route=%2Fwp%2Fv2%2Fcategories&post=3404"},{"taxonomy":"post_tag","embeddable":true,"href":"https:\/\/veteran.az\/index.php?rest_route=%2Fwp%2Fv2%2Ftags&post=3404"}],"curies":[{"name":"wp","href":"https:\/\/api.w.org\/{rel}","templated":true}]}}