{"id":3313,"date":"2020-01-05T15:01:54","date_gmt":"2020-01-05T11:01:54","guid":{"rendered":"http:\/\/veteran.az\/?p=3313"},"modified":"2020-01-05T15:13:31","modified_gmt":"2020-01-05T11:13:31","slug":"h%c9%99r-qapida-h%c9%99r-evd%c9%99-s%c9%99hid-ovladi-oldugumu-bil%c9%99nd%c9%99-s%c9%99hidin-jurnalist-ovladinin-namiz%c9%99dliyi-qeyd%c9%99-alindi","status":"publish","type":"post","link":"https:\/\/veteran.az\/?p=3313","title":{"rendered":"&#171;H\u0259r qap\u0131da, h\u0259r evd\u0259 \u015f\u0259hid \u00f6vlad\u0131 oldu\u011fumu bil\u0259nd\u0259&#8230;&#187; &#8212; \u015e\u0259hidin jurnalist \u00f6vlad\u0131n\u0131n namiz\u0259dliyi qeyd\u0259 al\u0131nd\u0131"},"content":{"rendered":"\n<p><strong>&#171;120 Sayl\u0131 C\u0259bray\u0131l-Qubadl\u0131 se\u00e7ki dair\u0259sind\u0259n m\u0259lumat verdil\u0259r ki, deputatl\u0131\u011fa namiz\u0259dliyim r\u0259sm\u0259n t\u0259sdiql\u0259ndi, qeydiyyata al\u0131nd\u0131q&#187;.<\/strong><\/p>\n\n\n\n<p><strong>Mia.az<\/strong>&nbsp;x\u0259b\u0259r verir ki, bu s\u00f6zl\u0259ri \u015f\u0259hid \u00f6vlad\u0131, jurnalist Zaur \u018fhm\u0259d o\u011flu M\u0259mm\u0259dov bildirib.<\/p>\n\n\n\n<p>O qeyd edib ki, m\u00fcbariz\u0259nin daha bir m\u0259rh\u0259l\u0259sini ba\u015fa vurub:&nbsp;<strong>&#171;Bu prosesd\u0259 d\u0259st\u0259k olan dostlara, qohumlara, h\u0259tta tan\u0131mad\u0131\u011f\u0131m insanlara, m\u0259n\u0259 h\u0259rt\u0259r\u0259fli d\u0259st\u0259k ver\u0259n ke\u00e7mi\u015f d\u00f6y\u00fc\u015f\u00e7\u00fcl\u0259r\u0259, qazil\u0259r\u0259, C\u0259bray\u0131l\u0131n a\u011fsaqqallar\u0131na t\u0259\u015f\u0259kk\u00fcr edir\u0259m. Onlar bu g\u00fcn\u0259 kimi haqq\u0131n, \u0259dal\u0259tin, mill\u0259tin yan\u0131nda oldu\u011fumu \u0259sas g\u0259tir\u0259r\u0259k m\u0259n\u0259 d\u0259st\u0259k olacaqlar\u0131n\u0131 b\u0259yan etdil\u0259r.<\/strong><\/p>\n\n\n\n<p><br><strong>H\u0259r qap\u0131da, h\u0259r evd\u0259 \u015f\u0259hid \u00f6vlad\u0131 oldu\u011fumu bil\u0259nd\u0259 daha s\u0131caq m\u00fcnasib\u0259t g\u00f6st\u0259rdil\u0259r, \u015f\u0259hid \u0259man\u0259tin\u0259 sahib \u00e7\u0131xacaqlar\u0131n\u0131 a\u00e7\u0131q \u015f\u0259kild\u0259 g\u00f6st\u0259rdil\u0259r. Q\u00fcrur duydum mill\u0259timl\u0259, camaat\u0131mla. Imza ver\u0259n, yan\u0131mda oldu\u011funu dey\u0259n h\u0259r k\u0259s var olsun&#8230;<\/strong><\/p>\n\n\n\n<p><br><strong>Yolumuz haqq yoludur. Bu d\u0259f\u0259 Milli M\u0259clisd\u0259 xalqdan biri olacaq. Onlar\u0131n s\u0259si, v\u0259kili olmaq \u00fc\u00e7\u00fcn \u0259limd\u0259n g\u0259l\u0259ni etm\u0259y\u0259 haz\u0131ram&#187;.|Mia.az|<\/strong><\/p>\n","protected":false},"excerpt":{"rendered":"<p>&#171;120 Sayl\u0131 C\u0259bray\u0131l-Qubadl\u0131 se\u00e7ki dair\u0259sind\u0259n m\u0259lumat verdil\u0259r ki, deputatl\u0131\u011fa namiz\u0259dliyim r\u0259sm\u0259n t\u0259sdiql\u0259ndi, qeydiyyata al\u0131nd\u0131q&#187;. Mia.az&nbsp;x\u0259b\u0259r&#8230;<\/p>\n","protected":false},"author":3,"featured_media":3314,"comment_status":"open","ping_status":"open","sticky":false,"template":"","format":"standard","meta":{"footnotes":""},"categories":[12],"tags":[],"class_list":["post-3313","post","type-post","status-publish","format-standard","has-post-thumbnail","hentry","category-veteran"],"featured_image_urls":{"full":["https:\/\/veteran.az\/wp-content\/uploads\/2020\/01\/zaur-ehmedjjpg-1578140266.jpg",960,816,false],"thumbnail":["https:\/\/veteran.az\/wp-content\/uploads\/2020\/01\/zaur-ehmedjjpg-1578140266-150x150.jpg",150,150,true],"medium":["https:\/\/veteran.az\/wp-content\/uploads\/2020\/01\/zaur-ehmedjjpg-1578140266-300x255.jpg",300,255,true],"medium_large":["https:\/\/veteran.az\/wp-content\/uploads\/2020\/01\/zaur-ehmedjjpg-1578140266-768x653.jpg",640,544,true],"large":["https:\/\/veteran.az\/wp-content\/uploads\/2020\/01\/zaur-ehmedjjpg-1578140266.jpg",640,544,false],"1536x1536":["https:\/\/veteran.az\/wp-content\/uploads\/2020\/01\/zaur-ehmedjjpg-1578140266.jpg",960,816,false],"2048x2048":["https:\/\/veteran.az\/wp-content\/uploads\/2020\/01\/zaur-ehmedjjpg-1578140266.jpg",960,816,false],"covernews-slider-full":["https:\/\/veteran.az\/wp-content\/uploads\/2020\/01\/zaur-ehmedjjpg-1578140266.jpg",841,715,false],"covernews-slider-center":["https:\/\/veteran.az\/wp-content\/uploads\/2020\/01\/zaur-ehmedjjpg-1578140266-936x816.jpg",574,500,true],"covernews-featured":["https:\/\/veteran.az\/wp-content\/uploads\/2020\/01\/zaur-ehmedjjpg-1578140266.jpg",960,816,false],"covernews-medium":["https:\/\/veteran.az\/wp-content\/uploads\/2020\/01\/zaur-ehmedjjpg-1578140266-720x380.jpg",540,285,true],"covernews-medium-square":["https:\/\/veteran.az\/wp-content\/uploads\/2020\/01\/zaur-ehmedjjpg-1578140266-675x450.jpg",375,250,true]},"author_info":{"display_name":"Veteran.az","author_link":"https:\/\/veteran.az\/?author=3"},"category_info":"<a href=\"https:\/\/veteran.az\/?cat=12\" rel=\"category\">Veteran d\u00fcnyas\u0131<\/a>","tag_info":"Veteran d\u00fcnyas\u0131","comment_count":"0","_links":{"self":[{"href":"https:\/\/veteran.az\/index.php?rest_route=\/wp\/v2\/posts\/3313","targetHints":{"allow":["GET"]}}],"collection":[{"href":"https:\/\/veteran.az\/index.php?rest_route=\/wp\/v2\/posts"}],"about":[{"href":"https:\/\/veteran.az\/index.php?rest_route=\/wp\/v2\/types\/post"}],"author":[{"embeddable":true,"href":"https:\/\/veteran.az\/index.php?rest_route=\/wp\/v2\/users\/3"}],"replies":[{"embeddable":true,"href":"https:\/\/veteran.az\/index.php?rest_route=%2Fwp%2Fv2%2Fcomments&post=3313"}],"version-history":[{"count":1,"href":"https:\/\/veteran.az\/index.php?rest_route=\/wp\/v2\/posts\/3313\/revisions"}],"predecessor-version":[{"id":3315,"href":"https:\/\/veteran.az\/index.php?rest_route=\/wp\/v2\/posts\/3313\/revisions\/3315"}],"wp:featuredmedia":[{"embeddable":true,"href":"https:\/\/veteran.az\/index.php?rest_route=\/wp\/v2\/media\/3314"}],"wp:attachment":[{"href":"https:\/\/veteran.az\/index.php?rest_route=%2Fwp%2Fv2%2Fmedia&parent=3313"}],"wp:term":[{"taxonomy":"category","embeddable":true,"href":"https:\/\/veteran.az\/index.php?rest_route=%2Fwp%2Fv2%2Fcategories&post=3313"},{"taxonomy":"post_tag","embeddable":true,"href":"https:\/\/veteran.az\/index.php?rest_route=%2Fwp%2Fv2%2Ftags&post=3313"}],"curies":[{"name":"wp","href":"https:\/\/api.w.org\/{rel}","templated":true}]}}