{"id":3292,"date":"2020-01-04T21:26:02","date_gmt":"2020-01-04T17:26:02","guid":{"rendered":"http:\/\/veteran.az\/?p=3292"},"modified":"2020-01-04T21:26:04","modified_gmt":"2020-01-04T17:26:04","slug":"erm%c9%99nistan-irana-x%c9%99yan%c9%99t-etdi-biz-d%c9%99-az%c9%99rbaycana-haqq-mubariz%c9%99sind%c9%99-d%c9%99st%c9%99k-verm%c9%99liyik-iranli-deputat","status":"publish","type":"post","link":"https:\/\/veteran.az\/?p=3292","title":{"rendered":"&#171;Erm\u0259nistan \u0130rana x\u0259yan\u0259t etdi, biz d\u0259 Az\u0259rbaycana haqq m\u00fcbariz\u0259sind\u0259 d\u0259st\u0259k verm\u0259liyik&#187; &#8212; \u0130ranl\u0131 deputat"},"content":{"rendered":"\n<p>\u0130ran parlamentinin xarici siyas\u0259t v\u0259 milli t\u0259hl\u00fck\u0259sizlik komissiyas\u0131n\u0131n \u00fczv\u00fc, deputat H\u00fcseyn N\u0259q\u0259vi H\u00fcseyni Erm\u0259nistan\u0131n ba\u015f naziri Nikol Pa\u015finyan\u0131n iranl\u0131 general Qas\u0131m S\u00fcleymaninin q\u0259tl\u0259 yetirilm\u0259si m\u00fcnasib\u0259til\u0259 AB\u015e Prezidenti Donald Tramp\u0131 t\u0259brik etm\u0259sin\u0259 k\u0259skin reaksiya verib.<\/p>\n\n\n\n<p>Milli.Az bildirir ki, demokrat.az&nbsp;\u0130ran medias\u0131na istinadla x\u0259b\u0259r verir ki, H\u00fcseyn N\u0259q\u0259vi H\u00fcseyni indiy\u0259d\u0259k \u00f6lk\u0259sinin Erm\u0259nistan\u0131n Az\u0259rbaycana qar\u015f\u0131 i\u015f\u011fal\u00e7\u0131l\u0131q siyas\u0259tin\u0259 g\u00f6z yummas\u0131n\u0131 da etiraf edib:<\/p>\n\n\n\n<p>&#171;Erm\u0259nistan r\u0259hb\u0259rliyinin \u015f\u0259hid Qas\u0131m S\u00fcleymanini &#171;terror\u00e7u&#187; adland\u0131rmas\u0131 r\u00fcsvay\u00e7\u0131l\u0131qd\u0131r. Erm\u0259nistan bu add\u0131m\u0131 il\u0259 \u00e7\u0259tin anlar\u0131nda daim onu d\u0259st\u0259kl\u0259y\u0259n \u0130ran\u0131n belin\u0259 x\u0259nc\u0259r sancm\u0131\u015f oldu. Erm\u0259nistan \u00f6z s\u0259hvini ba\u015fa d\u00fc\u015fm\u00fcrs\u0259, biz d\u0259 Az\u0259rbaycana i\u015f\u011fal alt\u0131nda olan torpaqlar\u0131n\u0131n azad olunmas\u0131 il\u0259 ba\u011fl\u0131 haqq m\u00fcbariz\u0259sind\u0259 d\u0259st\u0259k verm\u0259liyik. N\u0259hay\u0259t, dostumuzla d\u00fc\u015fm\u0259nl\u0259rimizi tan\u0131mal\u0131y\u0131q. \u0130ndiy\u0259d\u0259k \u0130ran bu d\u0259st\u0259yi yaln\u0131z Erm\u0259nistana g\u00f6st\u0259rib. Ancaq zaman g\u00f6st\u0259rdi ki, bu, s\u0259hv q\u0259rar olub. Erm\u0259nistan \u0130rana x\u0259yan\u0259t etm\u0259kl\u0259 \u00f6z t\u0259r\u0259fini se\u00e7di. Art\u0131q biz d\u0259 \u00f6z se\u00e7imimizi etm\u0259liyik&#8230;&#187;\/<strong>Milli.Az\/<\/strong><\/p>\n","protected":false},"excerpt":{"rendered":"<p>\u0130ran parlamentinin xarici siyas\u0259t v\u0259 milli t\u0259hl\u00fck\u0259sizlik komissiyas\u0131n\u0131n \u00fczv\u00fc, deputat H\u00fcseyn N\u0259q\u0259vi H\u00fcseyni Erm\u0259nistan\u0131n ba\u015f&#8230;<\/p>\n","protected":false},"author":3,"featured_media":0,"comment_status":"open","ping_status":"open","sticky":false,"template":"","format":"standard","meta":{"footnotes":""},"categories":[10],"tags":[],"class_list":["post-3292","post","type-post","status-publish","format-standard","hentry","category-avmvib"],"featured_image_urls":{"full":"","thumbnail":"","medium":"","medium_large":"","large":"","1536x1536":"","2048x2048":"","covernews-slider-full":"","covernews-slider-center":"","covernews-featured":"","covernews-medium":"","covernews-medium-square":""},"author_info":{"display_name":"Veteran.az","author_link":"https:\/\/veteran.az\/?author=3"},"category_info":"<a href=\"https:\/\/veteran.az\/?cat=10\" rel=\"category\">AVMV\u0130B<\/a>","tag_info":"AVMV\u0130B","comment_count":"0","_links":{"self":[{"href":"https:\/\/veteran.az\/index.php?rest_route=\/wp\/v2\/posts\/3292","targetHints":{"allow":["GET"]}}],"collection":[{"href":"https:\/\/veteran.az\/index.php?rest_route=\/wp\/v2\/posts"}],"about":[{"href":"https:\/\/veteran.az\/index.php?rest_route=\/wp\/v2\/types\/post"}],"author":[{"embeddable":true,"href":"https:\/\/veteran.az\/index.php?rest_route=\/wp\/v2\/users\/3"}],"replies":[{"embeddable":true,"href":"https:\/\/veteran.az\/index.php?rest_route=%2Fwp%2Fv2%2Fcomments&post=3292"}],"version-history":[{"count":1,"href":"https:\/\/veteran.az\/index.php?rest_route=\/wp\/v2\/posts\/3292\/revisions"}],"predecessor-version":[{"id":3294,"href":"https:\/\/veteran.az\/index.php?rest_route=\/wp\/v2\/posts\/3292\/revisions\/3294"}],"wp:attachment":[{"href":"https:\/\/veteran.az\/index.php?rest_route=%2Fwp%2Fv2%2Fmedia&parent=3292"}],"wp:term":[{"taxonomy":"category","embeddable":true,"href":"https:\/\/veteran.az\/index.php?rest_route=%2Fwp%2Fv2%2Fcategories&post=3292"},{"taxonomy":"post_tag","embeddable":true,"href":"https:\/\/veteran.az\/index.php?rest_route=%2Fwp%2Fv2%2Ftags&post=3292"}],"curies":[{"name":"wp","href":"https:\/\/api.w.org\/{rel}","templated":true}]}}