{"id":3283,"date":"2020-01-03T19:36:34","date_gmt":"2020-01-03T15:36:34","guid":{"rendered":"http:\/\/veteran.az\/?p=3283"},"modified":"2020-01-03T19:39:10","modified_gmt":"2020-01-03T15:39:10","slug":"iranda-3-gunluk-mat%c9%99m-suleymaninin-olduruldu","status":"publish","type":"post","link":"https:\/\/veteran.az\/?p=3283","title":{"rendered":"\u0130randa 3 g\u00fcnl\u00fck mat\u0259m: S\u00fcleymaninin \u00f6ld\u00fcr\u00fcld\u00fc"},"content":{"rendered":"\n<p>Donald Tramp general Qas\u0131m S\u00fcleymaninin \u00f6ld\u00fcr\u00fclm\u0259sind\u0259n sonra ilk d\u0259f\u0259 bu bar\u0259d\u0259 fikirl\u0259rini b\u0259yan edib.<\/p>\n\n\n\n<p>Bu bar\u0259d\u0259 x\u0259b\u0259ri \u201cCNNT\u00fcrk\u201d yay\u0131b.<\/p>\n\n\n\n<p>X\u0259b\u0259rd\u0259 bildirilir ki, AB\u015e Prezidenti \u201c\u0130ran he\u00e7 vaxt m\u00fcharib\u0259d\u0259 qalib g\u0259lm\u0259di, eyni zamanda, m\u00fczakir\u0259l\u0259rd\u0259 d\u0259 m\u0259\u011flub olmad\u0131\u201d, &#8212; deyib.<\/p>\n\n\n\n<p>Qeyd ed\u0259k ki, \u0130ran \u0130slam \u0130nqilab\u0131 Ke\u015fik\u00e7il\u04d9r Korpusunun (SEPAH) \u201c\u018fl Q\u00fcds\u201d x\u00fcsusi t\u0259yinatl\u0131 q\u00fcvv\u0259l\u0259rinin komandan\u0131 olmu\u015f general Qas\u0131m S\u00fcleymani yanvar\u0131n 3-d\u0259 AB\u015e h\u0259rbi q\u00fcvv\u0259l\u0259rinin Ba\u011fdadda endirdiyi aviaz\u0259rb\u0259l\u0259r n\u0259tic\u0259sind\u0259 \u00f6ld\u00fcr\u00fcl\u00fcb.<\/p>\n\n\n\n<h4 class=\"wp-block-heading\">\u0130ran general\u0131 Qas\u0131m S\u00fcleymaninin \u00f6ld\u00fcr\u00fclm\u0259si \u0130raqda \u0259halinin m\u00fc\u0259yy\u0259n k\u0259simi t\u0259r\u0259find\u0259n \u015fadyanal\u0131qla qar\u015f\u0131lan\u0131b. Az \u0259vv\u0259l AB\u015e-\u0131n d\u00f6vl\u0259t katibi Mayk Pompeo \u00f6z Tvitter hesab\u0131nda m\u0259lumat yaym\u0131\u015fd\u0131 ki, \u0130raq xalq\u0131 S\u00fcleymaninin \u00f6ld\u00fcr\u00fclm\u0259sini bayram edir.<\/h4>\n\n\n\n<p>Xat\u0131rladaq ki, \u0130ran \u0130slam \u0130nqilab\u0131 Ke\u015fik\u00e7il\u0259ri Korpusu Q\u00fcds Q\u00fcvv\u0259l\u0259rinin komandan\u0131 general-mayor Q.S\u00fclremani \u0130ran\u0131n \u0130raqda himay\u0259 etdiyi Xalq S\u0259f\u0259rb\u0259rlik Q\u00fcvv\u0259l\u0259rinin (XSQ) komandan m\u00fcavini \u018fbu Mehdi \u0259l-M\u00fch\u0259ndisl\u0259 g\u00f6r\u00fc\u015f\u00fc zaman\u0131 AB\u015e q\u00fcvv\u0259l\u0259rinin hava z\u0259rb\u0259si n\u0259tic\u0259sind\u0259 \u00f6ld\u00fcr\u00fcl\u00fcb.<strong>B<\/strong><\/p>\n\n\n\n<p><strong>\u018f<\/strong>vv\u0259lc\u0259 g\u00fcman edilirdi ki, AB\u015e-\u0131n h\u0259d\u0259fi \u0259l-M\u00fch\u0259ndis olub v\u0259 \u0130ran general\u0131 t\u0259sad\u00fcf\u0259n h\u0259lak olub. Amma AB\u015e M\u00fcdafi\u0259 Nazirliyinin son a\u00e7\u0131qlamas\u0131 \u0259slind\u0259 \u0259sas h\u0259d\u0259fin el\u0259 S\u00fcleymani oldu\u011funu t\u0259sdiql\u0259yib.<\/p>\n\n\n\n<figure class=\"wp-block-image\"><img decoding=\"async\" src=\"http:\/\/www.bizimyol.info\/az\/wp-content\/uploads\/2018\/11\/14836991-e1542398321552.jpg.optimal-e1570772098451.jpg\" alt=\"Donald Tramp\"\/><\/figure>\n\n\n\n<p>&nbsp;Donald Tramp<\/p>\n\n\n\n<p>Pentaqonun a\u00e7\u0131qlamas\u0131nda is\u0259 bildirilir ki, S\u00fcleymani v\u0259 \u0259l-M\u00fch\u0259ndisi h\u0259d\u0259f\u0259 alan hava h\u00fccumunun \u0259mrini \u015f\u0259xs\u0259n Donald Tramp \u00f6z\u00fc verib. H\u00fccumun m\u0259qs\u0259di AB\u015e q\u00fcvv\u0259l\u0259rin\u0259 qar\u015f\u0131 t\u0259hl\u00fck\u0259nin \u00f6nl\u0259nm\u0259si olub. G\u00fcman edilir ki, g\u00f6r\u00fc\u015f zaman\u0131 koalisiya q\u00fcvv\u0259l\u0259rin\u0259 qar\u015f\u0131 yeni h\u00fccumlar\u0131n planlar\u0131 m\u00fczakir\u0259 edilirmi\u015f. S\u00fcleymani \u0130ran\u0131n \u0130raqdak\u0131 \u0259n q\u00fcdr\u0259tli adam\u0131 hesab edilirdi.<\/p>\n\n\n\n<p>S\u00fcleymani v\u0259 \u0259l-M\u00fch\u0259ndis AB\u015e v\u0259 koalisiya \u00f6lk\u0259l\u0259rinin \u0130raqdak\u0131 bazalar\u0131na qar\u015f\u0131 h\u00fccumlar\u0131n t\u0259\u015fkilat\u00e7\u0131lar\u0131 kimi tan\u0131n\u0131rlar. H\u00fccumlar zaman\u0131 koalisiya q\u00fcvv\u0259l\u0259ri il\u0259 yana\u015f\u0131 \u0130raq h\u0259rbi q\u00fcvv\u0259l\u0259rinin \u00fczvl\u0259ri d\u0259 h\u0259yatlar\u0131n\u0131 itiribl\u0259r.<\/p>\n\n\n\n<p>Sosial \u015f\u0259b\u0259k\u0259l\u0259rd\u0259 is\u0259 \u0130raqda insanlar\u0131n \u0130ran general\u0131n\u0131n q\u0259tlini bayram etm\u0259si g\u00f6r\u00fcnt\u00fcl\u0259ri yay\u0131l\u0131b.\u00a0<\/p>\n\n\n\n<p>***<\/p>\n\n\n\n<p>Rusiya X\u0130N-in r\u0259smi n\u00fcmay\u0259nd\u0259si Mariya Zaxarova \u018fl-Q\u00fcds x\u00fcsusi t\u0259yinatl\u0131 komandiri, general Qas\u0131m S\u00fcleymaninin qanuni \u0259sas olmadan \u00f6ld\u00fcr\u00fclm\u0259sini yeni reall\u0131q adland\u0131r\u0131b.<\/p>\n\n\n\n<p>REN TV-nin x\u0259b\u0259rin\u0259 g\u00f6r\u0259, o&nbsp;qeyd edib ki, AB\u015e z\u0259rb\u0259si n\u0259tic\u0259sind\u0259 BMT \u00fczv\u00fc olan \u00f6lk\u0259nin m\u0259murunun he\u00e7 bir qanuni \u0259sas olmadan m\u0259hv edilm\u0259sinin m\u00fcmk\u00fcnl\u00fcy\u00fc yeni bir reall\u0131qd\u0131r.<\/p>\n\n\n\n<p>\u201cQeyd etm\u0259liy\u0259m ki, bu g\u00fcn, \u015f\u00fcbh\u0259siz ki, biz yeni bir reall\u0131\u011f\u0131n t\u0259zah\u00fcr\u00fc il\u0259 qar\u015f\u0131la\u015f\u0131r\u0131q.<\/p>\n\n\n\n<p>Suveren bir d\u00f6vl\u0259tin n\u00fcmay\u0259nd\u0259si olan m\u0259mur&nbsp;he\u00e7 bir qanuni \u0259saslarla \u0259laq\u0259l\u0259ndirm\u0259d\u0259n m\u0259hv edilir\u201d, &#8212; dey\u0259 o bildirib.<\/p>\n\n\n\n<p>Xat\u0131rladaq ki, general S\u00fcleymani Az\u0259rbaycan \u0259sillidir.<\/p>\n\n\n\n<figure class=\"wp-block-embed-youtube wp-block-embed is-type-video is-provider-youtube wp-embed-aspect-16-9 wp-has-aspect-ratio\"><div class=\"wp-block-embed__wrapper\">\n<iframe loading=\"lazy\" title=\"Iraq: Protesters celebrate as head of Iran&#039;s Quds force General Soleimani killed in US airstrike\" width=\"640\" height=\"360\" src=\"https:\/\/www.youtube.com\/embed\/TzJLKBvTfH8?feature=oembed\" frameborder=\"0\" allow=\"accelerometer; autoplay; clipboard-write; encrypted-media; gyroscope; picture-in-picture; web-share\" referrerpolicy=\"strict-origin-when-cross-origin\" allowfullscreen><\/iframe>\n<\/div><\/figure>\n","protected":false},"excerpt":{"rendered":"<p>Donald Tramp general Qas\u0131m S\u00fcleymaninin \u00f6ld\u00fcr\u00fclm\u0259sind\u0259n sonra ilk d\u0259f\u0259 bu bar\u0259d\u0259 fikirl\u0259rini b\u0259yan edib. Bu&#8230;<\/p>\n","protected":false},"author":3,"featured_media":0,"comment_status":"open","ping_status":"open","sticky":false,"template":"","format":"standard","meta":{"footnotes":""},"categories":[7],"tags":[],"class_list":["post-3283","post","type-post","status-publish","format-standard","hentry","category-dunya"],"featured_image_urls":{"full":"","thumbnail":"","medium":"","medium_large":"","large":"","1536x1536":"","2048x2048":"","covernews-slider-full":"","covernews-slider-center":"","covernews-featured":"","covernews-medium":"","covernews-medium-square":""},"author_info":{"display_name":"Veteran.az","author_link":"https:\/\/veteran.az\/?author=3"},"category_info":"<a href=\"https:\/\/veteran.az\/?cat=7\" rel=\"category\">D\u00fcnya<\/a>","tag_info":"D\u00fcnya","comment_count":"0","_links":{"self":[{"href":"https:\/\/veteran.az\/index.php?rest_route=\/wp\/v2\/posts\/3283","targetHints":{"allow":["GET"]}}],"collection":[{"href":"https:\/\/veteran.az\/index.php?rest_route=\/wp\/v2\/posts"}],"about":[{"href":"https:\/\/veteran.az\/index.php?rest_route=\/wp\/v2\/types\/post"}],"author":[{"embeddable":true,"href":"https:\/\/veteran.az\/index.php?rest_route=\/wp\/v2\/users\/3"}],"replies":[{"embeddable":true,"href":"https:\/\/veteran.az\/index.php?rest_route=%2Fwp%2Fv2%2Fcomments&post=3283"}],"version-history":[{"count":2,"href":"https:\/\/veteran.az\/index.php?rest_route=\/wp\/v2\/posts\/3283\/revisions"}],"predecessor-version":[{"id":3286,"href":"https:\/\/veteran.az\/index.php?rest_route=\/wp\/v2\/posts\/3283\/revisions\/3286"}],"wp:attachment":[{"href":"https:\/\/veteran.az\/index.php?rest_route=%2Fwp%2Fv2%2Fmedia&parent=3283"}],"wp:term":[{"taxonomy":"category","embeddable":true,"href":"https:\/\/veteran.az\/index.php?rest_route=%2Fwp%2Fv2%2Fcategories&post=3283"},{"taxonomy":"post_tag","embeddable":true,"href":"https:\/\/veteran.az\/index.php?rest_route=%2Fwp%2Fv2%2Ftags&post=3283"}],"curies":[{"name":"wp","href":"https:\/\/api.w.org\/{rel}","templated":true}]}}