{"id":3264,"date":"2020-01-02T00:31:39","date_gmt":"2020-01-01T20:31:39","guid":{"rendered":"http:\/\/veteran.az\/?p=3264"},"modified":"2020-01-02T00:31:42","modified_gmt":"2020-01-01T20:31:42","slug":"erm%c9%99nil%c9%99r-turk-kisil%c9%99rini-v%c9%99hsic%c9%99sin%c9%99-q%c9%99tl%c9%99-yetirdil%c9%99r-v%c9%99-ol%c9%99n%c9%99-q%c9%99d%c9%99r-akdamar-kils%c9%99sind%c9%99-qadinlara-t%c9%99cavuz-etdil","status":"publish","type":"post","link":"https:\/\/veteran.az\/?p=3264","title":{"rendered":"Erm\u0259nil\u0259r t\u00fcrk ki\u015fil\u0259rini v\u0259h\u015fic\u0259sin\u0259 q\u0259tl\u0259 yetirdil\u0259r v\u0259 \u00f6l\u0259n\u0259 q\u0259d\u0259r Akdamar kils\u0259sind\u0259 qad\u0131nlara t\u0259cav\u00fcz etdil\u0259r!"},"content":{"rendered":"\n<p>Erm\u0259ni Soyq\u0131r\u0131m\u0131 bir imperialist yalan\u0131d\u0131r. A\u00e7\u0131q bir uydurmad\u0131r.<\/p>\n\n\n\n<p>Ancaq erm\u0259nil\u0259rin o vaxt t\u00f6r\u0259tdikl\u0259ri v\u0259h\u015filik v\u0259 t\u0259cav\u00fcz bir h\u0259qiq\u0259tdir.<\/p>\n\n\n\n<p>M\u0259s\u0259l\u0259n, \u00e7oxunuz bilmirsiniz, m\u0259n sad\u0259c\u0259 \u00f6yr\u0259ndim v\u0259 payla\u015fma\u011f\u0131n z\u0259ruriliyini hiss etdim.<\/p>\n\n\n\n<p>Komanda yolda\u015flar\u0131mla \u015f\u0259xs\u0259n Vana ged\u0259n kimi, Milli Atlet olaraq, Van g\u00f6l\u00fcnd\u0259ki Akdamar adas\u0131nda \u00fczm\u0259k v\u0259 q\u0131\u015f g\u00fcn\u00fcnd\u0259 \u00e7ox soyuq suda \u00fczm\u0259kl\u0259 bu hadis\u0259y\u0259 diqq\u0259ti c\u0259lb ed\u0259c\u0259k bir t\u0259dbir planla\u015fd\u0131r\u0131rd\u0131q.<\/p>\n\n\n\n<p>T\u0259cav\u00fcz adas\u0131 haqq\u0131nda e\u015fitmisinizmi?!<\/p>\n\n\n\n<p>Birinci D\u00fcnya M\u00fcharib\u0259si ill\u0259rind\u0259, Van\u0131n Zeve k\u0259ndind\u0259ki b\u00fct\u00fcn insanlar, qad\u0131nlar, u\u015faqlar v\u0259 ya ya\u015fl\u0131lar dem\u0259d\u0259n erm\u0259nil\u0259r t\u0259r\u0259find\u0259n \u00f6ld\u00fcr\u00fclm\u00fc\u015fd\u00fc. Bununla kifay\u0259tl\u0259nm\u0259y\u0259n erm\u0259nil\u0259r kollektiv \u015f\u0259kild\u0259 qad\u0131nlara t\u0259cav\u00fcz etdil\u0259r v\u0259 mal v\u0259 zin\u0259t \u0259\u015fyalar\u0131n\u0131 m\u00fcsadir\u0259 etdil\u0259r. Rusiya m\u00fcharib\u0259d\u0259n \u00e7\u0131xark\u0259n b\u00fct\u00fcn silah v\u0259 sursatlar\u0131n\u0131 erm\u0259nil\u0259r\u0259 buraxm\u0131\u015fd\u0131lar. Silahl\u0131 erm\u0259ni d\u0259st\u0259l\u0259ri \u015e\u0259rqi Anadolunu qan g\u00f6l\u00fcn\u0259 \u00e7evirdi. Van\u0131n bu q\u0131r\u011f\u0131nlarda pay\u0131 var idi.<\/p>\n\n\n\n<p>G\u00f6l q\u0131rm\u0131z\u0131 qana boyanm\u0131\u015fd\u0131<\/p>\n\n\n\n<p>\u015e\u0259h\u0259r\u0259 gir\u0259n erm\u0259nil\u0259r onlara qar\u015f\u0131 g\u0259l\u0259nl\u0259rin ham\u0131s\u0131n\u0131 g\u00fcll\u0259l\u0259dil\u0259r. Ba\u015f g\u00f6t\u00fcr\u00fcb qa\u00e7an silahs\u0131z k\u0259ndlil\u0259r, Van g\u00f6l\u00fcn\u0259 do\u011fru qa\u00e7ma\u011fa ba\u015flad\u0131lar. Bu anda Van il\u0259 Akdamar adas\u0131 aras\u0131nda da\u015f\u0131ma b\u0259r\u0259l\u0259ri imdadlar\u0131na yeti\u015fdi. \u00c7ar\u0259siz insanlar varl\u0131 erm\u0259nil\u0259r\u0259 m\u0259xsus b\u0259r\u0259l\u0259r\u0259 dolu\u015fdular. \u018fsl q\u0131r\u011f\u0131n burada ba\u015f verdi. B\u0259r\u0259 g\u00f6l\u00fcn ortas\u0131na \u00e7atanda erm\u0259nil\u0259r t\u00fcrk ki\u015fil\u0259rini v\u0259h\u015fic\u0259sin\u0259 q\u0131raraq c\u0259s\u0259dl\u0259rini suya atd\u0131lar. Qad\u0131nlar Akdamara apar\u0131ld\u0131 v\u0259 \u00f6l\u00fcnc\u0259y\u0259 q\u0259d\u0259r erm\u0259nil\u0259r t\u0259r\u0259find\u0259n t\u0259cav\u00fcz\u0259 m\u0259ruz qald\u0131lar.<\/p>\n\n\n\n<p>Bu s\u0259b\u0259bd\u0259n d\u0259 Akdamar adas\u0131n\u0131n ad tarix\u0259 t\u0259cav\u00fcz adas\u0131 olaraq ke\u00e7ib&#8230;<\/p>\n\n\n\n<p>Erm\u0259ni soyq\u0131r\u0131m\u0131 yoxdur, \u0259ksin\u0259, erm\u0259nil\u0259rin t\u00f6r\u0259tdiyi q\u0131r\u011f\u0131nlar v\u0259 t\u0259cav\u00fczl\u0259r var.<\/p>\n\n\n\n<p>Erm\u0259ni z\u00fclm\u00fc n\u0259tic\u0259sind\u0259 \u00f6ld\u00fcr\u00fcl\u0259n v\u0259 t\u0259cav\u00fcz\u0259 m\u0259ruz qalmamaq \u00fc\u00e7\u00fcn intihar ed\u0259n 50 g\u0259nc q\u0131z var, Van g\u00f6l\u00fcn\u00fcn tarixind\u0259.<\/p>\n\n\n\n<p>Ruhlar \u015fad olsun.<\/p>\n\n\n\n<p>Ar olsun, erm\u0259ni soyq\u0131r\u0131m\u0131n\u0131 uyduranlara.<\/p>\n\n\n\n<p>Tarix s\u00fcbut edir ki, erm\u0259nil\u0259r v\u0259h\u015filikl\u0259r t\u00f6r\u0259tm\u0259kd\u0259 v\u0259 yand\u0131rmaqda \u00e7ox ustad\u0131rlar.<\/p>\n\n\n\n<p>1880-1915-ci ill\u0259rd\u0259 onlar 35 \u015f\u0259h\u0259ri yand\u0131rd\u0131lar v\u0259 \u0259n \u00e7ox yand\u0131rd\u0131qlar\u0131 \u015f\u0259h\u0259r is\u0259 VAN olub.<\/p>\n\n\n\n<p>\u0130ll\u0259rdir diasporan\u0131n yalanlar\u0131na uyan d\u00fcnya erm\u0259ni soyq\u0131r\u0131m\u0131 yalanlar\u0131 haqq\u0131nda e\u015fitdiyin\u0259 inand\u0131, amma indi h\u0259r k\u0259s qorxmadan h\u0259qiq\u0259ti ifad\u0259 etm\u0259lidir &#8230;<\/p>\n\n\n\n<p>Sosial media s\u0259sl\u0259rimizi beyn\u0259lxalq platformalarda e\u015fitdirm\u0259yin \u0259n t\u0259sirli yoludur. M\u00fcmk\u00fcn q\u0259d\u0259r payla\u015fmal\u0131 v\u0259 yaymal\u0131y\u0131q.<\/p>\n\n\n\n<p>Dostlar, xahi\u015f edir\u0259m ki, sosial mediadak\u0131 s\u0259hif\u0259l\u0259rd\u0259 v\u0259 qruplarda payla\u015f\u0131n. G\u00fcc\u00fcn\u00fcz\u00fc sosial mediada istifad\u0259 edin v\u0259 erm\u0259ni diasporunun \u0259sl simas\u0131n\u0131 d\u00fc\u015fm\u0259n\u0259 bir daha g\u00f6st\u0259r\u0259k&#8230;<\/p>\n\n\n\n<p>Alper Suna\u00e7o\u011flu<br>Milli Rekortmen Sporcu<\/p>\n\n\n\n<figure class=\"wp-block-image\"><img decoding=\"async\" src=\"http:\/\/veteran.az\/wp-content\/uploads\/2020\/01\/81043127_893909274357630_4801007304956706816_o.png\" alt=\"\" class=\"wp-image-3266\"\/><\/figure>\n\n\n\n<figure class=\"wp-block-image\"><img decoding=\"async\" src=\"http:\/\/veteran.az\/wp-content\/uploads\/2020\/01\/81225624_893906294357928_7013870091892686848_n.png\" alt=\"\" class=\"wp-image-3267\"\/><\/figure>\n","protected":false},"excerpt":{"rendered":"<p>Erm\u0259ni Soyq\u0131r\u0131m\u0131 bir imperialist yalan\u0131d\u0131r. A\u00e7\u0131q bir uydurmad\u0131r. Ancaq erm\u0259nil\u0259rin o vaxt t\u00f6r\u0259tdikl\u0259ri v\u0259h\u015filik v\u0259&#8230;<\/p>\n","protected":false},"author":3,"featured_media":0,"comment_status":"open","ping_status":"open","sticky":false,"template":"","format":"standard","meta":{"footnotes":""},"categories":[10],"tags":[],"class_list":["post-3264","post","type-post","status-publish","format-standard","hentry","category-avmvib"],"featured_image_urls":{"full":"","thumbnail":"","medium":"","medium_large":"","large":"","1536x1536":"","2048x2048":"","covernews-slider-full":"","covernews-slider-center":"","covernews-featured":"","covernews-medium":"","covernews-medium-square":""},"author_info":{"display_name":"Veteran.az","author_link":"https:\/\/veteran.az\/?author=3"},"category_info":"<a href=\"https:\/\/veteran.az\/?cat=10\" rel=\"category\">AVMV\u0130B<\/a>","tag_info":"AVMV\u0130B","comment_count":"0","_links":{"self":[{"href":"https:\/\/veteran.az\/index.php?rest_route=\/wp\/v2\/posts\/3264","targetHints":{"allow":["GET"]}}],"collection":[{"href":"https:\/\/veteran.az\/index.php?rest_route=\/wp\/v2\/posts"}],"about":[{"href":"https:\/\/veteran.az\/index.php?rest_route=\/wp\/v2\/types\/post"}],"author":[{"embeddable":true,"href":"https:\/\/veteran.az\/index.php?rest_route=\/wp\/v2\/users\/3"}],"replies":[{"embeddable":true,"href":"https:\/\/veteran.az\/index.php?rest_route=%2Fwp%2Fv2%2Fcomments&post=3264"}],"version-history":[{"count":1,"href":"https:\/\/veteran.az\/index.php?rest_route=\/wp\/v2\/posts\/3264\/revisions"}],"predecessor-version":[{"id":3268,"href":"https:\/\/veteran.az\/index.php?rest_route=\/wp\/v2\/posts\/3264\/revisions\/3268"}],"wp:attachment":[{"href":"https:\/\/veteran.az\/index.php?rest_route=%2Fwp%2Fv2%2Fmedia&parent=3264"}],"wp:term":[{"taxonomy":"category","embeddable":true,"href":"https:\/\/veteran.az\/index.php?rest_route=%2Fwp%2Fv2%2Fcategories&post=3264"},{"taxonomy":"post_tag","embeddable":true,"href":"https:\/\/veteran.az\/index.php?rest_route=%2Fwp%2Fv2%2Ftags&post=3264"}],"curies":[{"name":"wp","href":"https:\/\/api.w.org\/{rel}","templated":true}]}}