{"id":3206,"date":"2019-12-30T02:42:43","date_gmt":"2019-12-29T22:42:43","guid":{"rendered":"http:\/\/veteran.az\/?p=3206"},"modified":"2019-12-30T02:42:45","modified_gmt":"2019-12-29T22:42:45","slug":"zelenski-%c9%99sirl%c9%99ri-hava-limaninda-qarsiladi","status":"publish","type":"post","link":"https:\/\/veteran.az\/?p=3206","title":{"rendered":"Zelenski \u0259sirl\u0259ri hava liman\u0131nda qar\u015f\u0131lad\u0131"},"content":{"rendered":"\n<p><strong>Ukrayna Prezidenti Vladimir Zelenski bu g\u00fcn Donetsk v\u0259 Luqansk separat\u00e7\u0131lar\u0131 aras\u0131nda d\u0259yi\u015fdiril\u0259n \u0259sirl\u0259ri aeroportda qar\u015f\u0131lay\u0131b.<\/strong><\/p>\n\n\n\n<p><a target=\"_blank\" href=\"http:\/\/teleqraf.com\/\" rel=\"noreferrer noopener\">Teleqraf.com<\/a>&nbsp;x\u0259b\u0259r verir ki, \u00f6lk\u0259 ba\u015f\u00e7\u0131s\u0131 &#171;Borispol&#187; hava liman\u0131nda t\u0259yyar\u0259d\u0259n d\u00fc\u015f\u0259n h\u0259r k\u0259sl\u0259 qucaqla\u015f\u0131b.<\/p>\n\n\n\n<p>Zelenski \u0259sirl\u0259rin m\u00fcbadil\u0259sini asanla\u015fd\u0131rd\u0131\u011f\u0131na g\u00f6r\u0259 &#171;Norman D\u00f6rdl\u00fcy\u00fc&#187; liderl\u0259rin\u0259 t\u0259\u015f\u0259kk\u00fcr edib. O, 81 ukraynal\u0131n\u0131n m\u00fcbadil\u0259sin\u0259 nail olduqlar\u0131n\u0131 deyib. Prezident onlardan 76-n\u0131n Kiyev\u0259 qay\u0131td\u0131\u011f\u0131n\u0131, 6 n\u0259f\u0259rin is\u0259 il\u0259l\u0259ri Donbasda oldu\u011fu \u00fc\u00e7\u00fcn orada qald\u0131\u011f\u0131n\u0131 s\u00f6yl\u0259yib.<\/p>\n\n\n\n<p>Qeyd ed\u0259k ki, dekabr\u0131n 29-da Qorlovka \u015f\u0259h\u0259rind\u0259 Ukrayna il\u0259 Donetsk v\u0259 Luqansk separat\u00e7\u0131lar\u0131 aras\u0131nda son iki il \u0259rzind\u0259ki ilk \u0259sir d\u0259yi\u015fdirilm\u0259si prosesi ba\u015f tutub.\/Teleqraf.com\/<\/p>\n\n\n\n<figure><iframe loading=\"lazy\" allowfullscreen=\"\" height=\"480\" src=\"https:\/\/www.youtube.com\/embed\/PHb258X22xk\" width=\"640\"><\/iframe><\/figure>\n","protected":false},"excerpt":{"rendered":"<p>Ukrayna Prezidenti Vladimir Zelenski bu g\u00fcn Donetsk v\u0259 Luqansk separat\u00e7\u0131lar\u0131 aras\u0131nda d\u0259yi\u015fdiril\u0259n \u0259sirl\u0259ri aeroportda qar\u015f\u0131lay\u0131b&#8230;.<\/p>\n","protected":false},"author":3,"featured_media":3207,"comment_status":"open","ping_status":"open","sticky":false,"template":"","format":"standard","meta":{"footnotes":""},"categories":[7],"tags":[],"class_list":["post-3206","post","type-post","status-publish","format-standard","has-post-thumbnail","hentry","category-dunya"],"featured_image_urls":{"full":["https:\/\/veteran.az\/wp-content\/uploads\/2019\/12\/zelenskiden.jpg",670,450,false],"thumbnail":["https:\/\/veteran.az\/wp-content\/uploads\/2019\/12\/zelenskiden-150x150.jpg",150,150,true],"medium":["https:\/\/veteran.az\/wp-content\/uploads\/2019\/12\/zelenskiden-300x201.jpg",300,201,true],"medium_large":["https:\/\/veteran.az\/wp-content\/uploads\/2019\/12\/zelenskiden.jpg",640,430,false],"large":["https:\/\/veteran.az\/wp-content\/uploads\/2019\/12\/zelenskiden.jpg",640,430,false],"1536x1536":["https:\/\/veteran.az\/wp-content\/uploads\/2019\/12\/zelenskiden.jpg",670,450,false],"2048x2048":["https:\/\/veteran.az\/wp-content\/uploads\/2019\/12\/zelenskiden.jpg",670,450,false],"covernews-slider-full":["https:\/\/veteran.az\/wp-content\/uploads\/2019\/12\/zelenskiden.jpg",670,450,false],"covernews-slider-center":["https:\/\/veteran.az\/wp-content\/uploads\/2019\/12\/zelenskiden.jpg",670,450,false],"covernews-featured":["https:\/\/veteran.az\/wp-content\/uploads\/2019\/12\/zelenskiden.jpg",670,450,false],"covernews-medium":["https:\/\/veteran.az\/wp-content\/uploads\/2019\/12\/zelenskiden-670x380.jpg",540,306,true],"covernews-medium-square":["https:\/\/veteran.az\/wp-content\/uploads\/2019\/12\/zelenskiden-670x450.jpg",372,250,true]},"author_info":{"display_name":"Veteran.az","author_link":"https:\/\/veteran.az\/?author=3"},"category_info":"<a href=\"https:\/\/veteran.az\/?cat=7\" rel=\"category\">D\u00fcnya<\/a>","tag_info":"D\u00fcnya","comment_count":"0","_links":{"self":[{"href":"https:\/\/veteran.az\/index.php?rest_route=\/wp\/v2\/posts\/3206","targetHints":{"allow":["GET"]}}],"collection":[{"href":"https:\/\/veteran.az\/index.php?rest_route=\/wp\/v2\/posts"}],"about":[{"href":"https:\/\/veteran.az\/index.php?rest_route=\/wp\/v2\/types\/post"}],"author":[{"embeddable":true,"href":"https:\/\/veteran.az\/index.php?rest_route=\/wp\/v2\/users\/3"}],"replies":[{"embeddable":true,"href":"https:\/\/veteran.az\/index.php?rest_route=%2Fwp%2Fv2%2Fcomments&post=3206"}],"version-history":[{"count":1,"href":"https:\/\/veteran.az\/index.php?rest_route=\/wp\/v2\/posts\/3206\/revisions"}],"predecessor-version":[{"id":3208,"href":"https:\/\/veteran.az\/index.php?rest_route=\/wp\/v2\/posts\/3206\/revisions\/3208"}],"wp:featuredmedia":[{"embeddable":true,"href":"https:\/\/veteran.az\/index.php?rest_route=\/wp\/v2\/media\/3207"}],"wp:attachment":[{"href":"https:\/\/veteran.az\/index.php?rest_route=%2Fwp%2Fv2%2Fmedia&parent=3206"}],"wp:term":[{"taxonomy":"category","embeddable":true,"href":"https:\/\/veteran.az\/index.php?rest_route=%2Fwp%2Fv2%2Fcategories&post=3206"},{"taxonomy":"post_tag","embeddable":true,"href":"https:\/\/veteran.az\/index.php?rest_route=%2Fwp%2Fv2%2Ftags&post=3206"}],"curies":[{"name":"wp","href":"https:\/\/api.w.org\/{rel}","templated":true}]}}