{"id":3022,"date":"2019-12-19T03:33:40","date_gmt":"2019-12-18T23:33:40","guid":{"rendered":"http:\/\/veteran.az\/?p=3022"},"modified":"2019-12-19T03:33:43","modified_gmt":"2019-12-18T23:33:43","slug":"qubernator-bakida-kecmis-usaqliq-ill%c9%99rind%c9%99n-danisdi","status":"publish","type":"post","link":"https:\/\/veteran.az\/?p=3022","title":{"rendered":"Qubernator Bak\u0131da ke\u00e7mi\u015f u\u015faql\u0131q ill\u0259rind\u0259n dan\u0131\u015fd\u0131"},"content":{"rendered":"\n<p><strong>Sankt-Peterburq qubernatoru Aleksandr Beqlov TASS agentliyin\u0259 m\u00fcsahib\u0259sind\u0259 ail\u0259sinin Az\u0259rbaycana nec\u0259 gedib \u00e7\u0131xmas\u0131, Bak\u0131da ke\u00e7mi\u015f u\u015faql\u0131q ill\u0259ri bar\u0259d\u0259 dan\u0131\u015f\u0131b.<\/strong><\/p>\n\n\n\n<p>O deyib: \u201cAz\u0259rbaycan bizim ail\u0259nin taleyind\u0259 x\u00fcsusi rol oynay\u0131b. Biz \u0259sl\u0259n Ryazandan\u0131q. Vaxtil\u0259 bizim n\u0259slin n\u00fcmay\u0259nd\u0259l\u0259rinin bir qismi Neva sahilind\u0259ki \u015f\u0259h\u0259ri in\u015fa edibl\u0259r, dig\u0259rl\u0259ri is\u0259 k\u0259ndd\u0259 qal\u0131b orada i\u015fl\u0259yibl\u0259r. M\u0259nim valideynl\u0259rim ikinci qism\u0259 aid olanlardand\u0131r. Bizim ki\u00e7ik k\u0259ndimiz Oqaryov\u0131 V\u0131selki adlan\u0131rd\u0131. Haz\u0131rda bu k\u0259nd Ryazan vilay\u0259tinin Sasovski rayonuna daxildir\u201d.<\/p>\n\n\n\n<p>Qubernatorun s\u00f6zl\u0259rin\u0259 g\u00f6r\u0259, 1941-ci il yay\u0131n \u0259vv\u0259lind\u0259 onun valideynl\u0259ri&nbsp;<a href=\"https:\/\/azvision.az\/tag\/Bak%C4%B1\">Bak\u0131<\/a>ya istirah\u0259t\u0259 gedibl\u0259r. A.Beqlov deyib: \u201c1941-ci ild\u0259 m\u0259n h\u0259l\u0259 d\u00fcnyaya g\u0259lm\u0259mi\u015fdim. Bu bar\u0259d\u0259 bildikl\u0259rimin ham\u0131s\u0131n\u0131 ya\u015f\u0131lardan e\u015fitmi\u015f\u0259m. Atamla birg\u0259 h\u0259rbi xidm\u0259t ke\u00e7mi\u015f dostlar\u0131 onu&nbsp;<a href=\"https:\/\/azvision.az\/tag\/X%C9%99z%C9%99r\">X\u0259z\u0259r<\/a>&nbsp;sahilin\u0259 qonaq \u00e7a\u011f\u0131r\u0131blar. Valideynl\u0259rim oraya \u00e7atandan az sonra m\u00fcharib\u0259 ba\u015flan\u0131b. Atam\u0131 d\u0259rhal c\u0259bh\u0259y\u0259 g\u00f6nd\u0259ribl\u0259r, anam is\u0259 iki ya\u015fl\u0131 o\u011flu v\u0259 d\u00f6rd ya\u015fl\u0131 q\u0131z\u0131 il\u0259 birlikd\u0259 yad \u015f\u0259h\u0259rd\u0259 t\u0259k qal\u0131b. Atam\u0131n dostlar\u0131 anama v\u0259 u\u015faqlara s\u0131\u011f\u0131nacaq v\u0259 bir tik\u0259 \u00e7\u00f6r\u0259k veribl\u0259r\u201d.<\/p>\n\n\n\n<p>Beqlovun atas\u0131 B\u00f6y\u00fck V\u0259t\u0259n M\u00fcharib\u0259si ba\u015fa \u00e7atana q\u0259d\u0259r c\u0259bh\u0259d\u0259 olub v\u0259 yaln\u0131z 1946-c\u0131 il \u0259r\u0259f\u0259sind\u0259&nbsp;<a href=\"https:\/\/azvision.az\/tag\/Bak%C4%B1\">Bak\u0131<\/a>ya qay\u0131d\u0131b. Onlar\u0131n ail\u0259si Az\u0259rbaycanda qalma\u011f\u0131 q\u0259rara al\u0131b. A.Beqlov&nbsp;<a href=\"https:\/\/azvision.az\/tag\/Bak%C4%B1\">Bak\u0131<\/a>da do\u011fulub. O, ail\u0259d\u0259 s\u0259kkizinci u\u015faq olub.<\/p>\n\n\n\n<p>A.Beqlov vur\u011fulay\u0131b ki,&nbsp;<a href=\"https:\/\/azvision.az\/tag\/Bak%C4%B1\">Bak\u0131<\/a>&nbsp;onun \u00fc\u00e7\u00fcn do\u011fma \u015f\u0259h\u0259rdir. O deyib: \u201cBu \u015f\u0259h\u0259ri h\u0259mi\u015f\u0259 \u00f6z\u00fcm \u00fc\u00e7\u00fcn do\u011fma saym\u0131\u015fam, indi d\u0259 he\u00e7 n\u0259 d\u0259yi\u015fm\u0259yib. M\u0259n&nbsp;<a href=\"https:\/\/azvision.az\/tag\/Bak%C4%B1\">Bak\u0131<\/a>da do\u011fulmu\u015fam, orada boya-ba\u015fa \u00e7atm\u0131\u015fam. Bizim h\u0259y\u0259td\u0259 yerli o\u011flanlarla dostluq edirdim, mill\u0259tl\u0259r aras\u0131nda he\u00e7 bir f\u0259rq g\u00f6rm\u00fcrd\u00fcm. He\u00e7 birimiz hans\u0131 dostumuzun hans\u0131 mill\u0259t\u0259 m\u0259nsub olmas\u0131 bar\u0259d\u0259 d\u00fc\u015f\u00fcnm\u00fcrd\u00fck. Ham\u0131m\u0131z bak\u0131l\u0131lar idik, birlikd\u0259 qa\u00e7\u0131r, oynay\u0131r, s\u00f6hb\u0259t edirdik. Evl\u0259rimizin qap\u0131lar\u0131 he\u00e7 vaxt ba\u011flanm\u0131rd\u0131.<\/p>\n\n\n\n<p>O vaxt ham\u0131 bel\u0259 ya\u015fay\u0131rd\u0131. Nec\u0259 dey\u0259rl\u0259r, t\u0259ki \u00fcr\u0259k geni\u015f olsun. Qon\u015fular\u0131n dala\u015fmas\u0131, bir-biri il\u0259 m\u00fcnasib\u0259tl\u0259ri ay\u0131rd etm\u0259si yad\u0131ma g\u0259lmir. \u0130nsanlar mehriban ya\u015fay\u0131r, bir-birin\u0259 k\u00f6m\u0259k edirdi\u201d. (<a href=\"https:\/\/azvision.az\/tag\/Az%C9%99rTAc\">Az\u0259rTAc<\/a>)<br><\/p>\n","protected":false},"excerpt":{"rendered":"<p>Sankt-Peterburq qubernatoru Aleksandr Beqlov TASS agentliyin\u0259 m\u00fcsahib\u0259sind\u0259 ail\u0259sinin Az\u0259rbaycana nec\u0259 gedib \u00e7\u0131xmas\u0131, Bak\u0131da ke\u00e7mi\u015f u\u015faql\u0131q&#8230;<\/p>\n","protected":false},"author":3,"featured_media":3023,"comment_status":"open","ping_status":"open","sticky":false,"template":"","format":"standard","meta":{"footnotes":""},"categories":[7],"tags":[],"class_list":["post-3022","post","type-post","status-publish","format-standard","has-post-thumbnail","hentry","category-dunya"],"featured_image_urls":{"full":["https:\/\/veteran.az\/wp-content\/uploads\/2019\/12\/15766-1576673219.jpg",700,497,false],"thumbnail":["https:\/\/veteran.az\/wp-content\/uploads\/2019\/12\/15766-1576673219-150x150.jpg",150,150,true],"medium":["https:\/\/veteran.az\/wp-content\/uploads\/2019\/12\/15766-1576673219-300x213.jpg",300,213,true],"medium_large":["https:\/\/veteran.az\/wp-content\/uploads\/2019\/12\/15766-1576673219.jpg",640,454,false],"large":["https:\/\/veteran.az\/wp-content\/uploads\/2019\/12\/15766-1576673219.jpg",640,454,false],"1536x1536":["https:\/\/veteran.az\/wp-content\/uploads\/2019\/12\/15766-1576673219.jpg",700,497,false],"2048x2048":["https:\/\/veteran.az\/wp-content\/uploads\/2019\/12\/15766-1576673219.jpg",700,497,false],"covernews-slider-full":["https:\/\/veteran.az\/wp-content\/uploads\/2019\/12\/15766-1576673219.jpg",700,497,false],"covernews-slider-center":["https:\/\/veteran.az\/wp-content\/uploads\/2019\/12\/15766-1576673219.jpg",700,497,false],"covernews-featured":["https:\/\/veteran.az\/wp-content\/uploads\/2019\/12\/15766-1576673219.jpg",700,497,false],"covernews-medium":["https:\/\/veteran.az\/wp-content\/uploads\/2019\/12\/15766-1576673219-700x380.jpg",540,293,true],"covernews-medium-square":["https:\/\/veteran.az\/wp-content\/uploads\/2019\/12\/15766-1576673219-675x450.jpg",375,250,true]},"author_info":{"display_name":"Veteran.az","author_link":"https:\/\/veteran.az\/?author=3"},"category_info":"<a href=\"https:\/\/veteran.az\/?cat=7\" rel=\"category\">D\u00fcnya<\/a>","tag_info":"D\u00fcnya","comment_count":"0","_links":{"self":[{"href":"https:\/\/veteran.az\/index.php?rest_route=\/wp\/v2\/posts\/3022","targetHints":{"allow":["GET"]}}],"collection":[{"href":"https:\/\/veteran.az\/index.php?rest_route=\/wp\/v2\/posts"}],"about":[{"href":"https:\/\/veteran.az\/index.php?rest_route=\/wp\/v2\/types\/post"}],"author":[{"embeddable":true,"href":"https:\/\/veteran.az\/index.php?rest_route=\/wp\/v2\/users\/3"}],"replies":[{"embeddable":true,"href":"https:\/\/veteran.az\/index.php?rest_route=%2Fwp%2Fv2%2Fcomments&post=3022"}],"version-history":[{"count":1,"href":"https:\/\/veteran.az\/index.php?rest_route=\/wp\/v2\/posts\/3022\/revisions"}],"predecessor-version":[{"id":3024,"href":"https:\/\/veteran.az\/index.php?rest_route=\/wp\/v2\/posts\/3022\/revisions\/3024"}],"wp:featuredmedia":[{"embeddable":true,"href":"https:\/\/veteran.az\/index.php?rest_route=\/wp\/v2\/media\/3023"}],"wp:attachment":[{"href":"https:\/\/veteran.az\/index.php?rest_route=%2Fwp%2Fv2%2Fmedia&parent=3022"}],"wp:term":[{"taxonomy":"category","embeddable":true,"href":"https:\/\/veteran.az\/index.php?rest_route=%2Fwp%2Fv2%2Fcategories&post=3022"},{"taxonomy":"post_tag","embeddable":true,"href":"https:\/\/veteran.az\/index.php?rest_route=%2Fwp%2Fv2%2Ftags&post=3022"}],"curies":[{"name":"wp","href":"https:\/\/api.w.org\/{rel}","templated":true}]}}