{"id":2934,"date":"2019-12-13T01:12:03","date_gmt":"2019-12-12T21:12:03","guid":{"rendered":"http:\/\/veteran.az\/?p=2934"},"modified":"2019-12-13T01:16:27","modified_gmt":"2019-12-12T21:16:27","slug":"bu-tarixi-unutmaq-olmaz-heyd%c9%99r-%c9%99liyevin-toyunda-istirak-etdiyi-qarabag-%c9%99lili-video","status":"publish","type":"post","link":"https:\/\/veteran.az\/?p=2934","title":{"rendered":"\u201cBu tarixi unutmaq olmaz\u201d &#8212; Heyd\u0259r \u018fliyevin toyunda i\u015ftirak etdiyi Qaraba\u011f \u0259lili &#8212; Video"},"content":{"rendered":"\n<p><strong>\u00dcmummilli Lider Heyd\u0259r \u018fliyevin &nbsp;1999-cu ild\u0259 toyunda i\u015ftirak etdiyi Tuqay Rzayev xatir\u0259l\u0259rini dan\u0131\u015f\u0131b.<\/strong><\/p>\n\n\n\n<p><strong>&#171;Yeni Sabah&#187;<\/strong>&nbsp;x\u0259b\u0259r verir ki, m\u0259cburi k\u00f6\u00e7k\u00fcn, Qaraba\u011f \u0259lili T.Rzayev<strong>&nbsp;u<\/strong>nikal.org-a bildirib ki, toy Bil\u0259suvar rayonu \u0259razisind\u0259ki \u00e7ad\u0131r d\u00fc\u015f\u0259rg\u0259sind\u0259 ke\u00e7irilib. Onun s\u00f6zl\u0259rin\u0259 g\u00f6r\u0259 h\u0259min g\u00fcn Novruz Bayram\u0131 \u0259r\u0259f\u0259sin\u0259 t\u0259sad\u00fcf edib:<\/p>\n\n\n\n<p>&#171;Mart\u0131n 19-u g\u00fcn\u00fc biz tezd\u0259n toy m\u0259rasimin\u0259 haz\u0131rla\u015f\u0131rd\u0131q. Dedil\u0259r ki, Heyd\u0259r \u018fliyev yoldad\u0131r, toyda i\u015ftirak etm\u0259y\u0259 g\u0259lir. Ulu \u00d6nd\u0259r zala daxil olanda ham\u0131 aya\u011fa qalxd\u0131. Onu qar\u015f\u0131lad\u0131lar, g\u00f6z\u0259l toy ke\u00e7di. Heyd\u0259r \u018fliyev \u00e7\u0131x\u0131\u015f\u0131nda dedi ki, birinci toydur ki, i\u015ftirak edir\u0259m. M\u0259clisd\u0259 anam S\u00fcleymani havas\u0131n\u0131 sifari\u015f el\u0259di. Ulu \u00d6nd\u0259rl\u0259 birlikd\u0259 ail\u0259mizl\u0259 r\u0259qs etdik. Bu tarixi he\u00e7 bir zaman unutmaq olmaz&#187;.<\/p>\n\n\n\n<figure><iframe loading=\"lazy\" width=\"100%\" height=\"430\" src=\"https:\/\/video.yenisabah.az\/embed.php?vid=4a5a08957\" allowfullscreen=\"\"><\/iframe><\/figure>\n\n\n\n<p><a href=\"https:\/\/yenisabah.az\/\">Yenisabah.az<\/a><ins><br><\/ins><\/p>\n\n\n\n<p><\/p>\n","protected":false},"excerpt":{"rendered":"<p>\u00dcmummilli Lider Heyd\u0259r \u018fliyevin &nbsp;1999-cu ild\u0259 toyunda i\u015ftirak etdiyi Tuqay Rzayev xatir\u0259l\u0259rini dan\u0131\u015f\u0131b. &#171;Yeni Sabah&#187;&nbsp;x\u0259b\u0259r&#8230;<\/p>\n","protected":false},"author":3,"featured_media":2936,"comment_status":"closed","ping_status":"closed","sticky":false,"template":"","format":"standard","meta":{"footnotes":""},"categories":[12],"tags":[],"class_list":["post-2934","post","type-post","status-publish","format-standard","has-post-thumbnail","hentry","category-veteran"],"featured_image_urls":{"full":["https:\/\/veteran.az\/wp-content\/uploads\/2019\/12\/image_660x441_5df276512d190.jpg",660,441,false],"thumbnail":["https:\/\/veteran.az\/wp-content\/uploads\/2019\/12\/image_660x441_5df276512d190-150x150.jpg",150,150,true],"medium":["https:\/\/veteran.az\/wp-content\/uploads\/2019\/12\/image_660x441_5df276512d190-300x200.jpg",300,200,true],"medium_large":["https:\/\/veteran.az\/wp-content\/uploads\/2019\/12\/image_660x441_5df276512d190.jpg",640,428,false],"large":["https:\/\/veteran.az\/wp-content\/uploads\/2019\/12\/image_660x441_5df276512d190.jpg",640,428,false],"1536x1536":["https:\/\/veteran.az\/wp-content\/uploads\/2019\/12\/image_660x441_5df276512d190.jpg",660,441,false],"2048x2048":["https:\/\/veteran.az\/wp-content\/uploads\/2019\/12\/image_660x441_5df276512d190.jpg",660,441,false],"covernews-slider-full":["https:\/\/veteran.az\/wp-content\/uploads\/2019\/12\/image_660x441_5df276512d190.jpg",660,441,false],"covernews-slider-center":["https:\/\/veteran.az\/wp-content\/uploads\/2019\/12\/image_660x441_5df276512d190.jpg",660,441,false],"covernews-featured":["https:\/\/veteran.az\/wp-content\/uploads\/2019\/12\/image_660x441_5df276512d190.jpg",660,441,false],"covernews-medium":["https:\/\/veteran.az\/wp-content\/uploads\/2019\/12\/image_660x441_5df276512d190-660x380.jpg",540,311,true],"covernews-medium-square":["https:\/\/veteran.az\/wp-content\/uploads\/2019\/12\/image_660x441_5df276512d190.jpg",374,250,false]},"author_info":{"display_name":"Veteran.az","author_link":"https:\/\/veteran.az\/?author=3"},"category_info":"<a href=\"https:\/\/veteran.az\/?cat=12\" rel=\"category\">Veteran d\u00fcnyas\u0131<\/a>","tag_info":"Veteran d\u00fcnyas\u0131","comment_count":"0","_links":{"self":[{"href":"https:\/\/veteran.az\/index.php?rest_route=\/wp\/v2\/posts\/2934","targetHints":{"allow":["GET"]}}],"collection":[{"href":"https:\/\/veteran.az\/index.php?rest_route=\/wp\/v2\/posts"}],"about":[{"href":"https:\/\/veteran.az\/index.php?rest_route=\/wp\/v2\/types\/post"}],"author":[{"embeddable":true,"href":"https:\/\/veteran.az\/index.php?rest_route=\/wp\/v2\/users\/3"}],"replies":[{"embeddable":true,"href":"https:\/\/veteran.az\/index.php?rest_route=%2Fwp%2Fv2%2Fcomments&post=2934"}],"version-history":[{"count":2,"href":"https:\/\/veteran.az\/index.php?rest_route=\/wp\/v2\/posts\/2934\/revisions"}],"predecessor-version":[{"id":2939,"href":"https:\/\/veteran.az\/index.php?rest_route=\/wp\/v2\/posts\/2934\/revisions\/2939"}],"wp:featuredmedia":[{"embeddable":true,"href":"https:\/\/veteran.az\/index.php?rest_route=\/wp\/v2\/media\/2936"}],"wp:attachment":[{"href":"https:\/\/veteran.az\/index.php?rest_route=%2Fwp%2Fv2%2Fmedia&parent=2934"}],"wp:term":[{"taxonomy":"category","embeddable":true,"href":"https:\/\/veteran.az\/index.php?rest_route=%2Fwp%2Fv2%2Fcategories&post=2934"},{"taxonomy":"post_tag","embeddable":true,"href":"https:\/\/veteran.az\/index.php?rest_route=%2Fwp%2Fv2%2Ftags&post=2934"}],"curies":[{"name":"wp","href":"https:\/\/api.w.org\/{rel}","templated":true}]}}