{"id":2885,"date":"2019-12-11T23:29:51","date_gmt":"2019-12-11T19:29:51","guid":{"rendered":"http:\/\/veteran.az\/?p=2885"},"modified":"2019-12-12T11:22:20","modified_gmt":"2019-12-12T07:22:20","slug":"veteranliq-statusu-ala-bilm%c9%99y%c9%99n-doyuscul%c9%99rin-etirazi-tanki-m%c9%99n%c9%99-d%c9%99d%c9%99m-alib-verm%c9%99misdi-video","status":"publish","type":"post","link":"https:\/\/veteran.az\/?p=2885","title":{"rendered":"Veteranl\u0131q statusu ala bilm\u0259y\u0259n d\u00f6y\u00fc\u015f\u00e7\u00fcl\u0259rin etiraz\u0131: \u201cTank\u0131 m\u0259n\u0259 d\u0259d\u0259m al\u0131b verm\u0259mi\u015fdi?\u201d (V\u0130DEO)"},"content":{"rendered":"\n<p><strong>Az\u0259rbaycanda saxta Qaraba\u011f m\u00fcharib\u0259si \u0259lill\u0259ri v\u0259 veteranlar\u0131n\u0131n \u00e7oxlu\u011fundan \u015fikay\u0259t edirik. H\u0259tta onlar\u0131n \u00fcz\u0259 \u00e7\u0131xar\u0131lmas\u0131 \u00fc\u00e7\u00fcn d\u00f6vl\u0259t qurumlar\u0131 da i\u015f g\u00f6r\u00fcr. M\u0259s\u0259l\u0259 ondad\u0131r ki, saxtalar\u0131 \u00fcz\u0259 \u00e7\u0131xarma\u011fa c\u0259hd edils\u0259 d\u0259, h\u0259qiq\u0259t\u0259n d\u00f6y\u00fc\u015fl\u0259rd\u0259 i\u015ftirak etmi\u015f, yaralanm\u0131\u015f \u015f\u0259xsl\u0259r var ki, veteranl\u0131q statusu ala bilmir.<\/strong><\/p>\n\n\n\n<p>Bir qrup ke\u00e7mi\u015f d\u00f6y\u00fc\u015f\u00e7\u00fc&nbsp;<a href=\"https:\/\/yenicag.az\/\">Yenicag.az<\/a>-a m\u00fcraci\u0259t ed\u0259r\u0259k, probleml\u0259rini dil\u0259 g\u0259tiribl\u0259r.<\/p>\n\n\n\n<p>Ke\u00e7mi\u015f 708 sayl\u0131 h\u0259rbi hiss\u0259nin tank taborunun \u015f\u0259xsi hey\u0259tinin bir hiss\u0259si arxivd\u0259 s\u0259n\u0259dl\u0259rinin olmamas\u0131ndan v\u0259 ad, soyad, x\u00fcsus\u0259n d\u0259 ata adlar\u0131ndak\u0131 h\u0259rf s\u0259hvl\u0259rin\u0259 g\u00f6r\u0259 veteranl\u0131q statusu ala bilm\u0259m\u0259l\u0259rind\u0259n \u015fikay\u0259t\u00e7idirl\u0259r.<\/p>\n\n\n\n<p>M\u00fcdafi\u0259 Nazirliyin\u0259, m\u0259hk\u0259m\u0259l\u0259r\u0259 v\u0259 dig\u0259r m\u00fcvafiq orqanlara d\u0259f\u0259l\u0259rl\u0259 m\u00fcraci\u0259t etm\u0259l\u0259rin\u0259 baxmayaraq, onlar haqlar\u0131n\u0131 b\u0259rpa ed\u0259 bilmirl\u0259r.<\/p>\n\n\n\n<p>Ke\u00e7mi\u015f d\u00f6y\u00fc\u015f\u00e7\u00fcl\u0259rin s\u0259n\u0259d probleml\u0259ri il\u0259 ba\u011fl\u0131 videoreportaj\u0131 t\u0259qdim edirik:<\/p>\n\n\n\n<figure><iframe allowfullscreen=\"\" src=\"https:\/\/yenicag.az\/videos\/veteranliq-statusu-ala-bilmeyen-doyusculerin-etirazi-tanki-mene-dedem-alib-vermemisdi-video\/embed\/\"><\/iframe><\/figure>\n\n\n\n<p><strong>S\u0259xav\u0259t M\u0259mm\u0259d<\/strong><br><strong>Video: \u018fsli \u0130smay\u0131lzad\u0259<\/strong><\/p>\n\n\n\n<p>www.yenicag.az<\/p>\n","protected":false},"excerpt":{"rendered":"<p>Az\u0259rbaycanda saxta Qaraba\u011f m\u00fcharib\u0259si \u0259lill\u0259ri v\u0259 veteranlar\u0131n\u0131n \u00e7oxlu\u011fundan \u015fikay\u0259t edirik. H\u0259tta onlar\u0131n \u00fcz\u0259 \u00e7\u0131xar\u0131lmas\u0131 \u00fc\u00e7\u00fcn&#8230;<\/p>\n","protected":false},"author":3,"featured_media":2886,"comment_status":"closed","ping_status":"closed","sticky":false,"template":"","format":"standard","meta":{"footnotes":""},"categories":[12],"tags":[],"class_list":["post-2885","post","type-post","status-publish","format-standard","has-post-thumbnail","hentry","category-veteran"],"featured_image_urls":{"full":["https:\/\/veteran.az\/wp-content\/uploads\/2019\/12\/78811732_159968012031380_7858318386646745088_n.jpg",1920,1080,false],"thumbnail":["https:\/\/veteran.az\/wp-content\/uploads\/2019\/12\/78811732_159968012031380_7858318386646745088_n-150x150.jpg",150,150,true],"medium":["https:\/\/veteran.az\/wp-content\/uploads\/2019\/12\/78811732_159968012031380_7858318386646745088_n-300x169.jpg",300,169,true],"medium_large":["https:\/\/veteran.az\/wp-content\/uploads\/2019\/12\/78811732_159968012031380_7858318386646745088_n-768x432.jpg",640,360,true],"large":["https:\/\/veteran.az\/wp-content\/uploads\/2019\/12\/78811732_159968012031380_7858318386646745088_n-1024x576.jpg",640,360,true],"1536x1536":["https:\/\/veteran.az\/wp-content\/uploads\/2019\/12\/78811732_159968012031380_7858318386646745088_n.jpg",1536,864,false],"2048x2048":["https:\/\/veteran.az\/wp-content\/uploads\/2019\/12\/78811732_159968012031380_7858318386646745088_n.jpg",1920,1080,false],"covernews-slider-full":["https:\/\/veteran.az\/wp-content\/uploads\/2019\/12\/78811732_159968012031380_7858318386646745088_n-1536x1020.jpg",1077,715,true],"covernews-slider-center":["https:\/\/veteran.az\/wp-content\/uploads\/2019\/12\/78811732_159968012031380_7858318386646745088_n-936x897.jpg",522,500,true],"covernews-featured":["https:\/\/veteran.az\/wp-content\/uploads\/2019\/12\/78811732_159968012031380_7858318386646745088_n-1024x576.jpg",1024,576,true],"covernews-medium":["https:\/\/veteran.az\/wp-content\/uploads\/2019\/12\/78811732_159968012031380_7858318386646745088_n-720x380.jpg",540,285,true],"covernews-medium-square":["https:\/\/veteran.az\/wp-content\/uploads\/2019\/12\/78811732_159968012031380_7858318386646745088_n-675x450.jpg",375,250,true]},"author_info":{"display_name":"Veteran.az","author_link":"https:\/\/veteran.az\/?author=3"},"category_info":"<a href=\"https:\/\/veteran.az\/?cat=12\" rel=\"category\">Veteran d\u00fcnyas\u0131<\/a>","tag_info":"Veteran d\u00fcnyas\u0131","comment_count":"0","_links":{"self":[{"href":"https:\/\/veteran.az\/index.php?rest_route=\/wp\/v2\/posts\/2885","targetHints":{"allow":["GET"]}}],"collection":[{"href":"https:\/\/veteran.az\/index.php?rest_route=\/wp\/v2\/posts"}],"about":[{"href":"https:\/\/veteran.az\/index.php?rest_route=\/wp\/v2\/types\/post"}],"author":[{"embeddable":true,"href":"https:\/\/veteran.az\/index.php?rest_route=\/wp\/v2\/users\/3"}],"replies":[{"embeddable":true,"href":"https:\/\/veteran.az\/index.php?rest_route=%2Fwp%2Fv2%2Fcomments&post=2885"}],"version-history":[{"count":1,"href":"https:\/\/veteran.az\/index.php?rest_route=\/wp\/v2\/posts\/2885\/revisions"}],"predecessor-version":[{"id":2887,"href":"https:\/\/veteran.az\/index.php?rest_route=\/wp\/v2\/posts\/2885\/revisions\/2887"}],"wp:featuredmedia":[{"embeddable":true,"href":"https:\/\/veteran.az\/index.php?rest_route=\/wp\/v2\/media\/2886"}],"wp:attachment":[{"href":"https:\/\/veteran.az\/index.php?rest_route=%2Fwp%2Fv2%2Fmedia&parent=2885"}],"wp:term":[{"taxonomy":"category","embeddable":true,"href":"https:\/\/veteran.az\/index.php?rest_route=%2Fwp%2Fv2%2Fcategories&post=2885"},{"taxonomy":"post_tag","embeddable":true,"href":"https:\/\/veteran.az\/index.php?rest_route=%2Fwp%2Fv2%2Ftags&post=2885"}],"curies":[{"name":"wp","href":"https:\/\/api.w.org\/{rel}","templated":true}]}}