{"id":2741,"date":"2019-12-02T00:08:17","date_gmt":"2019-12-01T20:08:17","guid":{"rendered":"http:\/\/veteran.az\/?p=2741"},"modified":"2019-12-02T00:08:19","modified_gmt":"2019-12-01T20:08:19","slug":"avmvib-x%c9%99z%c9%99r-rayon-sob%c9%99si-t%c9%99dbir-kecirib","status":"publish","type":"post","link":"https:\/\/veteran.az\/?p=2741","title":{"rendered":"AVMV\u0130B X\u0259z\u0259r rayon \u015f\u00f6b\u0259si t\u0259dbir ke\u00e7irib"},"content":{"rendered":"\n<p>Bug\u00fcn AVMV\u0130B X\u0259z\u0259r rayon \u015f\u00f6b\u0259sind\u0259 Az\u0259rbaycan\u0131n Milli Q\u0259hr\u0259man\u0131 Albert Aqarunovun anadan olmas\u0131n\u0131n 50 illiyi m\u00fcnasib\u0259til\u0259 an\u0131m m\u0259rasimi ke\u00e7irildi.<\/p>\n\n\n\n<p>T\u0259dbird\u0259 \u0130sraild\u0259 f\u0259aliyy\u0259t g\u00f6st\u0259r\u0259n diasporumuz &#171;\u015eahda\u011f&#187; t\u0259\u015fkilat\u0131n\u0131n Jurnalistika \u0130nformasiya M\u0259rk\u0259zinin s\u0259dri Namiq Q\u0259ribov, AVMV\u0130B X\u0259z\u0259r rayon \u015f\u00f6b\u0259sinin s\u0259dri Ras\u0259t Ta\u011f\u0131yev, AVMV\u0130B-nin s\u0259drinin sosial m\u0259s\u0259l\u0259l\u0259r \u00fczr\u0259 m\u00fc\u015faviri Orxan Orucov v\u0259 Qaraba\u011f m\u00fcharib\u0259 veteranlar\u0131 i\u015ftirak edirdil\u0259r.<\/p>\n\n\n\n<p>T\u0259dbir Xocal\u0131 soyq\u0131r\u0131m\u0131 qurbanlar\u0131n\u0131n xatir\u0259sinin bir d\u0259qiq\u0259lik s\u00fckutla yad edilm\u0259si il\u0259 ba\u015fland\u0131.<\/p>\n\n\n\n<p>Giri\u015f s\u00f6z\u00fc il\u0259 \u00e7\u0131x\u0131\u015f ed\u0259n Birliyin s\u0259dri Ras\u0259t Ta\u011f\u0131yev amans\u0131zl\u0131\u011f\u0131na, q\u0259ddarl\u0131\u011f\u0131na g\u00f6r\u0259 b\u0259\u015f\u0259r tarixin\u0259 qanl\u0131 iz salm\u0131\u015f, t\u0259kc\u0259 Az\u0259rbaycan xalq\u0131na deyil, b\u00fct\u00fcn insanl\u0131\u011fa qar\u015f\u0131 y\u00f6n\u0259lmi\u015f Xocal\u0131 q\u0259tliam\u0131ndan dan\u0131\u015fd\u0131.Ras\u0259t Ta\u011f\u0131yev qeyd etdi ki,d\u00f6y\u00fc\u015fl\u0259rd\u0259 i\u015ftirak ed\u0259n y\u0259hudi \u0259silli Az\u0259rbaycan\u0131n Milli Q\u0259hr\u0259man\u0131 Albert Aqarunovun h\u0259yat yolu h\u0259r bir g\u0259nc \u00fc\u00e7\u00fcn \u00f6rn\u0259kdir v\u0259 onun xatir\u0259si h\u0259mi\u015f\u0259 Az\u0259rbaycan\u0131 sev\u0259n insanlar\u0131n q\u0259lbind\u0259 ya\u015fayacaq.<\/p>\n\n\n\n<p>T\u0259dbird\u0259 h\u0259m\u00e7inin Az\u0259rbaycan v\u0259 \u0130srail aras\u0131nda dostluq v\u0259 \u0259m\u0259kda\u015fl\u0131q \u0259laq\u0259l\u0259rind\u0259n dan\u0131\u015f\u0131ld\u0131. Bu iki \u00f6lk\u0259 aras\u0131nda qar\u015f\u0131l\u0131ql\u0131-faydal\u0131 m\u00fcnasib\u0259tl\u0259r eyni zamanda d\u00fcnyada v\u0259 regionda s\u00fclh\u00fcn, \u0259min-amanl\u0131\u011f\u0131n m\u00f6hk\u0259ml\u0259nm\u0259sin\u0259 xidm\u0259t edir.H\u0259m\u00e7inin Az\u0259rbaycan v\u0259 \u0130srail etibarl\u0131 h\u0259rbi t\u0259r\u0259fda\u015fl\u0131q m\u00fcnasib\u0259tl\u0259rin\u0259 malikdir. Az\u0259rbaycan\u0131n silah s\u0259nayesinin formala\u015fmas\u0131nda v\u0259 ordumuzun m\u00fcasir silahlarla t\u0259chiz edilm\u0259sind\u0259 \u0130srail \u0259h\u0259miyy\u0259tli m\u00fctt\u0259fiq kimi m\u00fch\u00fcm rol oynay\u0131r.<\/p>\n\n\n\n<p>Sonda AVMV\u0130B-nin X\u0259z\u0259r rayon \u015f\u00f6b\u0259sinin s\u0259dri Ras\u0259t Ta\u011f\u0131yev Qaraba\u011f d\u00f6y\u00fc\u015fl\u0259rind\u0259 i\u015ftirak etmi\u015f m\u00fcharib\u0259 veteranlar\u0131n\u0131 Birliyin t\u0259sis etdiyi Xatir\u0259 medallar\u0131 il\u0259 t\u0259ltif etdi. H\u0259m\u00e7inin &#171;\u015eahda\u011f&#187; Jurnalistika v\u0259 \u0130nformasiya M\u0259rk\u0259zinin s\u0259dri AVMV\u0130B-nin X\u0259z\u0259r rayon \u015f\u00f6b\u0259sinin s\u0259dri Ras\u0259t Ta\u011f\u0131yev\u0259 &#171;\u015eahda\u011f&#187; ni\u015fan\u0131n\u0131 t\u0259qdim etdi.<\/p>\n\n\n\n<p>T\u0259dbird\u0259 bir daha vur\u011fulan\u0131b ki, Az\u0259rbaycan xalq\u0131 v\u0259 d\u00f6vl\u0259ti Xocal\u0131 faci\u0259sini he\u00e7 vaxt unutmur v\u0259 unutmayacaqd\u0131r.<\/p>\n\n\n\n<p>Qeyd ed\u0259k ki, \u201c\u015eah-Da\u011f\u201d t\u0259\u015fkilat\u0131 1997-ci ild\u0259n \u0130sraild\u0259 f\u0259aliyy\u0259t g\u00f6st\u0259rir. T\u0259\u015fkilat\u0131n s\u0259dri Qaraba\u011f m\u00fcharib\u0259sinin veteran\u0131, jurnalist Elxanan Razieldir.<\/p>\n\n\n\n<p>AVMV\u0130B X\u0259z\u0259r rayon \u015f\u00f6b\u0259si<\/p>\n\n\n\n<figure class=\"wp-block-image\"><img loading=\"lazy\" decoding=\"async\" width=\"960\" height=\"720\" src=\"http:\/\/veteran.az\/wp-content\/uploads\/2019\/12\/1q-4.jpg\" alt=\"\" class=\"wp-image-2743\" srcset=\"https:\/\/veteran.az\/wp-content\/uploads\/2019\/12\/1q-4.jpg 960w, https:\/\/veteran.az\/wp-content\/uploads\/2019\/12\/1q-4-300x225.jpg 300w, https:\/\/veteran.az\/wp-content\/uploads\/2019\/12\/1q-4-768x576.jpg 768w\" sizes=\"auto, (max-width: 960px) 100vw, 960px\" \/><\/figure>\n\n\n\n<figure class=\"wp-block-image\"><img loading=\"lazy\" decoding=\"async\" width=\"1024\" height=\"576\" src=\"http:\/\/veteran.az\/wp-content\/uploads\/2019\/12\/1y-1-1024x576.jpg\" alt=\"\" class=\"wp-image-2744\" srcset=\"https:\/\/veteran.az\/wp-content\/uploads\/2019\/12\/1y-1-1024x576.jpg 1024w, https:\/\/veteran.az\/wp-content\/uploads\/2019\/12\/1y-1-300x169.jpg 300w, https:\/\/veteran.az\/wp-content\/uploads\/2019\/12\/1y-1-768x432.jpg 768w, https:\/\/veteran.az\/wp-content\/uploads\/2019\/12\/1y-1.jpg 2048w\" sizes=\"auto, (max-width: 1024px) 100vw, 1024px\" \/><\/figure>\n\n\n\n<figure class=\"wp-block-image\"><img loading=\"lazy\" decoding=\"async\" width=\"1024\" height=\"576\" src=\"http:\/\/veteran.az\/wp-content\/uploads\/2019\/12\/1t-1-1024x576.jpg\" alt=\"\" class=\"wp-image-2745\" srcset=\"https:\/\/veteran.az\/wp-content\/uploads\/2019\/12\/1t-1-1024x576.jpg 1024w, https:\/\/veteran.az\/wp-content\/uploads\/2019\/12\/1t-1-300x169.jpg 300w, https:\/\/veteran.az\/wp-content\/uploads\/2019\/12\/1t-1-768x432.jpg 768w, https:\/\/veteran.az\/wp-content\/uploads\/2019\/12\/1t-1.jpg 2048w\" sizes=\"auto, (max-width: 1024px) 100vw, 1024px\" \/><\/figure>\n\n\n\n<figure class=\"wp-block-image\"><img loading=\"lazy\" decoding=\"async\" width=\"960\" height=\"720\" src=\"http:\/\/veteran.az\/wp-content\/uploads\/2019\/12\/1e.jpg\" alt=\"\" class=\"wp-image-2746\" srcset=\"https:\/\/veteran.az\/wp-content\/uploads\/2019\/12\/1e.jpg 960w, https:\/\/veteran.az\/wp-content\/uploads\/2019\/12\/1e-300x225.jpg 300w, https:\/\/veteran.az\/wp-content\/uploads\/2019\/12\/1e-768x576.jpg 768w\" sizes=\"auto, (max-width: 960px) 100vw, 960px\" \/><\/figure>\n\n\n\n<figure class=\"wp-block-image\"><img loading=\"lazy\" decoding=\"async\" width=\"720\" height=\"960\" src=\"http:\/\/veteran.az\/wp-content\/uploads\/2019\/12\/1r-2.jpg\" alt=\"\" class=\"wp-image-2747\" srcset=\"https:\/\/veteran.az\/wp-content\/uploads\/2019\/12\/1r-2.jpg 720w, https:\/\/veteran.az\/wp-content\/uploads\/2019\/12\/1r-2-225x300.jpg 225w\" sizes=\"auto, (max-width: 720px) 100vw, 720px\" \/><\/figure>\n","protected":false},"excerpt":{"rendered":"<p>Bug\u00fcn AVMV\u0130B X\u0259z\u0259r rayon \u015f\u00f6b\u0259sind\u0259 Az\u0259rbaycan\u0131n Milli Q\u0259hr\u0259man\u0131 Albert Aqarunovun anadan olmas\u0131n\u0131n 50 illiyi m\u00fcnasib\u0259til\u0259&#8230;<\/p>\n","protected":false},"author":3,"featured_media":2742,"comment_status":"open","ping_status":"closed","sticky":false,"template":"","format":"standard","meta":{"footnotes":""},"categories":[12],"tags":[],"class_list":["post-2741","post","type-post","status-publish","format-standard","has-post-thumbnail","hentry","category-veteran"],"featured_image_urls":{"full":["https:\/\/veteran.az\/wp-content\/uploads\/2019\/12\/1w.jpg",2048,1152,false],"thumbnail":["https:\/\/veteran.az\/wp-content\/uploads\/2019\/12\/1w-150x150.jpg",150,150,true],"medium":["https:\/\/veteran.az\/wp-content\/uploads\/2019\/12\/1w-300x169.jpg",300,169,true],"medium_large":["https:\/\/veteran.az\/wp-content\/uploads\/2019\/12\/1w-768x432.jpg",640,360,true],"large":["https:\/\/veteran.az\/wp-content\/uploads\/2019\/12\/1w-1024x576.jpg",640,360,true],"1536x1536":["https:\/\/veteran.az\/wp-content\/uploads\/2019\/12\/1w.jpg",1536,864,false],"2048x2048":["https:\/\/veteran.az\/wp-content\/uploads\/2019\/12\/1w.jpg",2048,1152,false],"covernews-slider-full":["https:\/\/veteran.az\/wp-content\/uploads\/2019\/12\/1w-1536x1020.jpg",1077,715,true],"covernews-slider-center":["https:\/\/veteran.az\/wp-content\/uploads\/2019\/12\/1w-936x897.jpg",522,500,true],"covernews-featured":["https:\/\/veteran.az\/wp-content\/uploads\/2019\/12\/1w-1024x576.jpg",1024,576,true],"covernews-medium":["https:\/\/veteran.az\/wp-content\/uploads\/2019\/12\/1w-720x380.jpg",540,285,true],"covernews-medium-square":["https:\/\/veteran.az\/wp-content\/uploads\/2019\/12\/1w-675x450.jpg",375,250,true]},"author_info":{"display_name":"Veteran.az","author_link":"https:\/\/veteran.az\/?author=3"},"category_info":"<a href=\"https:\/\/veteran.az\/?cat=12\" rel=\"category\">Veteran d\u00fcnyas\u0131<\/a>","tag_info":"Veteran d\u00fcnyas\u0131","comment_count":"0","_links":{"self":[{"href":"https:\/\/veteran.az\/index.php?rest_route=\/wp\/v2\/posts\/2741","targetHints":{"allow":["GET"]}}],"collection":[{"href":"https:\/\/veteran.az\/index.php?rest_route=\/wp\/v2\/posts"}],"about":[{"href":"https:\/\/veteran.az\/index.php?rest_route=\/wp\/v2\/types\/post"}],"author":[{"embeddable":true,"href":"https:\/\/veteran.az\/index.php?rest_route=\/wp\/v2\/users\/3"}],"replies":[{"embeddable":true,"href":"https:\/\/veteran.az\/index.php?rest_route=%2Fwp%2Fv2%2Fcomments&post=2741"}],"version-history":[{"count":1,"href":"https:\/\/veteran.az\/index.php?rest_route=\/wp\/v2\/posts\/2741\/revisions"}],"predecessor-version":[{"id":2748,"href":"https:\/\/veteran.az\/index.php?rest_route=\/wp\/v2\/posts\/2741\/revisions\/2748"}],"wp:featuredmedia":[{"embeddable":true,"href":"https:\/\/veteran.az\/index.php?rest_route=\/wp\/v2\/media\/2742"}],"wp:attachment":[{"href":"https:\/\/veteran.az\/index.php?rest_route=%2Fwp%2Fv2%2Fmedia&parent=2741"}],"wp:term":[{"taxonomy":"category","embeddable":true,"href":"https:\/\/veteran.az\/index.php?rest_route=%2Fwp%2Fv2%2Fcategories&post=2741"},{"taxonomy":"post_tag","embeddable":true,"href":"https:\/\/veteran.az\/index.php?rest_route=%2Fwp%2Fv2%2Ftags&post=2741"}],"curies":[{"name":"wp","href":"https:\/\/api.w.org\/{rel}","templated":true}]}}