{"id":2727,"date":"2019-12-01T01:40:04","date_gmt":"2019-11-30T21:40:04","guid":{"rendered":"http:\/\/veteran.az\/?p=2727"},"modified":"2019-12-01T01:41:45","modified_gmt":"2019-11-30T21:41:45","slug":"bakida-turkiy%c9%99nin-iki-s%c9%99hid-h%c9%99rbcisinin-bustu-hazirlanib","status":"publish","type":"post","link":"https:\/\/veteran.az\/?p=2727","title":{"rendered":"Bak\u0131da T\u00fcrkiy\u0259nin iki \u015f\u0259hid-h\u0259rb\u00e7isinin b\u00fcst\u00fc haz\u0131rlan\u0131b"},"content":{"rendered":"\n<p> Fedai.az-\u0131n m\u0259lumat\u0131na g\u00f6r\u0259, 2016-c\u0131 ild\u0259 T\u00fcrkiy\u0259d\u0259 d\u00f6vl\u0259t \u00e7evrili\u015fin\u0259 c\u0259hdin qar\u015f\u0131s\u0131n\u0131n al\u0131nmas\u0131 zaman\u0131 q\u0259hr\u0259manl\u0131q g\u00f6st\u0259r\u0259n \u00d6m\u0259r Hal\u0131sdemirin v\u0259 T\u00fcrkiy\u0259 Silahl\u0131 Q\u00fcvv\u0259l\u0259rinin Suriyada ke\u00e7irdiyi antiterror \u0259m\u0259liyyat\u0131nda \u015f\u0259hid olan S\u0259fa F\u0131nd\u0131\u011f\u0131n xatir\u0259l\u0259ri \u0259b\u0259dil\u0259\u015fdirilib. M\u00fcbariz \u0130brahimov ad\u0131na r\u0259sm qalereyas\u0131n\u0131n yarad\u0131c\u0131s\u0131 Namiq \u018fliyev, bu add\u0131m\u0131 T\u00fcrkiy\u0259d\u0259 bizim q\u0259hr\u0259man\u0131m\u0131z M\u00fcbariz \u0130brahimova g\u00f6st\u0259ril\u0259n do\u011fma m\u00fcnasib\u0259t\u0259 g\u00f6r\u0259 atd\u0131qlar\u0131n\u0131 deyib.<\/p>\n\n\n\n<p><br>T\u00fcrkiy\u0259nin q\u0259hr\u0259manlar\u0131n\u0131n b\u00fcstl\u0259ri Az\u0259rbaycan\u0131n Milli Q\u0259hr\u0259man\u0131 M\u00fcbariz \u0130brahimov ad\u0131na muzeyd\u0259 qoyulub. <\/p>\n\n\n\n<p><br>Az\u0259rbaycan v\u0259 T\u00fcrkiy\u0259nin d\u00f6vl\u0259t himnl\u0259ri s\u0259sl\u0259ndirilib. \u015e\u0259hidl\u0259rin ruhu ehtiramla an\u0131l\u0131b.<\/p>\n\n\n\n<p><br>T\u0259dbird\u0259 AVMV\u0130B s\u0259dri F\u00fczuli Rzaquliyev, Qazil\u0259r Birliyinin s\u0259dri As\u0259f \u018fliyev, 20 Yanvar c\u0259miyy\u0259tinin s\u0259dri Soltan \u018fzimzad\u0259, h\u0259rb\u00e7i-diktor \u015e\u0259mistan \u018flizamanl\u0131, AVMV\u0130B Z\u0259ngilan rayon \u015f\u00f6b\u0259sinin s\u0259dri Azad Musayev, t\u00fcrkiy\u0259li professor K\u0259mal\u0259ddin Tok v\u0259 ictimaiyy\u0259t n\u00fcmay\u0259nd\u0259l\u0259ri \u015f\u0259hidl\u0259rimizin ke\u00e7diyi \u015f\u0259r\u0259fli d\u00f6y\u00fc\u015f yolundan xatir\u0259l\u0259rini b\u00f6l\u00fc\u015f\u00fcbl\u0259r.<\/p>\n\n\n\n<p>H\u0259rbi-v\u0259t\u0259np\u0259rv\u0259r mahn\u0131lar\u0131n mahir ifa\u00e7\u0131s\u0131 \u015e\u0259mistan \u018flizamanl\u0131 mahn\u0131 s\u0259sl\u0259ndirib.<\/p>\n\n\n\n<p>N. M\u0259mm\u0259dli<\/p>\n\n\n\n<figure class=\"wp-block-image\"><img loading=\"lazy\" decoding=\"async\" width=\"960\" height=\"720\" src=\"http:\/\/veteran.az\/wp-content\/uploads\/2019\/12\/1t.jpg\" alt=\"\" class=\"wp-image-2729\" srcset=\"https:\/\/veteran.az\/wp-content\/uploads\/2019\/12\/1t.jpg 960w, https:\/\/veteran.az\/wp-content\/uploads\/2019\/12\/1t-300x225.jpg 300w, https:\/\/veteran.az\/wp-content\/uploads\/2019\/12\/1t-768x576.jpg 768w\" sizes=\"auto, (max-width: 960px) 100vw, 960px\" \/><\/figure>\n\n\n\n<figure class=\"wp-block-image\"><img loading=\"lazy\" decoding=\"async\" width=\"960\" height=\"720\" src=\"http:\/\/veteran.az\/wp-content\/uploads\/2019\/12\/1r-1.jpg\" alt=\"\" class=\"wp-image-2730\" srcset=\"https:\/\/veteran.az\/wp-content\/uploads\/2019\/12\/1r-1.jpg 960w, https:\/\/veteran.az\/wp-content\/uploads\/2019\/12\/1r-1-300x225.jpg 300w, https:\/\/veteran.az\/wp-content\/uploads\/2019\/12\/1r-1-768x576.jpg 768w\" sizes=\"auto, (max-width: 960px) 100vw, 960px\" \/><figcaption><br><br><\/figcaption><\/figure>\n\n\n\n<figure class=\"wp-block-image\"><img loading=\"lazy\" decoding=\"async\" width=\"720\" height=\"960\" src=\"http:\/\/veteran.az\/wp-content\/uploads\/2019\/12\/1y.jpg\" alt=\"\" class=\"wp-image-2733\" srcset=\"https:\/\/veteran.az\/wp-content\/uploads\/2019\/12\/1y.jpg 720w, https:\/\/veteran.az\/wp-content\/uploads\/2019\/12\/1y-225x300.jpg 225w\" sizes=\"auto, (max-width: 720px) 100vw, 720px\" \/><\/figure>\n","protected":false},"excerpt":{"rendered":"<p>Fedai.az-\u0131n m\u0259lumat\u0131na g\u00f6r\u0259, 2016-c\u0131 ild\u0259 T\u00fcrkiy\u0259d\u0259 d\u00f6vl\u0259t \u00e7evrili\u015fin\u0259 c\u0259hdin qar\u015f\u0131s\u0131n\u0131n al\u0131nmas\u0131 zaman\u0131 q\u0259hr\u0259manl\u0131q g\u00f6st\u0259r\u0259n \u00d6m\u0259r&#8230;<\/p>\n","protected":false},"author":3,"featured_media":2728,"comment_status":"open","ping_status":"open","sticky":false,"template":"","format":"standard","meta":{"footnotes":""},"categories":[12],"tags":[],"class_list":["post-2727","post","type-post","status-publish","format-standard","has-post-thumbnail","hentry","category-veteran"],"featured_image_urls":{"full":["https:\/\/veteran.az\/wp-content\/uploads\/2019\/12\/1c.jpg",1152,532,false],"thumbnail":["https:\/\/veteran.az\/wp-content\/uploads\/2019\/12\/1c-150x150.jpg",150,150,true],"medium":["https:\/\/veteran.az\/wp-content\/uploads\/2019\/12\/1c-300x139.jpg",300,139,true],"medium_large":["https:\/\/veteran.az\/wp-content\/uploads\/2019\/12\/1c-768x355.jpg",640,296,true],"large":["https:\/\/veteran.az\/wp-content\/uploads\/2019\/12\/1c-1024x473.jpg",640,296,true],"1536x1536":["https:\/\/veteran.az\/wp-content\/uploads\/2019\/12\/1c.jpg",1152,532,false],"2048x2048":["https:\/\/veteran.az\/wp-content\/uploads\/2019\/12\/1c.jpg",1152,532,false],"covernews-slider-full":["https:\/\/veteran.az\/wp-content\/uploads\/2019\/12\/1c.jpg",1115,515,false],"covernews-slider-center":["https:\/\/veteran.az\/wp-content\/uploads\/2019\/12\/1c-936x532.jpg",800,455,true],"covernews-featured":["https:\/\/veteran.az\/wp-content\/uploads\/2019\/12\/1c-1024x473.jpg",1024,473,true],"covernews-medium":["https:\/\/veteran.az\/wp-content\/uploads\/2019\/12\/1c-720x380.jpg",540,285,true],"covernews-medium-square":["https:\/\/veteran.az\/wp-content\/uploads\/2019\/12\/1c-675x450.jpg",375,250,true]},"author_info":{"display_name":"Veteran.az","author_link":"https:\/\/veteran.az\/?author=3"},"category_info":"<a href=\"https:\/\/veteran.az\/?cat=12\" rel=\"category\">Veteran d\u00fcnyas\u0131<\/a>","tag_info":"Veteran d\u00fcnyas\u0131","comment_count":"0","_links":{"self":[{"href":"https:\/\/veteran.az\/index.php?rest_route=\/wp\/v2\/posts\/2727","targetHints":{"allow":["GET"]}}],"collection":[{"href":"https:\/\/veteran.az\/index.php?rest_route=\/wp\/v2\/posts"}],"about":[{"href":"https:\/\/veteran.az\/index.php?rest_route=\/wp\/v2\/types\/post"}],"author":[{"embeddable":true,"href":"https:\/\/veteran.az\/index.php?rest_route=\/wp\/v2\/users\/3"}],"replies":[{"embeddable":true,"href":"https:\/\/veteran.az\/index.php?rest_route=%2Fwp%2Fv2%2Fcomments&post=2727"}],"version-history":[{"count":2,"href":"https:\/\/veteran.az\/index.php?rest_route=\/wp\/v2\/posts\/2727\/revisions"}],"predecessor-version":[{"id":2734,"href":"https:\/\/veteran.az\/index.php?rest_route=\/wp\/v2\/posts\/2727\/revisions\/2734"}],"wp:featuredmedia":[{"embeddable":true,"href":"https:\/\/veteran.az\/index.php?rest_route=\/wp\/v2\/media\/2728"}],"wp:attachment":[{"href":"https:\/\/veteran.az\/index.php?rest_route=%2Fwp%2Fv2%2Fmedia&parent=2727"}],"wp:term":[{"taxonomy":"category","embeddable":true,"href":"https:\/\/veteran.az\/index.php?rest_route=%2Fwp%2Fv2%2Fcategories&post=2727"},{"taxonomy":"post_tag","embeddable":true,"href":"https:\/\/veteran.az\/index.php?rest_route=%2Fwp%2Fv2%2Ftags&post=2727"}],"curies":[{"name":"wp","href":"https:\/\/api.w.org\/{rel}","templated":true}]}}