{"id":25103,"date":"2024-09-06T14:55:00","date_gmt":"2024-09-06T10:55:00","guid":{"rendered":"https:\/\/veteran.az\/?p=25103"},"modified":"2026-09-06T14:56:45","modified_gmt":"2026-09-06T10:56:45","slug":"cavansir-feyziyev-svabe-v%c9%99-onun-t%c9%99r%c9%99fdarlari-az%c9%99rbaycana-t%c9%99zyiq-c%c9%99hdl%c9%99ri-il%c9%99-ozl%c9%99rini-ifsa-edir","status":"publish","type":"post","link":"https:\/\/veteran.az\/?p=25103","title":{"rendered":"Cavan\u015fir Feyziyev: \u015evabe v\u0259 onun t\u0259r\u0259fdarlar\u0131 Az\u0259rbaycana t\u0259zyiq c\u0259hdl\u0259ri\u00a0 il\u0259 \u00f6zl\u0259rini if\u015fa edir"},"content":{"rendered":"\n<p class=\"wp-block-paragraph\">06\/09\/2026<\/p>\n\n\n\n<p class=\"wp-block-paragraph\">A\u015ePA-n\u0131n Almaniyadan olan deputat\u0131, sosial-demokratlar qrupunun r\u0259hb\u0259ri Frank \u015evabe Az\u0259rbaycan d\u00f6vl\u0259tin\u0259 qar\u015f\u0131 apard\u0131\u011f\u0131 kampaniya \u00e7\u0259r\u00e7iv\u0259sind\u0259 yaratd\u0131\u011f\u0131 \u201ckoalisiya\u201d vasit\u0259sil\u0259 ir\u0259li s\u00fcrd\u00fcy\u00fc iddialar\u0131 \u201cAmnesty International\u201d v\u0259 \u201cHuman Rights Watch\u201d kimi beyn\u0259lxalq t\u0259\u015fkilatlar\u0131n hesabatlar\u0131 il\u0259 \u0259sasland\u0131rma\u011fa \u00e7al\u0131\u015f\u0131r.<\/p>\n\n\n\n<p class=\"wp-block-paragraph\">Bu fikirl\u0259r Milli M\u0259clisin deputat\u0131 Cavan\u015fir Feyziyevin a\u00e7\u0131qlamas\u0131nda yer al\u0131b.<\/p>\n\n\n\n<p class=\"wp-block-paragraph\">Deputat bildirib ki, s\u00f6z\u00fcged\u0259n t\u0259\u015fkilatlar\u0131n uzun ill\u0259rdir, dem\u0259k olar ki, Az\u0259rbaycan\u0131n m\u00fcst\u0259qilliyinin ilk ill\u0259rind\u0259n ba\u015flayaraq \u00f6lk\u0259miz\u0259 qar\u015f\u0131 qarayaxma kampaniyalar\u0131nda i\u015ftirak etdiyi m\u0259lumdur.<\/p>\n\n\n\n<p class=\"wp-block-paragraph\">Onun s\u00f6zl\u0259rin\u0259 g\u00f6r\u0259, son ill\u0259rd\u0259 v\u0259ziyy\u0259t d\u0259yi\u015fib:<\/p>\n\n\n\n<p class=\"wp-block-paragraph\">\u201cErm\u0259ni i\u015f\u011fal\u0131na son qoyulub v\u0259 bu istiqam\u0259td\u0259 apar\u0131lan 30 illik kampaniyaya s\u0259rf olunan milyonlarla dollar art\u0131q n\u0259tic\u0259siz qal\u0131b. Az\u0259rbaycana qar\u015f\u0131 apar\u0131lan qarayaxma kampaniyas\u0131n\u0131n m\u00f6vzusu da d\u0259yi\u015fib. Uzun ill\u0259r \u201cc\u0259fake\u015f erm\u0259nil\u0259r\u201d \u00fc\u00e7\u00fcn a\u011flayan b\u0259zi t\u0259\u015fkilatlar v\u0259 siyas\u0259t\u00e7il\u0259r indi \u018fli K\u0259rimli \u00fc\u00e7\u00fcn vay-\u015f\u00fcv\u0259n salma\u011fa ba\u015flay\u0131blar\u201d.<br>C.Feyziyev qeyd edib ki, \u0259vv\u0259ll\u0259r Az\u0259rbaycan\u0131n \u0259razisind\u0259 xarici q\u00fcvv\u0259l\u0259rin d\u0259st\u0259yi il\u0259 yarad\u0131lm\u0131\u015f separat\u00e7\u0131 rejimi \u201cblokadada\u201d saxlad\u0131\u011f\u0131na g\u00f6r\u0259 Az\u0259rbaycan\u0131 h\u0259d\u0259f\u0259 alan q\u00fcvv\u0259l\u0259r bu g\u00fcn \u018fli K\u0259rimlinin h\u0259bsind\u0259n v\u0259 onun saxlanma \u015f\u0259raitind\u0259n narahat olduqlar\u0131n\u0131 bildirirl\u0259r:<\/p>\n\n\n\n<p class=\"wp-block-paragraph\">\u201cOnlar bu m\u0259qs\u0259dl\u0259 beyn\u0259lxalq qeyri-h\u00f6kum\u0259t t\u0259\u015fkilatlar\u0131n\u0131 da kampaniyaya c\u0259lb edirl\u0259r. Maraql\u0131 m\u0259qam ondan ibar\u0259tdir ki, Frank \u015evabe v\u0259 onunla \u0259m\u0259kda\u015fl\u0131q ed\u0259n beyn\u0259lxalq t\u0259\u015fkilatlar\u0131n azadl\u0131\u011fa burax\u0131lmas\u0131n\u0131 t\u0259l\u0259b etdikl\u0259ri \u015f\u0259xsl\u0259rin s\u0131ras\u0131nda \u018fli K\u0259rimli t\u0259k deyil. Bu siyah\u0131da Az\u0259rbaycan m\u0259hk\u0259m\u0259l\u0259ri t\u0259r\u0259find\u0259n uzunm\u00fcdd\u0259tli v\u0259 \u00f6m\u00fcrl\u00fck h\u0259bs c\u0259zalar\u0131na m\u0259hkum edilmi\u015f erm\u0259ni cinay\u0259tkarlar\u0131 da yer al\u0131b\u201d.<\/p>\n\n\n\n<p class=\"wp-block-paragraph\">Deputat\u0131n s\u00f6zl\u0259rin\u0259 g\u00f6r\u0259, uzun ill\u0259r \u0259rzind\u0259 insanl\u0131\u011fa qar\u015f\u0131 cinay\u0259tl\u0259r v\u0259 \u00e7oxsayl\u0131 m\u00fcharib\u0259 cinay\u0259tl\u0259ri t\u00f6r\u0259tmi\u015f \u015f\u0259xsl\u0259ri d\u0259st\u0259kl\u0259y\u0259n b\u0259zi avropal\u0131 v\u0259 amerikal\u0131 siyas\u0259t\u00e7il\u0259rin bu g\u00fcn d\u0259 eyni yana\u015fma il\u0259 \u018fli K\u0259rimlinin v\u0259 onun t\u0259r\u0259fdarlar\u0131n\u0131n \u201cm\u00fcdafi\u0259sin\u0259\u201d qalxmas\u0131 m\u00fc\u0259yy\u0259n q\u0259na\u0259tl\u0259r\u0259 \u0259sas verir.<\/p>\n\n\n\n<p class=\"wp-block-paragraph\"><strong>\u201cBel\u0259 g\u00f6r\u00fcn\u00fcr ki, h\u0259m erm\u0259ni i\u015f\u011fal\u00e7\u0131lar\u0131, h\u0259m d\u0259 \u018fli K\u0259rimli v\u0259 onun t\u0259r\u0259fdarlar\u0131 eyni m\u0259rk\u0259zl\u0259rin Az\u0259rbaycana qar\u015f\u0131 t\u0259zyiq vasit\u0259si kimi istifad\u0259 etdiyi al\u0259tl\u0259rdir. Al\u0259tl\u0259rd\u0259n biri i\u015fl\u0259m\u0259y\u0259nd\u0259 dig\u0259ri i\u015f\u0259 sal\u0131n\u0131r. Bu konfiqurasiyada h\u0259r k\u0259s \u00f6z yerini qanuna v\u0259 m\u0259ntiq\u0259 uy\u011fun \u015f\u0259kild\u0259 tapm\u0131\u015f olur.<\/strong><br><strong>Az\u0259rbaycan\u0131n h\u00fcquq-m\u00fchafiz\u0259 orqanlar\u0131 da \u018fli K\u0259rimlinin v\u0259 dig\u0259r \u015f\u0259xsl\u0259rin xarici q\u00fcvv\u0259l\u0259rin t\u0259sir v\u0259 maraqlar\u0131na xidm\u0259t ed\u0259n f\u0259aliyy\u0259tin\u0259 g\u00f6r\u0259 h\u00fcquqi t\u0259dbirl\u0259r h\u0259yata ke\u00e7irib. \u015evabe v\u0259 onunla \u201ckoalisiyaya\u201d daxil olan siyas\u0259t\u00e7il\u0259r v\u0259 t\u0259\u015fkilatlar is\u0259 \u00f6z t\u0259r\u0259fdarlar\u0131n\u0131 d\u00fc\u015fd\u00fckl\u0259ri v\u0259ziyy\u0259td\u0259n \u00e7\u0131xarmaq c\u0259hdl\u0259ri il\u0259 Az\u0259rbaycandak\u0131 t\u0259sir al\u0259tl\u0259rini bir daha n\u00fcmayi\u015f etdirirl\u0259r\u201d,<\/strong>&nbsp;\u2013 dey\u0259 C.Feyziyev vur\u011fulay\u0131b.<\/p>\n\n\n\n<p class=\"wp-block-paragraph\">Deputat \u0259lav\u0259 edib ki, reall\u0131qlar art\u0131q d\u0259yi\u015fib:<br>\u201c\u018fg\u0259r Az\u0259rbaycan d\u00f6vl\u0259tinin v\u0259 d\u00f6vl\u0259t\u00e7iliyinin \u0259n a\u011f\u0131r s\u0131naqlardan ke\u00e7diyi ill\u0259rd\u0259 t\u0259zyiq v\u0259 t\u0259hdid siyas\u0259ti il\u0259 he\u00e7 n\u0259y\u0259 nail ola bilm\u0259dil\u0259rs\u0259, bu g\u00fcn d\u0259 bel\u0259 c\u0259hdl\u0259rin he\u00e7 bir faydas\u0131 ola bilm\u0259z. Az\u0259rbaycan d\u00f6vl\u0259tin\u0259 t\u0259zyiq g\u00f6st\u0259rm\u0259k \u0259v\u0259zin\u0259, onunla \u0259dal\u0259tli, b\u0259rab\u0259rh\u00fcquqlu v\u0259 beyn\u0259lxalq h\u00fcquq normalar\u0131na \u0259saslanan qar\u015f\u0131l\u0131ql\u0131 faydal\u0131 \u0259m\u0259kda\u015fl\u0131q etm\u0259k daha s\u0259m\u0259r\u0259li siyas\u0259t olard\u0131\u201d.<\/p>\n\n\n\n<p class=\"wp-block-paragraph\"><\/p>\n","protected":false},"excerpt":{"rendered":"<p>06\/09\/2026 A\u015ePA-n\u0131n Almaniyadan olan deputat\u0131, sosial-demokratlar qrupunun r\u0259hb\u0259ri Frank \u015evabe Az\u0259rbaycan d\u00f6vl\u0259tin\u0259 qar\u015f\u0131 apard\u0131\u011f\u0131 kampaniya&#8230;<\/p>\n","protected":false},"author":3,"featured_media":24954,"comment_status":"closed","ping_status":"closed","sticky":false,"template":"","format":"standard","meta":{"footnotes":""},"categories":[7],"tags":[],"class_list":["post-25103","post","type-post","status-publish","format-standard","has-post-thumbnail","hentry","category-dunya"],"featured_image_urls":{"full":["https:\/\/veteran.az\/wp-content\/uploads\/2026\/07\/98756789.png",1095,673,false],"thumbnail":["https:\/\/veteran.az\/wp-content\/uploads\/2026\/07\/98756789-150x92.png",150,92,true],"medium":["https:\/\/veteran.az\/wp-content\/uploads\/2026\/07\/98756789-300x184.png",300,184,true],"medium_large":["https:\/\/veteran.az\/wp-content\/uploads\/2026\/07\/98756789-768x472.png",640,393,true],"large":["https:\/\/veteran.az\/wp-content\/uploads\/2026\/07\/98756789-1024x629.png",640,393,true],"1536x1536":["https:\/\/veteran.az\/wp-content\/uploads\/2026\/07\/98756789.png",1095,673,false],"2048x2048":["https:\/\/veteran.az\/wp-content\/uploads\/2026\/07\/98756789.png",1095,673,false],"covernews-slider-full":["https:\/\/veteran.az\/wp-content\/uploads\/2026\/07\/98756789.png",1095,673,false],"covernews-slider-center":["https:\/\/veteran.az\/wp-content\/uploads\/2026\/07\/98756789-800x500.png",800,500,true],"covernews-featured":["https:\/\/veteran.az\/wp-content\/uploads\/2026\/07\/98756789-1024x629.png",1024,629,true],"covernews-medium":["https:\/\/veteran.az\/wp-content\/uploads\/2026\/07\/98756789-540x340.png",540,340,true],"covernews-medium-square":["https:\/\/veteran.az\/wp-content\/uploads\/2026\/07\/98756789-400x250.png",400,250,true]},"author_info":{"display_name":"Veteran.az","author_link":"https:\/\/veteran.az\/?author=3"},"category_info":"<a href=\"https:\/\/veteran.az\/?cat=7\" rel=\"category\">D\u00fcnya<\/a>","tag_info":"D\u00fcnya","comment_count":"0","_links":{"self":[{"href":"https:\/\/veteran.az\/index.php?rest_route=\/wp\/v2\/posts\/25103","targetHints":{"allow":["GET"]}}],"collection":[{"href":"https:\/\/veteran.az\/index.php?rest_route=\/wp\/v2\/posts"}],"about":[{"href":"https:\/\/veteran.az\/index.php?rest_route=\/wp\/v2\/types\/post"}],"author":[{"embeddable":true,"href":"https:\/\/veteran.az\/index.php?rest_route=\/wp\/v2\/users\/3"}],"replies":[{"embeddable":true,"href":"https:\/\/veteran.az\/index.php?rest_route=%2Fwp%2Fv2%2Fcomments&post=25103"}],"version-history":[{"count":1,"href":"https:\/\/veteran.az\/index.php?rest_route=\/wp\/v2\/posts\/25103\/revisions"}],"predecessor-version":[{"id":25104,"href":"https:\/\/veteran.az\/index.php?rest_route=\/wp\/v2\/posts\/25103\/revisions\/25104"}],"wp:featuredmedia":[{"embeddable":true,"href":"https:\/\/veteran.az\/index.php?rest_route=\/wp\/v2\/media\/24954"}],"wp:attachment":[{"href":"https:\/\/veteran.az\/index.php?rest_route=%2Fwp%2Fv2%2Fmedia&parent=25103"}],"wp:term":[{"taxonomy":"category","embeddable":true,"href":"https:\/\/veteran.az\/index.php?rest_route=%2Fwp%2Fv2%2Fcategories&post=25103"},{"taxonomy":"post_tag","embeddable":true,"href":"https:\/\/veteran.az\/index.php?rest_route=%2Fwp%2Fv2%2Ftags&post=25103"}],"curies":[{"name":"wp","href":"https:\/\/api.w.org\/{rel}","templated":true}]}}