{"id":25069,"date":"2024-08-26T18:05:00","date_gmt":"2024-08-26T14:05:00","guid":{"rendered":"https:\/\/veteran.az\/?p=25069"},"modified":"2026-08-26T18:06:59","modified_gmt":"2026-08-26T14:06:59","slug":"lacin-yenid%c9%99n-dogulan-bir-v%c9%99t%c9%99n","status":"publish","type":"post","link":"https:\/\/veteran.az\/?p=25069","title":{"rendered":"La\u00e7\u0131n \u2013 yenid\u0259n do\u011fulan bir V\u0259t\u0259n"},"content":{"rendered":"\n<p class=\"wp-block-paragraph\">26.08.2026<\/p>\n\n\n\n<h2 class=\"wp-block-heading\">Az\u0259rbaycan\u0131n q\u0259dim yurd yerl\u0259rind\u0259n biri La\u00e7\u0131n sad\u0259c\u0259 co\u011frafi \u0259razisin\u0259 g\u00f6r\u0259 deyil, h\u0259m d\u0259 tarixi, t\u0259bii s\u0259rv\u0259tl\u0259ri, m\u0259d\u0259ni irsi v\u0259 milli yadda\u015f\u0131m\u0131zdak\u0131 x\u00fcsusi yeri il\u0259 se\u00e7il\u0259n b\u00f6lg\u0259l\u0259rimizd\u0259ndir. \u018fsas\u0131 \u00f6t\u0259n \u0259srin \u0259vv\u0259ll\u0259rind\u0259 qoyulan<\/h2>\n\n\n\n<p class=\"wp-block-paragraph\">La\u00e7\u0131n 1923-c\u00fc ild\u0259 \u015f\u0259h\u0259r statusu qazan\u0131b, 1930-cu ild\u0259 is\u0259 rayon kimi formala\u015f\u0131b.<\/p>\n\n\n\n<p class=\"wp-block-paragraph\">K\u0259lb\u0259c\u0259r, \u015eu\u015fa, Xocal\u0131, Xocav\u0259nd v\u0259 Qubadl\u0131 il\u0259 qon\u015fu olan, q\u0259rbd\u0259n Erm\u0259nistanla s\u0259rh\u0259dl\u0259n\u0259n bu rayon 1835 kvadratkilometrlik \u0259razisi, z\u0259ngin me\u015f\u0259l\u0259ri, geni\u015f yaylaqlar\u0131 v\u0259 \u0259lveri\u015fli co\u011frafi m\u00f6vqeyi il\u0259 Az\u0259rbaycan\u0131n strateji b\u00f6lg\u0259l\u0259rind\u0259n biridir.<\/p>\n\n\n\n<p class=\"wp-block-paragraph\">Uzun ill\u0259r i\u015f\u011fal alt\u0131nda qalan, sakinl\u0259ri do\u011fma yurd h\u0259sr\u0259ti ya\u015fayan bu q\u0259dim diyar bu g\u00fcn Az\u0259rbaycan\u0131n \u0259n b\u00f6y\u00fck quruculuq v\u0259 inki\u015faf m\u0259kanlar\u0131ndan birin\u0259 \u00e7evrilib. La\u00e7\u0131n\u0131n bug\u00fcnk\u00fc simas\u0131 g\u00f6st\u0259rir ki, g\u00fccl\u00fc d\u00f6vl\u0259t irad\u0259si, m\u0259qs\u0259dy\u00f6nl\u00fc inki\u015faf siyas\u0259ti v\u0259 xalq\u0131n milli birliyi \u0259n a\u011f\u0131r da\u011f\u0131nt\u0131lara m\u0259ruz qalm\u0131\u015f yurd yerl\u0259rimizi t\u0259r\u0259qqi v\u0259 inki\u015faf n\u00fcmun\u0259sin\u0259 \u00e7evir\u0259 bilir.<\/p>\n\n\n\n<p class=\"wp-block-paragraph\">1992-ci il may\u0131n 18-d\u0259 La\u00e7\u0131n i\u015f\u011fal olundu. On minl\u0259rl\u0259 insan do\u011fma ev-e\u015fiyind\u0259n did\u0259rgin sal\u0131nd\u0131, ya\u015fay\u0131\u015f m\u0259nt\u0259q\u0259l\u0259ri da\u011f\u0131d\u0131ld\u0131, tarixi v\u0259 m\u0259d\u0259ni irs m\u0259qs\u0259dli \u015f\u0259kild\u0259 m\u0259hv edildi. Bu i\u015f\u011fal t\u0259kc\u0259 bir rayonun itirilm\u0259si deyil, Az\u0259rbaycan\u0131n \u0259razi b\u00fct\u00f6vl\u00fcy\u00fcn\u0259 v\u0259 milli yadda\u015f\u0131na vurulan a\u011f\u0131r z\u0259rb\u0259 idi.<\/p>\n\n\n\n<p class=\"wp-block-paragraph\">Lakin tarix s\u00fcbut etdi ki, he\u00e7 bir i\u015f\u011fal \u0259b\u0259di olmur. 2020-ci ild\u0259 Az\u0259rbaycan Ordusunun qazand\u0131\u011f\u0131 m\u00f6ht\u0259\u015f\u0259m Z\u0259f\u0259r \u00f6lk\u0259mizin \u0259razi b\u00fct\u00f6vl\u00fcy\u00fcn\u00fc b\u0259rpa etdi. \u00dc\u00e7t\u0259r\u0259fli B\u0259yanata \u0259sas\u0259n La\u00e7\u0131n\u0131n Az\u0259rbaycana qaytar\u0131lmas\u0131, daha sonra \u015f\u0259h\u0259rin, Zabux v\u0259 Sus k\u0259ndl\u0259rinin tam n\u0259zar\u0259t\u0259 g\u00f6t\u00fcr\u00fclm\u0259si xalq\u0131m\u0131z\u0131n \u00e7oxillik h\u0259sr\u0259tin\u0259 son qoydu. Bu, Az\u0259rbaycan\u0131n g\u00fccl\u00fc d\u00f6vl\u0259t\u00e7ilik \u0259n\u0259n\u0259l\u0259rinin, ordumuzun pe\u015f\u0259karl\u0131\u011f\u0131n\u0131n v\u0259 xalq\u0131m\u0131z\u0131n sars\u0131lmaz birliyinin parlaq t\u0259nt\u0259n\u0259si idi.<\/p>\n\n\n\n<p class=\"wp-block-paragraph\">Azadl\u0131qdan sonra qar\u015f\u0131ya qoyulan \u0259sas m\u0259qs\u0259d La\u00e7\u0131n\u0131 \u0259vv\u0259lkind\u0259n daha m\u00fcasir, daha abad v\u0259 daha inki\u015faf etmi\u015f \u015f\u0259h\u0259r\u0259 \u00e7evirm\u0259k idi. Bu g\u00fcn \u015f\u0259h\u0259rd\u0259 h\u0259yata ke\u00e7iril\u0259n geni\u015fmiqyasl\u0131 layih\u0259l\u0259r s\u00fcbut edir ki, m\u0259qs\u0259d sad\u0259c\u0259 da\u011f\u0131d\u0131lm\u0131\u015f infrastrukturu b\u0259rpa etm\u0259k deyil, La\u00e7\u0131n\u0131 XXI \u0259srin \u0259n m\u00fcasir ya\u015fay\u0131\u015f m\u0259kanlar\u0131ndan birin\u0259 \u00e7evirm\u0259kdir.<\/p>\n\n\n\n<p class=\"wp-block-paragraph\">Bu bax\u0131mdan Prezident \u0130lham \u018fliyevin S\u0259r\u0259ncam\u0131 il\u0259 26 avqust tarixinin &#171;La\u00e7\u0131n \u015e\u0259h\u0259ri G\u00fcn\u00fc&#187; elan olunmas\u0131 x\u00fcsusi \u0259h\u0259miyy\u0259t da\u015f\u0131y\u0131r. Bu q\u0259rar La\u00e7\u0131n\u0131n Az\u0259rbaycan\u0131n d\u00f6vl\u0259t\u00e7ilik tarixind\u0259 tutdu\u011fu x\u00fcsusi yerin g\u00f6st\u0259rixisidir. H\u0259r il qeyd olunan La\u00e7\u0131n \u015e\u0259h\u0259ri G\u00fcn\u00fc do\u011fma yurdlar\u0131na qay\u0131dan insanlar\u0131n sevincini, d\u00f6vl\u0259tin g\u00fccl\u00fc siyasi irad\u0259sini v\u0259 Az\u0259rbaycan\u0131n davaml\u0131 inki\u015faf strategiyas\u0131n\u0131 \u0259ks etdir\u0259n \u0259lam\u0259tdar tarix kimi x\u00fcsusi m\u0259na da\u015f\u0131y\u0131r.<\/p>\n\n\n\n<p class=\"wp-block-paragraph\">Bu g\u00fcn La\u00e7\u0131n Az\u0259rbaycan\u0131n &#171;ya\u015f\u0131l enerji&#187; strategiyas\u0131n\u0131n \u0259sas m\u0259rk\u0259zl\u0259rind\u0259n biridir. Rayonun z\u0259ngin su ehtiyatlar\u0131ndan istifad\u0259 edilm\u0259kl\u0259 yarad\u0131lan su elektrik stansiyalar\u0131 b\u00f6lg\u0259nin enerji t\u0259minat\u0131n\u0131 b\u0259rpa olunan m\u0259nb\u0259l\u0259r hesab\u0131na h\u0259yata ke\u00e7irm\u0259y\u0259 imkan verir. Bu, h\u0259m ekoloji dayan\u0131ql\u0131l\u0131\u011f\u0131n, h\u0259m d\u0259 \u00f6lk\u0259nin enerji t\u0259hl\u00fck\u0259sizliyinin g\u00fccl\u0259ndirilm\u0259si istiqam\u0259tind\u0259 at\u0131lan m\u00fch\u00fcm add\u0131md\u0131r.<\/p>\n\n\n\n<p class=\"wp-block-paragraph\">M\u00fcasir \u015f\u0259h\u0259rsalma konsepsiyas\u0131 \u0259sas\u0131nda haz\u0131rlanan Ba\u015f Plan \u00e7\u0259r\u00e7iv\u0259sind\u0259 yeni ya\u015fay\u0131\u015f m\u0259h\u0259ll\u0259l\u0259ri, m\u0259kt\u0259bl\u0259r, x\u0259st\u0259xanalar, m\u0259d\u0259niyy\u0259t m\u00fc\u0259ssis\u0259l\u0259ri, parklar v\u0259 dig\u0259r sosial obyektl\u0259r in\u015fa edilir.<\/p>\n\n\n\n<p class=\"wp-block-paragraph\">N\u0259qliyyat infrastrukturunun inki\u015faf\u0131 da x\u00fcsusi diqq\u0259t m\u0259rk\u0259zind\u0259dir. Yeni avtomobil yollar\u0131, tunell\u0259r v\u0259 k\u00f6rp\u00fcl\u0259rl\u0259 yana\u015f\u0131, La\u00e7\u0131n Beyn\u0259lxalq Hava Liman\u0131n\u0131n istifad\u0259y\u0259 verilm\u0259si \u015f\u0259h\u0259rin iqtisadi v\u0259 turizm potensial\u0131n\u0131 daha da art\u0131r\u0131r. Bu layih\u0259l\u0259r La\u00e7\u0131n\u0131 regionun m\u00fch\u00fcm n\u0259qliyyat qov\u015faqlar\u0131ndan birin\u0259 \u00e7evirm\u0259k m\u0259qs\u0259di da\u015f\u0131y\u0131r.<\/p>\n\n\n\n<p class=\"wp-block-paragraph\">La\u00e7\u0131nda s\u0259naye, k\u0259nd t\u0259s\u0259rr\u00fcfat\u0131 v\u0259 turizm sah\u0259l\u0259rinin inki\u015faf\u0131 \u00fc\u00e7\u00fcn geni\u015f imkanlar yarad\u0131l\u0131r. Yeni s\u0259naye m\u00fc\u0259ssis\u0259l\u0259ri, turizm kompleksl\u0259ri, k\u0259nd t\u0259s\u0259rr\u00fcfat\u0131 layih\u0259l\u0259ri v\u0259 xidm\u0259t sektoru h\u0259m yeni i\u015f yerl\u0259rinin a\u00e7\u0131lmas\u0131na, h\u0259m d\u0259 regionun iqtisadi potensial\u0131n\u0131n g\u00fccl\u0259nm\u0259sin\u0259 xidm\u0259t edir. Rayonun z\u0259ngin t\u0259bii ehtiyatlar\u0131 heyvandarl\u0131q, ar\u0131\u00e7\u0131l\u0131q v\u0259 dig\u0259r k\u0259nd t\u0259s\u0259rr\u00fcfat\u0131 sah\u0259l\u0259rinin inki\u015faf\u0131 \u00fc\u00e7\u00fcn \u0259lveri\u015fli \u015f\u0259rait yarad\u0131r.<\/p>\n\n\n\n<p class=\"wp-block-paragraph\">La\u00e7\u0131n\u0131n dir\u00e7\u0259li\u015fi B\u00f6y\u00fck Qay\u0131d\u0131\u015f proqram\u0131n\u0131n \u0259n u\u011furlu layih\u0259l\u0259rind\u0259n biridir. Uzun ill\u0259r do\u011fma yurd h\u0259sr\u0259ti il\u0259 ya\u015fayan ail\u0259l\u0259rin yenid\u0259n La\u00e7\u0131na qay\u0131tmas\u0131 tarixi \u0259dal\u0259tin b\u0259rpas\u0131n\u0131n \u0259n parlaq n\u00fcmun\u0259sidir. M\u00fcasir ya\u015fay\u0131\u015f evl\u0259ri, sosial infrastruktur, m\u0259kt\u0259bl\u0259r, tibb m\u00fc\u0259ssis\u0259l\u0259ri v\u0259 yeni i\u015f yerl\u0259ri insanlar\u0131n t\u0259hl\u00fck\u0259siz v\u0259 rahat h\u0259yat\u0131n\u0131 t\u0259min edir. Bu, d\u00f6vl\u0259t t\u0259r\u0259find\u0259n ir\u0259li s\u00fcr\u00fcl\u0259n b\u00fct\u00fcn layih\u0259l\u0259rin m\u0259rk\u0259zind\u0259 insan amilinin dayand\u0131\u011f\u0131n\u0131 bir daha n\u00fcmayi\u015f etdirir.<\/p>\n\n\n\n<p class=\"wp-block-paragraph\">Bu g\u00fcn La\u00e7\u0131na baxanda art\u0131q da\u011f\u0131d\u0131lm\u0131\u015f bir \u015f\u0259h\u0259ri deyil, yenid\u0259n do\u011fulan bir v\u0259t\u0259ni g\u00f6r\u00fcr\u00fck. Burada in\u015fa edil\u0259n h\u0259r bina, istifad\u0259y\u0259 veril\u0259n h\u0259r bir m\u00fc\u0259ssis\u0259, \u00e7\u0259kil\u0259n h\u0259r yol v\u0259 do\u011fma oca\u011f\u0131na qay\u0131dan h\u0259r ail\u0259 Az\u0259rbaycan\u0131n Z\u0259f\u0259r tarixinin canl\u0131 \u015fahidl\u0259ridir.<\/p>\n\n\n\n<p class=\"wp-block-paragraph\">La\u00e7\u0131n art\u0131q t\u0259kc\u0259 i\u015f\u011faldan azad olunmu\u015f \u015f\u0259h\u0259r deyil. O m\u00fcasir \u015f\u0259h\u0259rsalman\u0131n \u0259n g\u00f6z\u0259l \u00f6rn\u0259kl\u0259rind\u0259n biri, iqtisadi inki\u015faf\u0131n yeni \u00fcnvan\u0131 v\u0259 B\u00f6y\u00fck Qay\u0131d\u0131\u015f proqram\u0131n\u0131n \u0259n u\u011furlu seqmentl\u0259rind\u0259n biridir. La\u00e7\u0131n\u0131n bug\u00fcnk\u00fc inki\u015faf\u0131 d\u00f6vl\u0259tin uzaqg\u00f6r\u0259n siyas\u0259tinin, xalq\u0131n milli h\u0259mr\u0259yliyinin v\u0259 Az\u0259rbaycan\u0131n g\u0259l\u0259c\u0259y\u0259 inam\u0131n\u0131n \u0259n parlaq t\u0259c\u0259ss\u00fcm\u00fcd\u00fcr.<\/p>\n\n\n\n<figure class=\"wp-block-image\"><img decoding=\"async\" src=\"https:\/\/bizimyol.info\/uploads\/2026\/05\/13\/68w9bjf36n7oc0io06gw.jpg\" alt=\"Cavan\u015fir Feyziyev\"\/><\/figure>\n\n\n\n<p class=\"wp-block-paragraph\"><strong>Cavan\u015fir Feyziyev,&nbsp;<\/strong><em>Milli M\u0259clisin deputat\u0131<\/em><\/p>\n\n\n\n<p class=\"wp-block-paragraph\">26 avqust 2026-c\u0131 il<\/p>\n\n\n\n<p class=\"wp-block-paragraph\"><\/p>\n","protected":false},"excerpt":{"rendered":"<p>26.08.2026 Az\u0259rbaycan\u0131n q\u0259dim yurd yerl\u0259rind\u0259n biri La\u00e7\u0131n sad\u0259c\u0259 co\u011frafi \u0259razisin\u0259 g\u00f6r\u0259 deyil, h\u0259m d\u0259 tarixi,&#8230;<\/p>\n","protected":false},"author":4,"featured_media":24954,"comment_status":"closed","ping_status":"closed","sticky":false,"template":"","format":"standard","meta":{"footnotes":""},"categories":[6],"tags":[],"class_list":["post-25069","post","type-post","status-publish","format-standard","has-post-thumbnail","hentry","category-cmiyyt"],"featured_image_urls":{"full":["https:\/\/veteran.az\/wp-content\/uploads\/2026\/07\/98756789.png",1095,673,false],"thumbnail":["https:\/\/veteran.az\/wp-content\/uploads\/2026\/07\/98756789-150x92.png",150,92,true],"medium":["https:\/\/veteran.az\/wp-content\/uploads\/2026\/07\/98756789-300x184.png",300,184,true],"medium_large":["https:\/\/veteran.az\/wp-content\/uploads\/2026\/07\/98756789-768x472.png",640,393,true],"large":["https:\/\/veteran.az\/wp-content\/uploads\/2026\/07\/98756789-1024x629.png",640,393,true],"1536x1536":["https:\/\/veteran.az\/wp-content\/uploads\/2026\/07\/98756789.png",1095,673,false],"2048x2048":["https:\/\/veteran.az\/wp-content\/uploads\/2026\/07\/98756789.png",1095,673,false],"covernews-slider-full":["https:\/\/veteran.az\/wp-content\/uploads\/2026\/07\/98756789.png",1095,673,false],"covernews-slider-center":["https:\/\/veteran.az\/wp-content\/uploads\/2026\/07\/98756789-800x500.png",800,500,true],"covernews-featured":["https:\/\/veteran.az\/wp-content\/uploads\/2026\/07\/98756789-1024x629.png",1024,629,true],"covernews-medium":["https:\/\/veteran.az\/wp-content\/uploads\/2026\/07\/98756789-540x340.png",540,340,true],"covernews-medium-square":["https:\/\/veteran.az\/wp-content\/uploads\/2026\/07\/98756789-400x250.png",400,250,true]},"author_info":{"display_name":"Admin","author_link":"https:\/\/veteran.az\/?author=4"},"category_info":"<a href=\"https:\/\/veteran.az\/?cat=6\" rel=\"category\">C\u0259miyy\u0259t<\/a>","tag_info":"C\u0259miyy\u0259t","comment_count":"0","_links":{"self":[{"href":"https:\/\/veteran.az\/index.php?rest_route=\/wp\/v2\/posts\/25069","targetHints":{"allow":["GET"]}}],"collection":[{"href":"https:\/\/veteran.az\/index.php?rest_route=\/wp\/v2\/posts"}],"about":[{"href":"https:\/\/veteran.az\/index.php?rest_route=\/wp\/v2\/types\/post"}],"author":[{"embeddable":true,"href":"https:\/\/veteran.az\/index.php?rest_route=\/wp\/v2\/users\/4"}],"replies":[{"embeddable":true,"href":"https:\/\/veteran.az\/index.php?rest_route=%2Fwp%2Fv2%2Fcomments&post=25069"}],"version-history":[{"count":2,"href":"https:\/\/veteran.az\/index.php?rest_route=\/wp\/v2\/posts\/25069\/revisions"}],"predecessor-version":[{"id":25071,"href":"https:\/\/veteran.az\/index.php?rest_route=\/wp\/v2\/posts\/25069\/revisions\/25071"}],"wp:featuredmedia":[{"embeddable":true,"href":"https:\/\/veteran.az\/index.php?rest_route=\/wp\/v2\/media\/24954"}],"wp:attachment":[{"href":"https:\/\/veteran.az\/index.php?rest_route=%2Fwp%2Fv2%2Fmedia&parent=25069"}],"wp:term":[{"taxonomy":"category","embeddable":true,"href":"https:\/\/veteran.az\/index.php?rest_route=%2Fwp%2Fv2%2Fcategories&post=25069"},{"taxonomy":"post_tag","embeddable":true,"href":"https:\/\/veteran.az\/index.php?rest_route=%2Fwp%2Fv2%2Ftags&post=25069"}],"curies":[{"name":"wp","href":"https:\/\/api.w.org\/{rel}","templated":true}]}}