{"id":25053,"date":"2024-08-23T23:16:00","date_gmt":"2024-08-23T19:16:00","guid":{"rendered":"https:\/\/veteran.az\/?p=25053"},"modified":"2026-08-23T23:18:28","modified_gmt":"2026-08-23T19:18:28","slug":"az%c9%99rbaycan-ozb%c9%99kistan-mutt%c9%99fiqliyi-turk-birliyini-gucl%c9%99ndir%c9%99n-%c9%99sas-amill%c9%99rd%c9%99ndir","status":"publish","type":"post","link":"https:\/\/veteran.az\/?p=25053","title":{"rendered":"Az\u0259rbaycan-\u00d6zb\u0259kistan m\u00fctt\u0259fiqliyi t\u00fcrk birliyini g\u00fccl\u0259ndir\u0259n \u0259sas amill\u0259rd\u0259ndir"},"content":{"rendered":"\n<h2 class=\"wp-block-heading\">Az\u0259rbaycan Respublikas\u0131n\u0131n Prezidenti \u0130lham \u018fliyevin \u00d6zb\u0259kistan\u0131n Milli \u0130nformasiya Agentliyin\u0259 (UzA) verdiyi geni\u015f m\u00fcsahib\u0259 iki qarda\u015f \u00f6lk\u0259 aras\u0131nda m\u00fcnasib\u0259tl\u0259rin bug\u00fcnk\u00fc s\u0259viyy\u0259sini v\u0259 g\u0259l\u0259c\u0259k inki\u015faf istiqam\u0259tl\u0259rini \u0259hat\u0259 ed\u0259n m\u00fch\u00fcm siyasi mesajlarla yadda qald\u0131. \u0259n m\u00fch\u00fcm siyasi mesaj\u0131n mahiyy\u0259ti is\u0259 ondan ibar\u0259tdir ki, Az\u0259rbaycan-\u00d6zb\u0259kistan \u0259laq\u0259l\u0259ri art\u0131q strateji t\u0259r\u0259fda\u015fl\u0131q m\u0259rh\u0259l\u0259sini gerid\u0259 qoyaraq m\u00fctt\u0259fiqlik s\u0259viyy\u0259sin\u0259 y\u00fcks\u0259lib. Prezidentin bu m\u00fclahiz\u0259si t\u0259kc\u0259 ikit\u0259r\u0259fli m\u00fcnasib\u0259tl\u0259rin deyil, h\u0259m d\u0259 T\u00fcrk d\u00fcnyas\u0131nda formala\u015fan yeni \u0259m\u0259kda\u015fl\u0131q modelinin siyasi konturlar\u0131n\u0131 ortaya qoyur.<\/h2>\n\n\n\n<p class=\"wp-block-paragraph\">Az\u0259rbaycan v\u0259 \u00d6zb\u0259kistan aras\u0131ndak\u0131 m\u00fcnasib\u0259tl\u0259rin t\u0259m\u0259lind\u0259 ortaq tarix, dil, m\u0259d\u0259niyy\u0259t v\u0259 m\u0259n\u0259vi d\u0259y\u0259rl\u0259r dayan\u0131r. M\u0259hz bu ortaq k\u00f6kl\u0259r son ill\u0259rd\u0259 d\u00f6vl\u0259tl\u0259raras\u0131 \u0259laq\u0259l\u0259rin s\u00fcr\u0259tl\u0259 inki\u015faf etm\u0259sin\u0259, xalqlar aras\u0131nda etimad\u0131n daha da m\u00f6hk\u0259ml\u0259nm\u0259sin\u0259 \u015f\u0259rait yarad\u0131b.<\/p>\n\n\n\n<p class=\"wp-block-paragraph\">Bu g\u00fcn iki \u00f6lk\u0259 aras\u0131ndak\u0131 qarda\u015fl\u0131q m\u00fcnasib\u0259tl\u0259ri region \u00fc\u00e7\u00fcn sabitlik v\u0259 \u0259m\u0259kda\u015fl\u0131q n\u00fcmun\u0259sin\u0259 \u00e7evrilib.<\/p>\n\n\n\n<p class=\"wp-block-paragraph\">Prezident \u0130lham \u018fliyevl\u0259 Prezident \u015eavkat Mirziyoyev aras\u0131nda qar\u015f\u0131l\u0131ql\u0131 etimad v\u0259 dostluq \u0259laq\u0259l\u0259ri d\u0259 d\u00f6vl\u0259tl\u0259r aras\u0131 m\u00fcnasib\u0259tl\u0259rin indiki y\u00fcks\u0259k s\u0259viyy\u0259y\u0259 \u00e7atmas\u0131nda m\u00fch\u00fcm rol oynay\u0131b. Bu \u015f\u0259xsi m\u00fcnasib\u0259tl\u0259r xalqlar\u0131m\u0131z aras\u0131nda qarda\u015fl\u0131q m\u00fcnasib\u0259tl\u0259rinin r\u0259mzi olaraq iki \u00f6lk\u0259nin g\u0259l\u0259c\u0259k inteqrasiya perspektivl\u0259rini ortaya qoyur.<\/p>\n\n\n\n<p class=\"wp-block-paragraph\">Son ill\u0259rd\u0259 qar\u015f\u0131l\u0131ql\u0131 d\u00f6vl\u0259t s\u0259f\u0259rl\u0259rinin intensivl\u0259\u015fm\u0259si m\u00fcnasib\u0259tl\u0259r\u0259 yeni dinamika qazand\u0131r\u0131b. 2024 v\u0259 2025-ci ill\u0259rd\u0259 h\u0259yata ke\u00e7iril\u0259n d\u00f6vl\u0259t s\u0259f\u0259rl\u0259ri zaman\u0131 imzalanm\u0131\u015f \u201cStrateji t\u0259r\u0259fda\u015fl\u0131\u011f\u0131n d\u0259rinl\u0259\u015fdirilm\u0259si haqq\u0131nda B\u0259yannam\u0259\u201d v\u0259 \u201cM\u00fctt\u0259fiqlik m\u00fcnasib\u0259tl\u0259ri haqq\u0131nda M\u00fcqavil\u0259\u201d iki \u00f6lk\u0259 aras\u0131nda \u0259m\u0259kda\u015fl\u0131\u011f\u0131n h\u00fcquqi bazas\u0131n\u0131 daha da g\u00fccl\u0259ndirib. Bu s\u0259n\u0259dl\u0259r m\u00fcnasib\u0259tl\u0259rin uzunm\u00fcdd\u0259tli inki\u015faf\u0131na xidm\u0259t edir.<\/p>\n\n\n\n<p class=\"wp-block-paragraph\">Prezident \u0130lham \u018fliyev m\u00fcsahib\u0259sind\u0259 Ali D\u00f6vl\u0259tl\u0259raras\u0131 \u015euran\u0131n f\u0259aliyy\u0259tini y\u00fcks\u0259k qiym\u0259tl\u0259ndirib. Onun s\u00f6zl\u0259rin\u0259 g\u00f6r\u0259, bu mexanizm siyasi, iqtisadi v\u0259 humanitar \u0259m\u0259kda\u015fl\u0131\u011f\u0131n koordinasiyas\u0131nda m\u00fch\u00fcm rol oynay\u0131r. Bak\u0131da v\u0259 Da\u015fk\u0259ndd\u0259 ke\u00e7iril\u0259n iclaslar g\u0259l\u0259c\u0259k \u0259m\u0259kda\u015fl\u0131\u011f\u0131n prioritetl\u0259rini m\u00fc\u0259yy\u0259nl\u0259\u015fdir\u0259n vacib platformaya \u00e7evrilib.<\/p>\n\n\n\n<p class=\"wp-block-paragraph\">\u00d6zb\u0259kistanla iqtisadi \u0259m\u0259kda\u015fl\u0131q m\u00fcsahib\u0259nin \u0259sas istiqam\u0259tl\u0259rind\u0259n biridir. D\u00f6vl\u0259t ba\u015f\u00e7\u0131s\u0131 qeyd edir ki, ticar\u0259t d\u00f6vriyy\u0259sinin s\u00fcr\u0259tl\u0259 artmas\u0131 qar\u015f\u0131l\u0131ql\u0131 iqtisadi m\u00fcnasib\u0259tl\u0259rin real n\u0259tic\u0259sidir. \u0130nvestisiya layih\u0259l\u0259rinin geni\u015fl\u0259nm\u0259si is\u0259 h\u0259r iki \u00f6lk\u0259nin iqtisadi potensial\u0131n\u0131 birl\u0259\u015fdir\u0259n yeni imkanlar yarad\u0131r.<\/p>\n\n\n\n<p class=\"wp-block-paragraph\">SOCAR v\u0259 \u00d6zb\u0259kistan\u0131n enerji \u015firk\u0259tl\u0259ri aras\u0131nda yarad\u0131lm\u0131\u015f birg\u0259 m\u00fc\u0259ssis\u0259l\u0259r neft-qaz s\u0259nayesind\u0259 m\u00fch\u00fcm layih\u0259l\u0259r h\u0259yata ke\u00e7irir. Bununla yana\u015f\u0131, ya\u015f\u0131l enerji sah\u0259sind\u0259 \u0259m\u0259kda\u015fl\u0131q Az\u0259rbaycan v\u0259 \u00d6zb\u0259kistan\u0131 regionun ya\u015f\u0131l enerjiy\u0259 ke\u00e7id syas\u0259tind\u0259 strateji t\u0259r\u0259fda\u015flara \u00e7evirir.<\/p>\n\n\n\n<p class=\"wp-block-paragraph\">Prezident \u0130lham \u018fliyev n\u0259qliyyat v\u0259 logistika sah\u0259sini d\u0259 x\u00fcsusi perspektivli istiqam\u0259t kimi qiym\u0259tl\u0259ndirib. Az\u0259rbaycan\u0131n Orta D\u0259hlizd\u0259 oynad\u0131\u011f\u0131 rol il\u0259 \u00d6zb\u0259kistan\u0131n M\u0259rk\u0259zi Asiyadak\u0131 m\u00f6vqeyi bir-birini tamamlay\u0131r. Bu \u0259m\u0259kda\u015fl\u0131q \u015e\u0259rql\u0259 Q\u0259rbi birl\u0259\u015fdir\u0259n yeni tranzit imkanlar\u0131n\u0131n yaranmas\u0131na xidm\u0259t edir.<\/p>\n\n\n\n<p class=\"wp-block-paragraph\">\u0130\u015f\u011faldan azad edilmi\u015f \u0259razil\u0259rd\u0259 h\u0259yata ke\u00e7iril\u0259n birg\u0259 layih\u0259l\u0259r xalqlar\u0131m\u0131z aras\u0131nda qarda\u015fl\u0131\u011f\u0131n praktik n\u00fcmun\u0259sidir. F\u00fczulid\u0259 sal\u0131nan \u201cDostluq ba\u011f\u0131\u201d v\u0259 Mirz\u0259 Uluqb\u0259y ad\u0131na m\u0259kt\u0259bin tikintisi, el\u0259c\u0259 d\u0259 dig\u0259r layih\u0259l\u0259r \u00d6zb\u0259kistan\u0131n Qaraba\u011f\u0131n b\u0259rpas\u0131na verdiyi b\u00f6y\u00fck d\u0259st\u0259yin g\u00f6st\u0259ricisidir. Bu t\u0259\u015f\u0259bb\u00fcsl\u0259r iki xalq\u0131n h\u0259mr\u0259yliyini daha da g\u00fccl\u0259ndirir.<\/p>\n\n\n\n<p class=\"wp-block-paragraph\">M\u0259d\u0259ni-humanitar \u0259laq\u0259l\u0259r \u00f6lk\u0259 ba\u015f\u00e7\u0131m\u0131z\u0131n m\u00fcsahib\u0259sind\u0259 geni\u015f yer tutur. Humanitar \u0259m\u0259kda\u015fl\u0131q xalqlar\u0131 bir-birin\u0259 daha da yax\u0131nla\u015fd\u0131ran m\u00fch\u00fcm k\u00f6rp\u00fcd\u00fcr. Qar\u015f\u0131l\u0131ql\u0131 m\u0259d\u0259niyy\u0259t g\u00fcnl\u0259ri, \u201c\u015eu\u015fa G\u00fcnl\u0259ri\u201d, elmi konfranslar v\u0259 Bak\u0131n\u0131n m\u0259rk\u0259zind\u0259 \u201c\u00d6zb\u0259kistan\u201d park\u0131n\u0131n yarad\u0131lmas\u0131 kimi layih\u0259l\u0259r ortaq m\u0259d\u0259ni irsin qorunmas\u0131na xidm\u0259t edir.<\/p>\n\n\n\n<p class=\"wp-block-paragraph\">Media v\u0259 QHT sah\u0259sind\u0259ki \u0259m\u0259kda\u015fl\u0131q da diqq\u0259t\u00e7\u0259k\u0259n istiqam\u0259tl\u0259rd\u0259ndir. Prezident \u0130lham \u018fliyev m\u00fcsahib\u0259sind\u0259 qeyd edib ki, media forumlar\u0131 v\u0259 QHT forumlar\u0131 ictimai diplomatiyan\u0131n inki\u015faf\u0131na t\u00f6hf\u0259 verir. \u0130lk d\u0259f\u0259 elan olunan birg\u0259 qrant m\u00fcsabiq\u0259si v\u0259t\u0259nda\u015f c\u0259miyy\u0259tl\u0259ri aras\u0131nda \u0259m\u0259kda\u015fl\u0131q \u00fc\u00e7\u00fcn yeni imkanlar a\u00e7\u0131r.<\/p>\n\n\n\n<p class=\"wp-block-paragraph\">M\u00fcsahib\u0259d\u0259 T\u00fcrk D\u00f6vl\u0259tl\u0259ri T\u0259\u015fkilat\u0131n\u0131n rolu da x\u00fcsusi vur\u011fulan\u0131b. D\u00f6vl\u0259t ba\u015f\u00e7\u0131s\u0131 bildirib ki, Az\u0259rbaycan v\u0259 \u00d6zb\u0259kistan bu t\u0259\u015fkilat\u0131 T\u00fcrk d\u00fcnyas\u0131n\u0131n siyasi, iqtisadi v\u0259 m\u0259d\u0259ni inteqrasiyas\u0131n\u0131n \u0259sas platformas\u0131 hesab edir. Prezident bu yana\u015fman\u0131n T\u00fcrk d\u00f6vl\u0259tl\u0259ri aras\u0131nda birliyin daha da m\u00f6hk\u0259ml\u0259nm\u0259sin\u0259 xidm\u0259t etdiyini vur\u011fulay\u0131b.<\/p>\n\n\n\n<p class=\"wp-block-paragraph\">Prezidentin UzA-ya verdiyi m\u00fcsahib\u0259 Az\u0259rbaycan-\u00d6zb\u0259kistan m\u00fcnasib\u0259tl\u0259rinin art\u0131q regional \u0259m\u0259kda\u015fl\u0131q \u00e7\u0259r\u00e7iv\u0259sini a\u015faraq geni\u015f geosiyasi \u0259h\u0259miyy\u0259t da\u015f\u0131yan m\u00fctt\u0259fiqlik modelin\u0259 \u00e7evrildiyini g\u00f6st\u0259rir. Qar\u015f\u0131l\u0131ql\u0131 h\u00f6rm\u0259t, etimad v\u0259 ortaq maraqlara \u0259saslanan bu \u0259m\u0259kda\u015fl\u0131q, h\u0259m iki \u00f6lk\u0259nin milli maraqlar\u0131na, h\u0259m d\u0259 T\u00fcrk d\u00fcnyas\u0131n\u0131n g\u0259l\u0259c\u0259k inteqrasiyas\u0131na m\u00fch\u00fcm t\u00f6hf\u0259l\u0259r verir.<\/p>\n\n\n\n<p class=\"wp-block-paragraph\">Cavan\u015fir Feyziyev,<\/p>\n\n\n\n<p class=\"wp-block-paragraph\">Milli M\u0259clisin deputat\u0131.<\/p>\n\n\n\n<p class=\"wp-block-paragraph\">22 avqust 2026-c\u0131 il<\/p>\n\n\n\n<p class=\"wp-block-paragraph\"><\/p>\n","protected":false},"excerpt":{"rendered":"<p>Az\u0259rbaycan Respublikas\u0131n\u0131n Prezidenti \u0130lham \u018fliyevin \u00d6zb\u0259kistan\u0131n Milli \u0130nformasiya Agentliyin\u0259 (UzA) verdiyi geni\u015f m\u00fcsahib\u0259 iki qarda\u015f&#8230;<\/p>\n","protected":false},"author":3,"featured_media":24954,"comment_status":"closed","ping_status":"closed","sticky":false,"template":"","format":"standard","meta":{"footnotes":""},"categories":[6],"tags":[],"class_list":["post-25053","post","type-post","status-publish","format-standard","has-post-thumbnail","hentry","category-cmiyyt"],"featured_image_urls":{"full":["https:\/\/veteran.az\/wp-content\/uploads\/2026\/07\/98756789.png",1095,673,false],"thumbnail":["https:\/\/veteran.az\/wp-content\/uploads\/2026\/07\/98756789-150x92.png",150,92,true],"medium":["https:\/\/veteran.az\/wp-content\/uploads\/2026\/07\/98756789-300x184.png",300,184,true],"medium_large":["https:\/\/veteran.az\/wp-content\/uploads\/2026\/07\/98756789-768x472.png",640,393,true],"large":["https:\/\/veteran.az\/wp-content\/uploads\/2026\/07\/98756789-1024x629.png",640,393,true],"1536x1536":["https:\/\/veteran.az\/wp-content\/uploads\/2026\/07\/98756789.png",1095,673,false],"2048x2048":["https:\/\/veteran.az\/wp-content\/uploads\/2026\/07\/98756789.png",1095,673,false],"covernews-slider-full":["https:\/\/veteran.az\/wp-content\/uploads\/2026\/07\/98756789.png",1095,673,false],"covernews-slider-center":["https:\/\/veteran.az\/wp-content\/uploads\/2026\/07\/98756789-800x500.png",800,500,true],"covernews-featured":["https:\/\/veteran.az\/wp-content\/uploads\/2026\/07\/98756789-1024x629.png",1024,629,true],"covernews-medium":["https:\/\/veteran.az\/wp-content\/uploads\/2026\/07\/98756789-540x340.png",540,340,true],"covernews-medium-square":["https:\/\/veteran.az\/wp-content\/uploads\/2026\/07\/98756789-400x250.png",400,250,true]},"author_info":{"display_name":"Veteran.az","author_link":"https:\/\/veteran.az\/?author=3"},"category_info":"<a href=\"https:\/\/veteran.az\/?cat=6\" rel=\"category\">C\u0259miyy\u0259t<\/a>","tag_info":"C\u0259miyy\u0259t","comment_count":"0","_links":{"self":[{"href":"https:\/\/veteran.az\/index.php?rest_route=\/wp\/v2\/posts\/25053","targetHints":{"allow":["GET"]}}],"collection":[{"href":"https:\/\/veteran.az\/index.php?rest_route=\/wp\/v2\/posts"}],"about":[{"href":"https:\/\/veteran.az\/index.php?rest_route=\/wp\/v2\/types\/post"}],"author":[{"embeddable":true,"href":"https:\/\/veteran.az\/index.php?rest_route=\/wp\/v2\/users\/3"}],"replies":[{"embeddable":true,"href":"https:\/\/veteran.az\/index.php?rest_route=%2Fwp%2Fv2%2Fcomments&post=25053"}],"version-history":[{"count":1,"href":"https:\/\/veteran.az\/index.php?rest_route=\/wp\/v2\/posts\/25053\/revisions"}],"predecessor-version":[{"id":25054,"href":"https:\/\/veteran.az\/index.php?rest_route=\/wp\/v2\/posts\/25053\/revisions\/25054"}],"wp:featuredmedia":[{"embeddable":true,"href":"https:\/\/veteran.az\/index.php?rest_route=\/wp\/v2\/media\/24954"}],"wp:attachment":[{"href":"https:\/\/veteran.az\/index.php?rest_route=%2Fwp%2Fv2%2Fmedia&parent=25053"}],"wp:term":[{"taxonomy":"category","embeddable":true,"href":"https:\/\/veteran.az\/index.php?rest_route=%2Fwp%2Fv2%2Fcategories&post=25053"},{"taxonomy":"post_tag","embeddable":true,"href":"https:\/\/veteran.az\/index.php?rest_route=%2Fwp%2Fv2%2Ftags&post=25053"}],"curies":[{"name":"wp","href":"https:\/\/api.w.org\/{rel}","templated":true}]}}