{"id":2475,"date":"2019-11-13T22:50:09","date_gmt":"2019-11-13T18:50:09","guid":{"rendered":"http:\/\/veteran.az\/?p=2475"},"modified":"2019-11-13T22:50:12","modified_gmt":"2019-11-13T18:50:12","slug":"birinci-vitse-prezident-daha-bir-s%c9%99hid-ail%c9%99sin%c9%99-ikinci-h%c9%99yat-b%c9%99xs-etdi-minn%c9%99tdarliq-video","status":"publish","type":"post","link":"https:\/\/veteran.az\/?p=2475","title":{"rendered":"Birinci Vitse-Prezident daha bir \u015f\u0259hid ail\u0259sin\u0259 ikinci h\u0259yat b\u0259x\u015f etdi &#8212; M\u0130NN\u018fTDARLIQ (V\u0130DEO)"},"content":{"rendered":"\n<p> X\u0259b\u0259r verdiyimiz kimi sayt\u0131m\u0131z\u0131n 07.11.2019 tarixind\u0259 \u201c\u201cXalqbank\u201d \u015f\u0259hid ail\u0259sinin m\u0259nzilini \u0259lind\u0259n al\u0131b\u201d ba\u015fl\u0131ql\u0131 yaz\u0131dan sonra, (h\u0259min yaz\u0131n\u0131 bu linkd\u0259n oxuya bil\u0259rsiniz (<strong><a href=\"https:\/\/www.moderator.az\/news\/296557.html\">https:\/\/www.moderator.az\/news\/296557.html<\/a><\/strong>) \u015f\u0259hid ail\u0259sinin problemi Birinci vitse-prezident Mehriban xan\u0131m \u018fliyeva t\u0259r\u0259find\u0259n h\u0259ll edilib v\u0259 ev \u015f\u0259hid ail\u0259sin\u0259 qaytar\u0131l\u0131b.\u00a0<\/p>\n\n\n\n<p><br>Ming\u0259\u00e7evir \u015f\u0259h\u0259r sakini, Qaraba\u011f d\u00f6y\u00fc\u015fl\u0259rind\u0259 \u015f\u0259hid olan \u015eaban C\u0259f\u0259rovun q\u0131z\u0131 N\u0259rmin\u0259 C\u0259f\u0259rova\u00a0<strong>Moderator.az<\/strong>-a a\u00e7\u0131qlamas\u0131nda onlara g\u00f6st\u0259ril\u0259n k\u00f6m\u0259y\u0259 g\u00f6r\u0259 h\u0259r k\u0259s\u0259 t\u0259\u015f\u0259kk\u00fcr edib:<\/p>\n\n\n\n<p><br>\u201cSizl\u0259r\u0259 \u00e7ox minn\u0259tdaram. D\u00fcn\u0259n Bak\u0131ya g\u0259ldim, s\u0259n\u0259dl\u0259\u015fm\u0259 i\u015fl\u0259ri apar\u0131ld\u0131 v\u0259 bu g\u00fcn problem bank t\u0259r\u0259find\u0259n h\u0259ll olundu. \u0130ndi bankdayam v\u0259 b\u00fct\u00fcn s\u0259n\u0259d i\u015fl\u0259ri h\u0259ll edildi v\u0259 t\u0259mizlik ka\u011f\u0131z\u0131n\u0131 is\u0259 \u00fc\u00e7 g\u00fcn sonra g\u00f6t\u00fcr\u0259c\u0259m. Bu m\u0259s\u0259l\u0259 Mehriban xan\u0131m \u018fliyevan\u0131n g\u00f6st\u0259ri\u015fi il\u0259 h\u0259ll edildi. Jurnalist S\u0259xav\u0259t M\u0259mm\u0259d Moderator.az-la \u0259laq\u0259 saxlayaraq bizim \u0259laq\u0259 telefonlar\u0131m\u0131z\u0131 al\u0131b v\u0259 bu haqda Mehriban xan\u0131m m\u0259lumatland\u0131r\u0131ld\u0131qdan sonra d\u0259rhal problemin h\u0259lli il\u0259 ba\u011fl\u0131 g\u00f6st\u0259ri\u015f verib\u201d.<\/p>\n\n\n\n<p><br>N.C\u0259f\u0259rova anas\u0131n\u0131n ikinci d\u0259f\u0259 Mehriban xan\u0131m \u018fliyevan\u0131n k\u00f6m\u0259kliyi il\u0259 \u0259m\u0259liyyat olundu\u011funu bildirib:<\/p>\n\n\n\n<figure class=\"wp-block-embed-youtube wp-block-embed is-type-video is-provider-youtube wp-embed-aspect-16-9 wp-has-aspect-ratio\"><div class=\"wp-block-embed__wrapper\">\n<iframe loading=\"lazy\" title=\"\u015e\u0259hid q\u0131z\u0131 Birinci vitse-prezident\u0259 t\u0259\u015f\u0259kk\u00fcr etdi\" width=\"640\" height=\"360\" src=\"https:\/\/www.youtube.com\/embed\/q7K-eNdtocw?feature=oembed\" frameborder=\"0\" allow=\"accelerometer; autoplay; clipboard-write; encrypted-media; gyroscope; picture-in-picture; web-share\" referrerpolicy=\"strict-origin-when-cross-origin\" allowfullscreen><\/iframe>\n<\/div><\/figure>\n\n\n\n<p><br>\u201cAtam Qaraba\u011f d\u00f6y\u00fc\u015fl\u0259rind\u0259 \u015f\u0259hid olub. Onda m\u0259n bir ya\u015f s\u0259kkiz ayl\u0131q u\u015faq olmu\u015fam v\u0259 biz qarda\u015f\u0131mla birlikd\u0259 anam\u0131n himay\u0259sind\u0259 b\u00f6y\u00fcm\u00fc\u015f\u00fck. Anam x\u0259st\u0259dir, onu bir m\u00fcdd\u0259t \u00f6nc\u0259 Mehriban xan\u0131m \u018fliyeva \u0259m\u0259liyyat etdirib. \u0130lk \u0259m\u0259liyyat\u0131 2014-c\u00fc ild\u0259 \u00f6z\u00fcm \u201cXalqBank\u201ddan pul g\u00f6t\u00fcr\u00fcb el\u0259tdirmi\u015fdim. Ondan sonra v\u0259ziyy\u0259ti daha da pisl\u0259\u015fdi v\u0259 bu il sentyabr\u0131n 10-da Mehriban xan\u0131m\u0131n k\u00f6m\u0259kliyil\u0259 ikinci d\u0259f\u0259 \u0259m\u0259liyyat olundu\u201d. <\/p>\n","protected":false},"excerpt":{"rendered":"<p>X\u0259b\u0259r verdiyimiz kimi sayt\u0131m\u0131z\u0131n 07.11.2019 tarixind\u0259 \u201c\u201cXalqbank\u201d \u015f\u0259hid ail\u0259sinin m\u0259nzilini \u0259lind\u0259n al\u0131b\u201d ba\u015fl\u0131ql\u0131 yaz\u0131dan sonra,&#8230;<\/p>\n","protected":false},"author":3,"featured_media":2360,"comment_status":"open","ping_status":"closed","sticky":false,"template":"","format":"standard","meta":{"footnotes":""},"categories":[10],"tags":[],"class_list":["post-2475","post","type-post","status-publish","format-standard","has-post-thumbnail","hentry","category-avmvib"],"featured_image_urls":{"full":["https:\/\/veteran.az\/wp-content\/uploads\/2019\/11\/1w-3.jpg",800,450,false],"thumbnail":["https:\/\/veteran.az\/wp-content\/uploads\/2019\/11\/1w-3-150x150.jpg",150,150,true],"medium":["https:\/\/veteran.az\/wp-content\/uploads\/2019\/11\/1w-3-300x169.jpg",300,169,true],"medium_large":["https:\/\/veteran.az\/wp-content\/uploads\/2019\/11\/1w-3-768x432.jpg",640,360,true],"large":["https:\/\/veteran.az\/wp-content\/uploads\/2019\/11\/1w-3.jpg",640,360,false],"1536x1536":["https:\/\/veteran.az\/wp-content\/uploads\/2019\/11\/1w-3.jpg",800,450,false],"2048x2048":["https:\/\/veteran.az\/wp-content\/uploads\/2019\/11\/1w-3.jpg",800,450,false],"covernews-slider-full":["https:\/\/veteran.az\/wp-content\/uploads\/2019\/11\/1w-3.jpg",800,450,false],"covernews-slider-center":["https:\/\/veteran.az\/wp-content\/uploads\/2019\/11\/1w-3.jpg",800,450,false],"covernews-featured":["https:\/\/veteran.az\/wp-content\/uploads\/2019\/11\/1w-3.jpg",800,450,false],"covernews-medium":["https:\/\/veteran.az\/wp-content\/uploads\/2019\/11\/1w-3-720x380.jpg",540,285,true],"covernews-medium-square":["https:\/\/veteran.az\/wp-content\/uploads\/2019\/11\/1w-3-675x450.jpg",375,250,true]},"author_info":{"display_name":"Veteran.az","author_link":"https:\/\/veteran.az\/?author=3"},"category_info":"<a href=\"https:\/\/veteran.az\/?cat=10\" rel=\"category\">AVMV\u0130B<\/a>","tag_info":"AVMV\u0130B","comment_count":"0","_links":{"self":[{"href":"https:\/\/veteran.az\/index.php?rest_route=\/wp\/v2\/posts\/2475","targetHints":{"allow":["GET"]}}],"collection":[{"href":"https:\/\/veteran.az\/index.php?rest_route=\/wp\/v2\/posts"}],"about":[{"href":"https:\/\/veteran.az\/index.php?rest_route=\/wp\/v2\/types\/post"}],"author":[{"embeddable":true,"href":"https:\/\/veteran.az\/index.php?rest_route=\/wp\/v2\/users\/3"}],"replies":[{"embeddable":true,"href":"https:\/\/veteran.az\/index.php?rest_route=%2Fwp%2Fv2%2Fcomments&post=2475"}],"version-history":[{"count":1,"href":"https:\/\/veteran.az\/index.php?rest_route=\/wp\/v2\/posts\/2475\/revisions"}],"predecessor-version":[{"id":2476,"href":"https:\/\/veteran.az\/index.php?rest_route=\/wp\/v2\/posts\/2475\/revisions\/2476"}],"wp:featuredmedia":[{"embeddable":true,"href":"https:\/\/veteran.az\/index.php?rest_route=\/wp\/v2\/media\/2360"}],"wp:attachment":[{"href":"https:\/\/veteran.az\/index.php?rest_route=%2Fwp%2Fv2%2Fmedia&parent=2475"}],"wp:term":[{"taxonomy":"category","embeddable":true,"href":"https:\/\/veteran.az\/index.php?rest_route=%2Fwp%2Fv2%2Fcategories&post=2475"},{"taxonomy":"post_tag","embeddable":true,"href":"https:\/\/veteran.az\/index.php?rest_route=%2Fwp%2Fv2%2Ftags&post=2475"}],"curies":[{"name":"wp","href":"https:\/\/api.w.org\/{rel}","templated":true}]}}