{"id":24491,"date":"2025-11-09T00:04:00","date_gmt":"2025-11-08T20:04:00","guid":{"rendered":"https:\/\/veteran.az\/?p=24491"},"modified":"2025-11-08T18:24:17","modified_gmt":"2025-11-08T14:24:17","slug":"silahdan-q%c9%99l%c9%99m%c9%99-uzanan-omur-xaqani-ed%c9%99boglunun-%c9%99ziz-xatir%c9%99sin%c9%99","status":"publish","type":"post","link":"https:\/\/veteran.az\/?p=24491","title":{"rendered":"Silahdan q\u0259l\u0259m\u0259 uzanan \u00f6m\u00fcr &#8212; Xaqani \u018fd\u0259bo\u011flunun \u0259ziz xatir\u0259sin\u0259"},"content":{"rendered":"\n<p>8 noyabr \u2013 xalq\u0131m\u0131z\u0131n yadda\u015f\u0131nda iki m\u00fcq\u0259dd\u0259s anlam birl\u0259\u015fir: D\u00fcn\u0259n Z\u0259f\u0259r G\u00fcn\u00fc v\u0259 bu g\u00fcn, 9 Noyabr &#8212; Az\u0259rbaycan\u0131n ilk d\u00f6y\u00fc\u015f\u00e7\u00fc-jurnalisti, tarix\u00e7i-t\u00fcrkoloq, V\u0259t\u0259n M\u00fcharib\u0259si veteran\u0131 v\u0259 qazisi, m\u0259rhum Xaqani Rzaquliyevin (Xaqani \u018fd\u0259bo\u011flu) m\u00f6vludu g\u00fcn\u00fc. Sanki tale \u00f6z\u00fc onun do\u011fum tarixini se\u00e7\u0259rk\u0259n bu g\u00fcn\u00fc \u2013 q\u0259l\u0259b\u0259 v\u0259 q\u00fcrur g\u00fcn\u00fcn\u00fc \u2013 m\u00fc\u0259yy\u0259n etmi\u015fdi. \u00c7\u00fcnki Xaqani m\u00fc\u0259llim h\u0259yat\u0131n\u0131 V\u0259t\u0259n\u0259 h\u0259sr etmi\u015f, onu h\u0259m silah\u0131, h\u0259m d\u0259 q\u0259l\u0259mi il\u0259 qorumu\u015f, m\u00fcbariz\u0259sini son n\u0259f\u0259sin\u0259 q\u0259d\u0259r davam etdirmi\u015fdi.<\/p>\n\n\n\n<p>O, sevdiyi Az\u0259rbaycan\u0131n haqq m\u00fcbariz\u0259sind\u0259 \u0259vv\u0259l d\u00f6y\u00fc\u015f meydan\u0131nda, sonra is\u0259 informasiya c\u0259bh\u0259sind\u0259 sava\u015fm\u0131\u015fd\u0131. Qan\u0131yla yazd\u0131\u011f\u0131 dastan\u0131 sonradan q\u0259l\u0259mi il\u0259 davam etdirdi. M\u0259hz buna g\u00f6r\u0259 d\u0259, Xaqani m\u00fc\u0259llim bu g\u00fcn h\u0259m d\u0259 m\u0259n\u0259vi-ideoloji \u015f\u0259hidlik zirv\u0259sin\u0259 y\u00fcks\u0259lmi\u015f V\u0259t\u0259n o\u011fludur.<\/p>\n\n\n\n<p><strong>Onlarla jurnalist yeti\u015fdir\u0259n \u0259dib<\/strong><\/p>\n\n\n\n<p>Az\u0259rbaycan m\u0259tbuat\u0131n\u0131n tarixind\u0259 H\u0259s\u0259n b\u0259y Z\u0259rdabi, \u00dczeyir b\u0259y Hac\u0131b\u0259yov, C\u0259lil M\u0259mm\u0259dquluzad\u0259, \u018fli b\u0259y H\u00fcseynzad\u0259, N\u0259riman N\u0259rimanov, M\u0259h\u0259mm\u0259d a\u011fa \u015eahtaxtl\u0131 kimi n\u0259h\u0259ngl\u0259rin imzalar\u0131 xalq d\u00fc\u015f\u00fcnc\u0259sinin mayaklar\u0131 olub. Xaqani \u018fd\u0259bo\u011flu da bu silsil\u0259nin davam\u00e7\u0131s\u0131 olan \u0259dibl\u0259rimizd\u0259n idi. O, \u00dcmummilli Lider Heyd\u0259r \u018fliyevin az\u0259rbaycan\u00e7\u0131l\u0131q ideyas\u0131n\u0131 t\u00fcrk\u00e7\u00fcl\u00fck v\u0259 turan\u00e7\u0131l\u0131qla kontekstind\u0259, milli ideologiyam\u0131z\u0131n yeni m\u0259rh\u0259l\u0259sini formala\u015fd\u0131rm\u0131\u015fd\u0131.<\/p>\n\n\n\n<p>Onun yaratd\u0131\u011f\u0131 \u201c\u018fd\u0259bo\u011flu m\u0259kt\u0259bi\u201d milli \u00f6z\u00fcn\u00fcd\u0259rkin, m\u0259n\u0259vi b\u00fct\u00f6vl\u00fcy\u00fcn, d\u00f6vl\u0259t\u00e7ilik t\u0259f\u0259kk\u00fcr\u00fcn\u00fcn m\u0259rk\u0259zin\u0259 \u00e7evrildi. \u018fd\u0259bo\u011fluna g\u00f6r\u0259, Az\u0259rbaycan\u00e7\u0131l\u0131q ideyas\u0131 yaln\u0131z milli \u015f\u00fcur deyil, h\u0259m d\u0259 d\u00f6vl\u0259tin ideoloji daya\u011f\u0131d\u0131r. O &#171;Unudulmu\u015f Turan\u0131n \u00e7\u00f6l \u00e7i\u00e7\u0259kl\u0259ri&#187; \u0259s\u0259rind\u0259 yaz\u0131rd\u0131: <em>\u201cTarix kims\u0259y\u0259 \u2018\u0259lvida\u2019 dem\u0259z, h\u0259r zaman \u2018g\u00f6r\u00fc\u015f\u0259n\u0259d\u0259k\u2019 dey\u0259r.\u201d<\/em> Bu k\u0259lam h\u0259m onun h\u0259yat f\u0259ls\u0259f\u0259sini, h\u0259m d\u0259 milli varl\u0131\u011f\u0131m\u0131za bax\u0131\u015f\u0131n\u0131 \u0259ks etdirir.<\/p>\n\n\n\n<figure class=\"wp-block-image size-large\"><img decoding=\"async\" src=\"https:\/\/veteran.az\/wp-content\/uploads\/2024\/11\/2024-11-08_194524.jpg\" alt=\"\"\/><\/figure>\n\n\n\n<p><strong>Silah v\u0259 q\u0259l\u0259m \u2014 V\u0259t\u0259n sevgisinin iki simvolu<\/strong><\/p>\n\n\n\n<p>Xaqani \u018fd\u0259bo\u011flu t\u0259kc\u0259 jurnalist yox, h\u0259m d\u0259 v\u0259t\u0259np\u0259rv\u0259r m\u00fc\u0259llim, d\u00f6y\u00fc\u015f\u00e7\u00fc v\u0259 ziyal\u0131 idi. G\u0259nc ya\u015flar\u0131nda m\u0259kt\u0259b direktoru v\u0259zif\u0259sin\u0259 q\u0259d\u0259r y\u00fcks\u0259lmi\u015f, pedaqoji f\u0259aliyy\u0259ti il\u0259 y\u00fczl\u0259rl\u0259 g\u0259ncin h\u0259yat\u0131na v\u0259 d\u00fc\u015f\u00fcnc\u0259sin\u0259 i\u015f\u0131q salm\u0131\u015fd\u0131. Erm\u0259nistan\u0131n i\u015f\u011fal\u00e7\u0131l\u0131q siyas\u0259tin\u0259 qar\u015f\u0131 d\u00f6y\u00fc\u015fl\u0259r ba\u015flayanda is\u0259 o, q\u0259l\u0259mini k\u0259nara qoyaraq silah\u0131 \u0259lin\u0259 ald\u0131, Qaraba\u011f u\u011frunda sava\u015f meydan\u0131na yolland\u0131, a\u011f\u0131r yaralansa da m\u00fcbariz\u0259d\u0259n d\u00f6nm\u0259di.<\/p>\n\n\n\n<p>\u018fli silah tuta bilm\u0259diyi vaxtlarda o, q\u0131l\u0131nc\u0131n\u0131 q\u0259l\u0259ml\u0259 \u0259v\u0259z etdi. Onun d\u00f6y\u00fc\u015f ruhu, milli irad\u0259si v\u0259 intellekti Az\u0259rbaycan jurnalistikas\u0131na \u201ch\u0259rbi publisistika\u201d anlay\u0131\u015f\u0131n\u0131 g\u0259tirdi. Bu m\u0259nada Xaqani \u018fd\u0259bo\u011flu Az\u0259rbaycan h\u0259rbi jurnalistikas\u0131n\u0131n banil\u0259rind\u0259n biri say\u0131l\u0131r.<\/p>\n\n\n\n<p><strong>\u0130nformasiya c\u0259bh\u0259sind\u0259 d\u0259 d\u00f6y\u00fc\u015f\u00e7\u00fc idi<\/strong><\/p>\n\n\n\n<p>44 g\u00fcnl\u00fck V\u0259t\u0259n M\u00fcharib\u0259si d\u00f6vr\u00fcnd\u0259 o, Az\u0259rbaycan h\u0259qiq\u0259tl\u0259rini d\u00fcnya ictimaiyy\u0259tin\u0259 \u00e7atd\u0131rmaq \u00fc\u00e7\u00fcn gec\u0259-g\u00fcnd\u00fcz \u00e7al\u0131\u015fd\u0131. T\u00fcrk, rus v\u0259 Az\u0259rbaycan dill\u0259rind\u0259 yay\u0131mlad\u0131\u011f\u0131 yaz\u0131lar, s\u0259n\u0259dl\u0259rl\u0259 s\u00fcbut etdiyi faktlar d\u00fc\u015fm\u0259nin t\u0259bli\u011fat\u0131n\u0131 darmada\u011f\u0131n edirdi. Onun m\u0259qal\u0259l\u0259ri xarici m\u0259tbuatda geni\u015f yay\u0131l\u0131r, minl\u0259rl\u0259 oxucu t\u0259r\u0259find\u0259n payla\u015f\u0131l\u0131rd\u0131. Bu, bir ziyal\u0131n\u0131n, bir d\u00f6y\u00fc\u015f\u00e7\u00fcn\u00fcn informasiya meydan\u0131nda qazand\u0131\u011f\u0131 Z\u0259f\u0259r idi.<\/p>\n\n\n\n<figure class=\"wp-block-image size-large\"><img decoding=\"async\" src=\"https:\/\/iili.io\/2IAbEOP.jpg\" alt=\"\"\/><\/figure>\n\n\n\n<p>Lakin bu f\u0259aliyy\u0259t d\u00fc\u015fm\u0259nl\u0259rin d\u0259 h\u0259d\u0259fin\u0259 \u00e7evrildi. Onun sosial \u015f\u0259b\u0259k\u0259 hesablar\u0131 d\u0259f\u0259l\u0259rl\u0259 ba\u011fland\u0131, AVMV\u0130B-in saytlar\u0131na kiberh\u00fccumlar edildi. Amma d\u00fc\u015fm\u0259nl\u0259r onun q\u0259l\u0259mini s\u0131nd\u0131ra bilm\u0259di. \u018fd\u0259bo\u011flunun ba\u015flad\u0131\u011f\u0131 informasiya sava\u015f\u0131 onun ideyalar\u0131na sadiq AVMV\u0130B r\u0259hb\u0259rliyi t\u0259r\u0259find\u0259n davam etdirildi.<\/p>\n\n\n\n<p>Bu g\u00fcn biz onu q\u00fcrurla, h\u0259sr\u0259tl\u0259 v\u0259 ehtiramla xat\u0131rlay\u0131r\u0131q. Onun ruhu Az\u0259rbaycan s\u0259mas\u0131n\u0131n mavi i\u015f\u0131\u011f\u0131nda, Qaraba\u011f\u0131n azad torpaqlar\u0131nda, h\u0259r bir q\u0259hr\u0259man d\u00f6y\u00fc\u015f\u00e7\u00fcn\u00fcn g\u00f6zl\u0259rind\u0259 ya\u015fay\u0131r. \u018fziz m\u00fc\u0259llimim, B\u00f6y\u00fck Ustad Xaqani \u018fd\u0259bo\u011flu, Sizin ruhunuz ulular\u0131m\u0131z\u0131n yan\u0131ndad\u0131r. Bu g\u00fcn minl\u0259rl\u0259 V\u0259t\u0259n m\u00fcharib\u0259si f\u0259daisi sizi an\u0131r, ad\u0131n\u0131z\u0131 ehtiramla yad edir.<\/p>\n\n\n\n<p>M\u00f6vludunuz m\u00fcbar\u0259k, Ustad!<\/p>\n\n\n\n<p><strong>Nurlan M\u0259mm\u0259dli<\/strong><\/p>\n\n\n\n<figure class=\"wp-block-image size-large\"><img decoding=\"async\" src=\"https:\/\/fedai.az\/wp-content\/uploads\/2024\/11\/2024-11-08_194556.jpg\" alt=\"\"\/><\/figure>\n","protected":false},"excerpt":{"rendered":"<p>8 noyabr \u2013 xalq\u0131m\u0131z\u0131n yadda\u015f\u0131nda iki m\u00fcq\u0259dd\u0259s anlam birl\u0259\u015fir: D\u00fcn\u0259n Z\u0259f\u0259r G\u00fcn\u00fc v\u0259 bu g\u00fcn,&#8230;<\/p>\n","protected":false},"author":3,"featured_media":19706,"comment_status":"closed","ping_status":"closed","sticky":false,"template":"","format":"standard","meta":{"footnotes":""},"categories":[12],"tags":[],"class_list":["post-24491","post","type-post","status-publish","format-standard","has-post-thumbnail","hentry","category-veteran"],"featured_image_urls":{"full":["https:\/\/veteran.az\/wp-content\/uploads\/2022\/11\/Xaqani-Rzaquliyev.jpg",757,439,false],"thumbnail":["https:\/\/veteran.az\/wp-content\/uploads\/2022\/11\/Xaqani-Rzaquliyev-150x150.jpg",150,150,true],"medium":["https:\/\/veteran.az\/wp-content\/uploads\/2022\/11\/Xaqani-Rzaquliyev-300x174.jpg",300,174,true],"medium_large":["https:\/\/veteran.az\/wp-content\/uploads\/2022\/11\/Xaqani-Rzaquliyev.jpg",640,371,false],"large":["https:\/\/veteran.az\/wp-content\/uploads\/2022\/11\/Xaqani-Rzaquliyev.jpg",640,371,false],"1536x1536":["https:\/\/veteran.az\/wp-content\/uploads\/2022\/11\/Xaqani-Rzaquliyev.jpg",757,439,false],"2048x2048":["https:\/\/veteran.az\/wp-content\/uploads\/2022\/11\/Xaqani-Rzaquliyev.jpg",757,439,false],"covernews-slider-full":["https:\/\/veteran.az\/wp-content\/uploads\/2022\/11\/Xaqani-Rzaquliyev.jpg",757,439,false],"covernews-slider-center":["https:\/\/veteran.az\/wp-content\/uploads\/2022\/11\/Xaqani-Rzaquliyev.jpg",757,439,false],"covernews-featured":["https:\/\/veteran.az\/wp-content\/uploads\/2022\/11\/Xaqani-Rzaquliyev.jpg",757,439,false],"covernews-medium":["https:\/\/veteran.az\/wp-content\/uploads\/2022\/11\/Xaqani-Rzaquliyev-720x380.jpg",540,285,true],"covernews-medium-square":["https:\/\/veteran.az\/wp-content\/uploads\/2022\/11\/Xaqani-Rzaquliyev-675x439.jpg",384,250,true]},"author_info":{"display_name":"Veteran.az","author_link":"https:\/\/veteran.az\/?author=3"},"category_info":"<a href=\"https:\/\/veteran.az\/?cat=12\" rel=\"category\">Veteran d\u00fcnyas\u0131<\/a>","tag_info":"Veteran d\u00fcnyas\u0131","comment_count":"0","_links":{"self":[{"href":"https:\/\/veteran.az\/index.php?rest_route=\/wp\/v2\/posts\/24491","targetHints":{"allow":["GET"]}}],"collection":[{"href":"https:\/\/veteran.az\/index.php?rest_route=\/wp\/v2\/posts"}],"about":[{"href":"https:\/\/veteran.az\/index.php?rest_route=\/wp\/v2\/types\/post"}],"author":[{"embeddable":true,"href":"https:\/\/veteran.az\/index.php?rest_route=\/wp\/v2\/users\/3"}],"replies":[{"embeddable":true,"href":"https:\/\/veteran.az\/index.php?rest_route=%2Fwp%2Fv2%2Fcomments&post=24491"}],"version-history":[{"count":1,"href":"https:\/\/veteran.az\/index.php?rest_route=\/wp\/v2\/posts\/24491\/revisions"}],"predecessor-version":[{"id":24492,"href":"https:\/\/veteran.az\/index.php?rest_route=\/wp\/v2\/posts\/24491\/revisions\/24492"}],"wp:featuredmedia":[{"embeddable":true,"href":"https:\/\/veteran.az\/index.php?rest_route=\/wp\/v2\/media\/19706"}],"wp:attachment":[{"href":"https:\/\/veteran.az\/index.php?rest_route=%2Fwp%2Fv2%2Fmedia&parent=24491"}],"wp:term":[{"taxonomy":"category","embeddable":true,"href":"https:\/\/veteran.az\/index.php?rest_route=%2Fwp%2Fv2%2Fcategories&post=24491"},{"taxonomy":"post_tag","embeddable":true,"href":"https:\/\/veteran.az\/index.php?rest_route=%2Fwp%2Fv2%2Ftags&post=24491"}],"curies":[{"name":"wp","href":"https:\/\/api.w.org\/{rel}","templated":true}]}}